{"id":22797,"date":"2021-05-11T07:41:02","date_gmt":"2021-05-11T07:41:02","guid":{"rendered":"http:\/\/ipsnews.net\/svenska\/?p=22797"},"modified":"2021-05-11T07:48:21","modified_gmt":"2021-05-11T07:48:21","slug":"stormakternas-ratt-att-valja-generalsekreterare-kritiseras","status":"publish","type":"post","link":"http:\/\/ipsnews.net\/svenska\/2021\/05\/11\/stormakternas-ratt-att-valja-generalsekreterare-kritiseras\/","title":{"rendered":"Stormakternas inflytande \u00f6ver valet av generalsekreterare kritiseras"},"content":{"rendered":"<p><strong>New York, 210511 (IPS)\u00a0<\/strong><strong>\u2013 Allt talar f\u00f6r att Ant\u00f3nio Guterres kommer att \u00e5terv\u00e4ljas f\u00f6r en andra period som FN:s generalsekreterare \u2013 om han inte hinner hamna i on\u00e5d hos n\u00e5gon av s\u00e4kerhetsr\u00e5dets fem permanenta medlemmar. F\u00f6r det \u00e4r stormakterna som i praktiken avg\u00f6r fr\u00e5gan \u2013 vilket m\u00f6ter kritik.<\/strong><\/p>\n<p><!--more--><\/p>\n<p>Det avg\u00f6rande beslutet om en generalsekreterare ska v\u00e4ljas, eller v\u00e4ljas om, vilar hos s\u00e4kerhetsr\u00e5dets fem permanenta medlemmar: USA, Storbritannien, Frankrike, Kina och Ryssland.<\/p>\n<p>Alla \u00f6vriga, inklusive generalf\u00f6rsamlingen och det civila samh\u00e4llets organisationer, f\u00f6rblir sidoakt\u00f6rer i de f\u00f6rhandlingar som nu har inletts om valet av chef f\u00f6r v\u00e4rldsorganisationen, vars h\u00f6gkvarter har f\u00f6rblivit \u00f6dsligt i \u00f6ver ett \u00e5rs tid p\u00e5 grund av pandemin. Det finns dock inget exakt datum f\u00f6r n\u00e4r processen ska vara klar.<\/p>\n<p>De 193 l\u00e4nderna i generalf\u00f6rsamlingen, FN:s h\u00f6gsta beslutande organ, har i denna fr\u00e5ga ingen annan roll \u00e4n att f\u00f6lja s\u00e4kerhetsr\u00e5dets rekommendationer. F\u00f6r \u00e4ven om generalf\u00f6rsamlingen har makten att avvisa den kandidat som rekommenderas har detta hittills aldrig skett, under 76 \u00e5rs tid.<\/p>\n<p>Men det finns de som \u00e4r kritiska mot processen. En av dem \u00e4r Mavic Cabrera-Balleza vid organisationen Global Network of Women Peacebuilders, en allians f\u00f6r \u00f6ver hundra organisationer i drygt 40 l\u00e4nder. Hon anser att det FN-systemet m\u00e5ste reformeras, bland annat f\u00f6r att p\u00e5verka maktf\u00f6rdelningen n\u00e4r det g\u00e4ller valet av generalsekreterare.<\/p>\n<p>\u2013 Vi lever i det 21:a \u00e5rhundradet och kolonialismen borde vara \u00f6ver. Om jag var medlem av generalf\u00f6rsamlingen \u2013 FN:s st\u00f6rsta organ som \u00e4r stolt \u00f6ver sin princip om att varja land ska ha en r\u00f6st var \u2013 s\u00e5 skulle jag k\u00e4nna mig f\u00f6rol\u00e4mpad, s\u00e4ger hon.<\/p>\n<p>Redan 1996 konstaterade analytikerna Brian Urquhart och Erskine Childers i en banbrytande rapport som belyste behovet av FN-reformer att valet av generalsekreterare avg\u00f6rs av n\u00e5got som kan liknas vid en herrklubb.<\/p>\n<p>Det mesta talar f\u00f6r att den sittande generalsekreteraren Ant\u00f3nio Guterres kommer att \u00e5terv\u00e4ljas f\u00f6r en andra fem\u00e5rig \u00e4mbetsperiod med start i januari n\u00e4sta \u00e5r \u2013 om han inte i elfte timmen hamnar i en konflikt med n\u00e5gon av stormakterna.<\/p>\n<p>Hittills \u00e4r egyptiern Boutros Boutros-Ghali den enda generalsekreterare som inte fick f\u00f6rl\u00e4ngt mandat, eftersom han v\u00e4ckte amerikansk vrede.<\/p>\n<p>USA valde i en s\u00e4llsynt markering att l\u00e4gga in sitt veto i s\u00e4kerhetsr\u00e5det mot en andra mandatperiod f\u00f6r Boutros Boutros-Ghali. Detta trots att 14 av 15 l\u00e4nder i r\u00e5det r\u00f6stade f\u00f6r en f\u00f6rl\u00e4ngning. Under s\u00e5dana omst\u00e4ndigheter skulle USA ha kunnat avst\u00e5 fr\u00e5n att r\u00f6sta och respektera \u00f6nskem\u00e5let hos den \u00f6verv\u00e4ldigande majoriteten i s\u00e4kerhetsr\u00e5det. Men USA v\u00e4grade att ta h\u00e4nsyn till det starka st\u00f6d som Boutros Boutros-Ghali, som var generalsekreterare mellan 1991 och 1996, hade inom v\u00e4rldsorganisationen.<\/p>\n","protected":false},"excerpt":{"rendered":"<p>New York, 210511 (IPS)\u00a0\u2013 Allt talar f\u00f6r att Ant\u00f3nio Guterres kommer att \u00e5terv\u00e4ljas f\u00f6r en andra period som FN:s generalsekreterare \u2013 om han inte hinner hamna i on\u00e5d hos n\u00e5gon av s\u00e4kerhetsr\u00e5dets fem permanenta medlemmar. F\u00f6r det \u00e4r stormakterna som&hellip; <a href=\"http:\/\/ipsnews.net\/svenska\/2021\/05\/11\/stormakternas-ratt-att-valja-generalsekreterare-kritiseras\/\" class=\"more-link\">Continue Reading <span class=\"meta-nav\">&rarr;<\/span><\/a><\/p>\n","protected":false},"author":17,"featured_media":0,"comment_status":"closed","ping_status":"closed","sticky":false,"template":"","format":"standard","meta":{"footnotes":""},"categories":[9,10,7],"tags":[],"class_list":["post-22797","post","type-post","status-publish","format-standard","hentry","category-global-fragor","category-manskliga-rattigheter","category-politik"],"_links":{"self":[{"href":"http:\/\/ipsnews.net\/svenska\/wp-json\/wp\/v2\/posts\/22797","targetHints":{"allow":["GET"]}}],"collection":[{"href":"http:\/\/ipsnews.net\/svenska\/wp-json\/wp\/v2\/posts"}],"about":[{"href":"http:\/\/ipsnews.net\/svenska\/wp-json\/wp\/v2\/types\/post"}],"author":[{"embeddable":true,"href":"http:\/\/ipsnews.net\/svenska\/wp-json\/wp\/v2\/users\/17"}],"replies":[{"embeddable":true,"href":"http:\/\/ipsnews.net\/svenska\/wp-json\/wp\/v2\/comments?post=22797"}],"version-history":[{"count":2,"href":"http:\/\/ipsnews.net\/svenska\/wp-json\/wp\/v2\/posts\/22797\/revisions"}],"predecessor-version":[{"id":22799,"href":"http:\/\/ipsnews.net\/svenska\/wp-json\/wp\/v2\/posts\/22797\/revisions\/22799"}],"wp:attachment":[{"href":"http:\/\/ipsnews.net\/svenska\/wp-json\/wp\/v2\/media?parent=22797"}],"wp:term":[{"taxonomy":"category","embeddable":true,"href":"http:\/\/ipsnews.net\/svenska\/wp-json\/wp\/v2\/categories?post=22797"},{"taxonomy":"post_tag","embeddable":true,"href":"http:\/\/ipsnews.net\/svenska\/wp-json\/wp\/v2\/tags?post=22797"}],"curies":[{"name":"wp","href":"https:\/\/api.w.org\/{rel}","templated":true}]}}