{"id":22410,"date":"2021-01-22T08:29:03","date_gmt":"2021-01-22T08:29:03","guid":{"rendered":"http:\/\/ipsnews.net\/svenska\/?p=22410"},"modified":"2021-01-22T08:30:21","modified_gmt":"2021-01-22T08:30:21","slug":"valdet-okar-igen-i-det-krigstrotta-afghanistan","status":"publish","type":"post","link":"http:\/\/ipsnews.net\/svenska\/2021\/01\/22\/valdet-okar-igen-i-det-krigstrotta-afghanistan\/","title":{"rendered":"V\u00e5ldet \u00f6kar igen i det krigstr\u00f6tta Afghanistan"},"content":{"rendered":"<p><strong>New Delhi, 210122 (IPS)\u00a0<\/strong><strong>\u2013 Det afghanska folket hade stora f\u00f6rhoppningar om att kriget skulle f\u00e5 ett slut n\u00e4r fredsf\u00f6rhandlingarna mellan regeringen och talibanerna inleddes i Doha i september. Nu \u00e4r m\u00e5nga i st\u00e4llet besvikna eftersom resultaten hittills har uteblivit och v\u00e5ldet snarare har f\u00f6rv\u00e4rrats. Det skriver <\/strong><strong>Magdalena Kirchner<\/strong><strong> som \u00e4r chef f\u00f6r tyska Friedrich Ebert-stiftelsens kontor i Kabul i denna kommentar.<\/strong><\/p>\n<p><!--more--><\/p>\n<p>Talibanerna har v\u00e4grat g\u00e5tt med p\u00e5 n\u00e5gon vapenvila under de p\u00e5g\u00e5ende samtalen. Samtidigt har det fortsatta tillbakadragandet av internationella trupper fr\u00e5n landet uppmuntrat dem att ut\u00f6ka sina milit\u00e4ra p\u00e5tryckningar. Under de fyra f\u00f6rsta veckorna av fredsf\u00f6rhandlingar utf\u00f6rde talibanerna attacker i 24 av Afghanistans 34 provinser, mot s\u00e5v\u00e4l milit\u00e4ra som civila m\u00e5l.<\/p>\n<p>Enligt FN hade det inte genomf\u00f6rts fler v\u00e5ldsd\u00e5d under en m\u00e5nads tid sedan 2007 \u00e4n under oktober f\u00f6rra \u00e5ret.<\/p>\n<p>Det fortsatta v\u00e5ldet har \u00e4ven drabbat huvudstaden Kabul, d\u00e4r brutala attacker har genomf\u00f6rts de senaste m\u00e5naderna, inklusive v\u00e5ldsd\u00e5d fr\u00e5n Islamiska staten. Flera av m\u00e5ltavlorna har varit civila.<\/p>\n<p>Under f\u00f6rra \u00e5ret f\u00f6rlorade minst tio afghanska journalister sina liv och n\u00e4stan dagligen genomf\u00f6rs attacker och mordf\u00f6rs\u00f6k mot representanter f\u00f6r det civila samh\u00e4llet, myndighetsf\u00f6retr\u00e4dare och oppositionella.<\/p>\n<p>Vissa bed\u00f6mare drar j\u00e4mf\u00f6relser med inb\u00f6rdeskriget under 1990-talet medan andra betonar att gr\u00e4nserna mellan politiskt v\u00e5ld och organiserad brottslighet blivit allt mer otydliga.<\/p>\n<p>Medan landets regering vill framst\u00e5 som en garant f\u00f6r de framsteg som uppn\u00e5tts sedan 2001 s\u00e5 undermineras dess legitimitet av den r\u00e5dande utvecklingen. F\u00f6r regeringens internationella partners framst\u00e5r det som att det inte finns n\u00e5got annat alternativ \u00e4n att st\u00f6tta processen i Doha, f\u00f6r att undvika ett totalt politiskt sammanbrott.<\/p>\n<p>I en opinionsunders\u00f6kning som genomf\u00f6rdes 2019 framgick det att 85 procent av de tillfr\u00e5gade inte k\u00e4nde n\u00e5gon sympati f\u00f6r talibanernas v\u00e5ldsmetoder. Samtidigt uppgav \u00f6ver h\u00e4lften av de svarande att talibanerna borde ing\u00e5 i landets regering. \u00c4ven flera regionala akt\u00f6rer har visat en liknande pragmatism.<\/p>\n<p>Talibanerna har h\u00e5llit m\u00f6ten med h\u00f6gt uppsatta internationella representanter, vars medverkan har signalerat aktivt engagemang i st\u00e4llet f\u00f6r isolering och utfrysning.<\/p>\n<p>Samtidigt menar kritiker att ett politiskt erk\u00e4nnande av talibanerna riskerar att leda till att alla f\u00f6rhoppningar om ett Afghanistan pr\u00e4glat av demokrati och j\u00e4mlika r\u00e4ttigheter g\u00e5r om intet, i str\u00e4vandet att uppn\u00e5 fred.<\/p>\n<p>Den obekv\u00e4ma sanningen \u00e4r samtidigt att demokrati och j\u00e4mst\u00e4lldhet inte heller kommer att kunna uppn\u00e5s i ett framtida Afghanistan om landet \u00e4ven i forts\u00e4ttningen tvingas l\u00e4gga tio g\u00e5nger s\u00e5 mycket av sin budget p\u00e5 den nationella s\u00e4kerheten som andra l\u00e5ginkomstl\u00e4nder.<\/p>\n","protected":false},"excerpt":{"rendered":"<p>New Delhi, 210122 (IPS)\u00a0\u2013 Det afghanska folket hade stora f\u00f6rhoppningar om att kriget skulle f\u00e5 ett slut n\u00e4r fredsf\u00f6rhandlingarna mellan regeringen och talibanerna inleddes i Doha i september. Nu \u00e4r m\u00e5nga i st\u00e4llet besvikna eftersom resultaten hittills har uteblivit och&hellip; <a href=\"http:\/\/ipsnews.net\/svenska\/2021\/01\/22\/valdet-okar-igen-i-det-krigstrotta-afghanistan\/\" class=\"more-link\">Continue Reading <span class=\"meta-nav\">&rarr;<\/span><\/a><\/p>\n","protected":false},"author":146,"featured_media":0,"comment_status":"closed","ping_status":"closed","sticky":false,"template":"","format":"standard","meta":{"footnotes":""},"categories":[18,27,7],"tags":[],"class_list":["post-22410","post","type-post","status-publish","format-standard","hentry","category-asien-och-stillahavsomradet","category-jamstalldhet","category-politik"],"_links":{"self":[{"href":"http:\/\/ipsnews.net\/svenska\/wp-json\/wp\/v2\/posts\/22410","targetHints":{"allow":["GET"]}}],"collection":[{"href":"http:\/\/ipsnews.net\/svenska\/wp-json\/wp\/v2\/posts"}],"about":[{"href":"http:\/\/ipsnews.net\/svenska\/wp-json\/wp\/v2\/types\/post"}],"author":[{"embeddable":true,"href":"http:\/\/ipsnews.net\/svenska\/wp-json\/wp\/v2\/users\/146"}],"replies":[{"embeddable":true,"href":"http:\/\/ipsnews.net\/svenska\/wp-json\/wp\/v2\/comments?post=22410"}],"version-history":[{"count":1,"href":"http:\/\/ipsnews.net\/svenska\/wp-json\/wp\/v2\/posts\/22410\/revisions"}],"predecessor-version":[{"id":22411,"href":"http:\/\/ipsnews.net\/svenska\/wp-json\/wp\/v2\/posts\/22410\/revisions\/22411"}],"wp:attachment":[{"href":"http:\/\/ipsnews.net\/svenska\/wp-json\/wp\/v2\/media?parent=22410"}],"wp:term":[{"taxonomy":"category","embeddable":true,"href":"http:\/\/ipsnews.net\/svenska\/wp-json\/wp\/v2\/categories?post=22410"},{"taxonomy":"post_tag","embeddable":true,"href":"http:\/\/ipsnews.net\/svenska\/wp-json\/wp\/v2\/tags?post=22410"}],"curies":[{"name":"wp","href":"https:\/\/api.w.org\/{rel}","templated":true}]}}