{"id":2204,"date":"2004-01-19T13:40:01","date_gmt":"2004-01-19T13:40:01","guid":{"rendered":"http:\/\/ipsnews.net\/svenska\/2004\/01\/19\/annu-en-exilirakier-pa-vag-tillbaka\/"},"modified":"2004-01-19T13:40:01","modified_gmt":"2004-01-19T13:40:01","slug":"annu-en-exilirakier-pa-vag-tillbaka","status":"publish","type":"post","link":"http:\/\/ipsnews.net\/svenska\/2004\/01\/19\/annu-en-exilirakier-pa-vag-tillbaka\/","title":{"rendered":"\u00c4nnu en exilirakier p\u00e5 v\u00e4g tillbaka"},"content":{"rendered":"<p>London, 040119 (IPS) &#8211; Sonen till en f\u00f6re detta irakisk premi\u00e4rminister \u00e4r p\u00e5 v\u00e4g tillbaka till Irak.       <\/p>\n<p><!--more--><\/p>\n<p>Saad Saleh Jabr, vars far Saleh Jabr var premi\u00e4rminister 1947-48, kommer att \u00e5terv\u00e4nda till Irak efter 35 \u00e5r i exil i USA och Storbritannien.<\/p>\n<p> Jabr \u00e4r en i en rad exilirakier som har \u00e5terv\u00e4nt till Irak i hopp om att deras goda kontakter med USA:s och Storbritanniens regeringar ska kunna ge dem en maktposition i det nya styret.  Jabr har arbetat som mellanhand \u00e5t v\u00e4sterl\u00e4ndska f\u00f6retag i arabv\u00e4rlden. Hans hopp om inflytande bygger dels p\u00e5 hans ursprung och dels p\u00e5 de veckoutgivna nyhetstidningar som han har producerat sedan 1984.<\/p>\n<p> Hans f\u00f6rsta oppositionella tidning Al Tayar lanserades i London 1984, och den f\u00f6ljdes sedan av tidningen Free Iraq, 1992.<\/p>\n<p> &#8211; Varje oppositionsledare i Irak k\u00e4nner till tidningarna, s\u00e4ger Jabr.<\/p>\n<p> Han ber\u00e4ttar att han vid tv\u00e5 tillf\u00e4llen haft kontakter med amerikanska representanter f\u00f6r att diskutera kupplaner mot Saddam Hussein. F\u00f6rs\u00f6ken misslyckades dock.<\/p>\n<p> Hans parti &#8211; Fria irakiska r\u00e5det &#8211; kommer nu att bli ett av omkring 120 politiska partier i Irak efter Saddam. Men Jabr s\u00e4ger att hans syfte \u00e4r att ena partierna, och han menar att man borde upph\u00f6ra med all politisk aktivitet under fem \u00e5r f\u00f6r att \u00e4gna alla krafter \u00e5t att \u00e5teruppbygga landet.<\/p>\n<p> &#8211; Mitt fr\u00e4msta m\u00e5l \u00e4r att f\u00e5 alla att g\u00e5 samman. Jag vill s\u00e4ga till alla att vad tusan ska den h\u00e4r sekterismen leda till. Jag \u00e4r en shejk, men jag \u00e4r en liberal shejk, s\u00e4ger Jabr.<\/p>\n<p>\n","protected":false},"excerpt":{"rendered":"<p>London, 040119 (IPS) &#8211; Sonen till en f\u00f6re detta irakisk premi\u00e4rminister \u00e4r p\u00e5 v\u00e4g tillbaka till Irak.<\/p>\n","protected":false},"author":118,"featured_media":0,"comment_status":"open","ping_status":"open","sticky":false,"template":"","format":"standard","meta":{"footnotes":""},"categories":[1,17,7],"tags":[],"class_list":["post-2204","post","type-post","status-publish","format-standard","hentry","category-headlines","category-mellanostern","category-politik"],"_links":{"self":[{"href":"http:\/\/ipsnews.net\/svenska\/wp-json\/wp\/v2\/posts\/2204","targetHints":{"allow":["GET"]}}],"collection":[{"href":"http:\/\/ipsnews.net\/svenska\/wp-json\/wp\/v2\/posts"}],"about":[{"href":"http:\/\/ipsnews.net\/svenska\/wp-json\/wp\/v2\/types\/post"}],"author":[{"embeddable":true,"href":"http:\/\/ipsnews.net\/svenska\/wp-json\/wp\/v2\/users\/118"}],"replies":[{"embeddable":true,"href":"http:\/\/ipsnews.net\/svenska\/wp-json\/wp\/v2\/comments?post=2204"}],"version-history":[{"count":0,"href":"http:\/\/ipsnews.net\/svenska\/wp-json\/wp\/v2\/posts\/2204\/revisions"}],"wp:attachment":[{"href":"http:\/\/ipsnews.net\/svenska\/wp-json\/wp\/v2\/media?parent=2204"}],"wp:term":[{"taxonomy":"category","embeddable":true,"href":"http:\/\/ipsnews.net\/svenska\/wp-json\/wp\/v2\/categories?post=2204"},{"taxonomy":"post_tag","embeddable":true,"href":"http:\/\/ipsnews.net\/svenska\/wp-json\/wp\/v2\/tags?post=2204"}],"curies":[{"name":"wp","href":"https:\/\/api.w.org\/{rel}","templated":true}]}}