{"id":21381,"date":"2020-03-31T09:55:49","date_gmt":"2020-03-31T09:55:49","guid":{"rendered":"http:\/\/ipsnews.net\/svenska\/?p=21381"},"modified":"2020-03-31T09:57:47","modified_gmt":"2020-03-31T09:57:47","slug":"coronaviruset-kan-fa-katastrofala-foljder-i-jemen","status":"publish","type":"post","link":"http:\/\/ipsnews.net\/svenska\/2020\/03\/31\/coronaviruset-kan-fa-katastrofala-foljder-i-jemen\/","title":{"rendered":"Coronaviruset kan f\u00e5 katastrofala f\u00f6ljder i Jemen"},"content":{"rendered":"<p><strong>Sanaa, Jemen, 200331 (IPS)\u00a0<\/strong><strong>\u2013 Det krigsdrabbade och utfattiga Jemen har redan drabbats av det v\u00e4rsta utbrottet av difteri p\u00e5 30 \u00e5r och den st\u00f6rsta koleraepidemin i modern tid. Skulle coronaviruset f\u00e5 f\u00e4ste kan f\u00f6ljderna bli ot\u00e4nkbara, varnar bist\u00e5ndsarbetaren <\/strong><strong>Abdul Mohammed<\/strong><strong> i denna kommentar.<\/strong><!--more--><\/p>\n<p>I vartenda rum p\u00e5 al-Sabaeen-sjukhuset sitter sv\u00e5rt sjuka patienter p\u00e5 stolar eller p\u00e5 golvet. Kvinnor och flickor delar s\u00e4ngar och barn ligger t\u00e4tt samman medan de f\u00e5r v\u00e5rd. Det h\u00e4r \u00e4r vardag p\u00e5 detta sjukhus i huvudstaden Sanaa, som samtidigt \u00e4r landets fr\u00e4msta. Och d\u00e5 har \u00e4nnu inte coronaviruset hunnit f\u00e5 f\u00e4ste i landet.<\/p>\n<p>Med tanke p\u00e5 den f\u00f6r\u00f6delse som covid-19 just nu orsakar i fredstid i rika l\u00e4nder med v\u00e4l utbyggd sjukv\u00e5rd finns det all anledning att oroa sig f\u00f6r Jemens framtid. H\u00e4r har redan kolera, difteri och undern\u00e4ring \u00f6verbelastat det krigsdrabbade landets v\u00e5rdsystem, och det g\u00e5r knappt att f\u00f6rest\u00e4lla sig den f\u00f6r\u00f6delse coronaviruset riskerar att orsaka.<\/p>\n<p>Viruset skulle kraftigt f\u00f6rv\u00e4rra den redan r\u00e5dande situationen i Jemen, d\u00e4r ingen g\u00e5r s\u00e4ker, men d\u00e4r ocks\u00e5 de mest s\u00e5rbara drabbas allra h\u00e5rdast.<\/p>\n<p>Den sjukv\u00e5rdskris v\u00e4rlden nu upplever ger en inblick i den hela tiden f\u00f6rv\u00e4rrade verklighet vi genomlevt i Jemen under de senaste fem \u00e5ren. Det handlar om livshotande sjukdomar, en allt djupare ekonomisk kris och st\u00e4ndigt minskande valm\u00f6jligheter f\u00f6r f\u00f6r\u00e4ldrar och v\u00e5rdnadshavare.<\/p>\n<p>Miljontals jemeniter lever nu i \u00f6verbelastade l\u00e4ger, utan tillg\u00e5ng till rent vatten, n\u00e4ringsrik mat eller sjukv\u00e5rd. De \u00e5tg\u00e4rder som genomf\u00f6rs i andra l\u00e4nder f\u00f6r att hindra spridningen av covid-19 skulle vara om\u00f6jliga att genomf\u00f6ra h\u00e4r.<\/p>\n<p>Folkh\u00e4lsokriser f\u00e5r stora konsekvenser f\u00f6r hela samh\u00e4llen, men ocks\u00e5 f\u00f6r individer. Jag t\u00e4nker p\u00e5 bland annat den unge Ahmed fr\u00e5n Ibb, vars pappa precis hade g\u00e5tt bort i kolera, vilket innebar att han d\u00e4rmed f\u00f6rvandlats till familjens huvudansvarige. \u201dJag \u00e4r inte redo f\u00f6r det h\u00e4r\u201d, sade han desperat. Men utan f\u00f6ruts\u00e4ttningar tvingades han \u00e4nd\u00e5 axla ett enormt ansvar och hade inte tid att vare sig s\u00f6rja eller k\u00e4nna efter. Och det \u00e4r ett \u00f6de som drabbat s\u00e5 m\u00e5nga jemeniter.<\/p>\n<p>Det har nu g\u00e5tt fem \u00e5r sedan en USA-st\u00f6ttad och saudisk-ledd koalition gjorde att kriget i Jemen eskalerade. Landet har sedan dess st\u00e5tt f\u00f6rsvarsl\u00f6st mot difteri och kolera \u2013 gamla sjukdomar som de flesta samh\u00e4llen kan hantera genom att erbjuda grundl\u00e4ggande tillg\u00e5ng till sjukv\u00e5rd, rent dricksvatten och nyttig mat.<\/p>\n<p>Men i Jemen har de stridande parterna sedan 2015 skadat eller f\u00f6rst\u00f6rt mer \u00e4n h\u00e4lften av landets sjukhus och v\u00e5rdcentraler genom sina bomber och granater. Kriget har \u00e4ven f\u00f6rst\u00f6rt infrastrukturen f\u00f6r vatten och sanitet i ett land d\u00e4r det redan innan r\u00e5dde vattenbrist. I mer \u00e4n tv\u00e5 tredjedelar av Jemen \u00e4r d\u00e4rf\u00f6r befolkningen i dag h\u00e4nvisad till att dricka orenat vatten.<\/p>\n<p>Det har i sin tur lett till sv\u00e5ra utbrott av difteri och kolera.<\/p>\n<p>Situationen har skapat ett l\u00e4ge d\u00e4r patienter med allvarliga men behandlingsbara tillst\u00e5nd inte kan erbjudas den v\u00e5rd de beh\u00f6ver. Tiotusentals m\u00e4nniskor har d\u00e4rf\u00f6r tvingats resa utomlands f\u00f6r att f\u00e5 den behandling de beh\u00f6ver.<\/p>\n<p>Samtidigt har den saudiledda koalitionen st\u00e4ngt ned den kommersiella flygtrafiken till och fr\u00e5n Sanaa, vilket gjort att m\u00e4ngder av patienter avlidit i v\u00e4ntan p\u00e5 v\u00e5rd.<\/p>\n<p>Miljontals jemeniter befinner sig p\u00e5 flykt. I flyktingl\u00e4gren saknas dock ofta den mest grundl\u00e4ggande tillg\u00e5ngen p\u00e5 sanit\u00e4ra anl\u00e4ggningar och sjukv\u00e5rd.<\/p>\n<p>Och trots massiva bist\u00e5ndsinsatser s\u00e5 bara \u00f6kar behoven i takt med att konflikten forts\u00e4tter. Det beh\u00f6ver knappast p\u00e5pekas att tanken p\u00e5 social distansering \u00e4r rena fantasier i de \u00f6verfulla l\u00e4gren d\u00e4r m\u00e5ngas immunf\u00f6rsvar \u00e4r nedsatt.<\/p>\n<p>Enstaka fall av coronaviruset riskerar d\u00e4rf\u00f6r att leda till stora d\u00f6dstal. Coronavirusepidemin skulle inneb\u00e4ra ett nytt kapitel i det lidande som redan slagit s\u00e5 h\u00e5rt mot Jemens befolkning.<\/p>\n<p>Konflikten i Jemen m\u00e5ste f\u00e5 ett slut innan den sk\u00f6rdar \u00e4nnu fler liv. Hittills har dock de milit\u00e4ra och politiska ledarna under de g\u00e5ngna fem \u00e5ren visat sig of\u00f6rm\u00f6gna till ens sm\u00e5 kompromisser till gagn f\u00f6r landet och dess befolkning.<\/p>\n<p>Det internationella samfundet har samtidigt misslyckats i arbetet f\u00f6r att tvinga fram ett vapenstillest\u00e5nd och den politiska l\u00f6sning p\u00e5 konflikten som skulle vara livsavg\u00f6rande f\u00f6r Jemens befolkning.<\/p>\n<p>Nu n\u00e4r coronaviruset hotar beh\u00f6ver landet \u00e4n mer humanit\u00e4r hj\u00e4lp f\u00f6r att kunna \u00e5teruppbygga sjukv\u00e5rdssystemet och hantera de sjukdomar som redan sl\u00e5r s\u00e5 h\u00e5rt mot befolkningen \u2013 och f\u00f6r att f\u00f6rhindra en ny katastrof.<\/p>\n<p>*Abdul Mohammed\u00a0arbetar med humanit\u00e4r hj\u00e4lp f\u00f6r bist\u00e5ndsorganisationen Oxfam i Jemen.<\/p>\n","protected":false},"excerpt":{"rendered":"<p>Sanaa, Jemen, 200331 (IPS)\u00a0\u2013 Det krigsdrabbade och utfattiga Jemen har redan drabbats av det v\u00e4rsta utbrottet av difteri p\u00e5 30 \u00e5r och den st\u00f6rsta koleraepidemin i modern tid. Skulle coronaviruset f\u00e5 f\u00e4ste kan f\u00f6ljderna bli ot\u00e4nkbara, varnar bist\u00e5ndsarbetaren Abdul Mohammed&hellip; <a href=\"http:\/\/ipsnews.net\/svenska\/2020\/03\/31\/coronaviruset-kan-fa-katastrofala-foljder-i-jemen\/\" class=\"more-link\">Continue Reading <span class=\"meta-nav\">&rarr;<\/span><\/a><\/p>\n","protected":false},"author":1912,"featured_media":0,"comment_status":"closed","ping_status":"closed","sticky":false,"template":"","format":"standard","meta":{"footnotes":""},"categories":[4,17,7,11],"tags":[],"class_list":["post-21381","post","type-post","status-publish","format-standard","hentry","category-halsa","category-mellanostern","category-politik","category-utveckling"],"_links":{"self":[{"href":"http:\/\/ipsnews.net\/svenska\/wp-json\/wp\/v2\/posts\/21381","targetHints":{"allow":["GET"]}}],"collection":[{"href":"http:\/\/ipsnews.net\/svenska\/wp-json\/wp\/v2\/posts"}],"about":[{"href":"http:\/\/ipsnews.net\/svenska\/wp-json\/wp\/v2\/types\/post"}],"author":[{"embeddable":true,"href":"http:\/\/ipsnews.net\/svenska\/wp-json\/wp\/v2\/users\/1912"}],"replies":[{"embeddable":true,"href":"http:\/\/ipsnews.net\/svenska\/wp-json\/wp\/v2\/comments?post=21381"}],"version-history":[{"count":1,"href":"http:\/\/ipsnews.net\/svenska\/wp-json\/wp\/v2\/posts\/21381\/revisions"}],"predecessor-version":[{"id":21382,"href":"http:\/\/ipsnews.net\/svenska\/wp-json\/wp\/v2\/posts\/21381\/revisions\/21382"}],"wp:attachment":[{"href":"http:\/\/ipsnews.net\/svenska\/wp-json\/wp\/v2\/media?parent=21381"}],"wp:term":[{"taxonomy":"category","embeddable":true,"href":"http:\/\/ipsnews.net\/svenska\/wp-json\/wp\/v2\/categories?post=21381"},{"taxonomy":"post_tag","embeddable":true,"href":"http:\/\/ipsnews.net\/svenska\/wp-json\/wp\/v2\/tags?post=21381"}],"curies":[{"name":"wp","href":"https:\/\/api.w.org\/{rel}","templated":true}]}}