{"id":2072,"date":"2003-11-26T13:40:01","date_gmt":"2003-11-26T13:40:01","guid":{"rendered":"http:\/\/ipsnews.net\/svenska\/2003\/11\/26\/colombia-avvapning-av-milisman-en-fars-enligt-aktivister\/"},"modified":"2003-11-26T13:40:01","modified_gmt":"2003-11-26T13:40:01","slug":"colombia-avvapning-av-milisman-en-fars-enligt-aktivister","status":"publish","type":"post","link":"http:\/\/ipsnews.net\/svenska\/2003\/11\/26\/colombia-avvapning-av-milisman-en-fars-enligt-aktivister\/","title":{"rendered":"Colombia: Avv\u00e4pning av milism\u00e4n en fars, enligt aktivister"},"content":{"rendered":"<p>Bogota, 031126 (IPS) &#8211; M\u00e4nniskor\u00e4ttsaktivister och politiska observat\u00f6rer \u00e4r mycket kritiska till hur avv\u00e4pningen av de colombianska h\u00f6germiliserna genomf\u00f6rs. Demobiliseringen av h\u00f6germiliserna inleddes under tisdagen d\u00e5 800 medlemmar av Cacique Nutibara-blocket l\u00e4mnade ifr\u00e5n sig sina vapen i landets n\u00e4st st\u00f6rsta stad Melell\u00edn. <\/p>\n<p><!--more--><\/p>\n<p> President Alvaro Uribes regering ingick i somras ett avtal med den paramilit\u00e4ra paraplyorganisationen AUC, i vilken Cacique Nutibara-blocket ing\u00e5r. Enligt avtalet ska h\u00f6germiliserna \u00f6verge den v\u00e4pnade kampen f\u00f6re utg\u00e5ngen av 2005.<\/p>\n<p> Cacique Nutibara-blocket \u00e4r den f\u00f6rsta milisgrupp som l\u00e4mnar ifr\u00e5n sig sina vapen.<\/p>\n<p> I b\u00f6rjan av 90-talet genomf\u00f6rde den d\u00e5varande regeringen ett liknande program f\u00f6r landets v\u00e4nstergerillor Farc och ELN. Men m\u00e5nga rebeller som l\u00e4mnade ifr\u00e5n sig sina vapen \u00e5terv\u00e4nde sedan till gerillan. s\u00e4ger Luis Pardo, som tidgare ledde ett program f\u00f6r \u00e5terintegrering av milism\u00e4n och rebeller. Han fruktar att den nuvarande regeringen h\u00e5ller p\u00e5 att om g\u00f6ra samma misstag.<\/p>\n<p> Peter Drury och Marcelo Pollack, forskare p\u00e5 Amnesty International, anser att avtalet om demobilisering av Cacique Nutibara-blocket \u00e4r ih\u00e5ligt. Det \u00e4r inte klart vilka de individer som just nu avv\u00e4pnas i Medell\u00edn \u00e4r och inte heller vad de kommer att syssla med n\u00e4r avv\u00e4pningen \u00e4r klar, anser de.<\/p>\n<p>Regeringens politik \u00f6ppnar f\u00f6r en &#8220;\u00e5tervinning&#8221; av paramilit\u00e4ren, fruktar de.<\/p>\n<p> M\u00e4nniskor\u00e4ttsorganisationen Human Rights Watch kallar demobiliseringen i Medell\u00edn f\u00f6r en parodi. HRW anser inte att man kan p\u00e5b\u00f6rja avv\u00e4pningen samtidigt som AUC-ledare, som har d\u00f6mts f\u00f6r massakrer, mord och andra allvarliga brott, \u00e4r p\u00e5 fri fot.<\/p>\n<p> AUC:s bef\u00e4lhavare har v\u00e4grat att \u00f6verl\u00e4mna sig till r\u00e4ttvisan. De kr\u00e4ver f\u00f6rs\u00e4kringar om att de inte kommer att straffas innan de g\u00f6r det.<\/p>\n<p> Och enligt ett lagf\u00f6rslag som regeringen l\u00e4mnade till senaten i augusti ska de medlemmar i v\u00e4pnade grupper som g\u00e5r med p\u00e5 att avv\u00e4pnas inte straffas f\u00f6r brott mot de m\u00e4nskliga r\u00e4tigheterna. Enligt f\u00f6rslaget ska de enbart f\u00f6rbjudas att inneha ett statligt \u00e4mbete, att b\u00e4ra vapen och att bos\u00e4tta sig n\u00e4ra n\u00e5gon de har beg\u00e5tt brott mot eller n\u00e5got offers familj. Senaten har \u00e4nnu inte fattat beslut om f\u00f6rslaget.<\/p>\n<p> Boende i Medell\u00edn uppger att personer som s\u00e4ger att de tillh\u00f6r AUC de senaste m\u00e5naderna har v\u00e4nt sig till dem med erbjudnaden om s\u00e4kerhetstj\u00e4nster, enligt en m\u00e4nniskor\u00e4ttsaktivist som vill vara anonym. Det kan tyda p\u00e5 Cacique Nutibara-blockets soldater &#8220;\u00e5teranv\u00e4nds&#8221; som legala s\u00e4kerhetsvakter, s\u00e4ger k\u00e4llan till IPS.<\/p>\n<p> Polis och milit\u00e4r i Medell\u00edn har varnat f\u00f6r att vanliga kriminella har g\u00e5tt med i milisgruppen f\u00f6r att f\u00e5 amnesti f\u00f6r tidigare brott. S\u00e5dana personer ska enligt fredsavtalet inte omfattas av amnestin men det \u00e4r inte alltid l\u00e4tt att avg\u00f6ra vem som \u00e4r milisman och vem som \u00e4r vanlig kriminell.<\/p>\n<p> Cacique Nutibara-blockets bef\u00e4lhavare, Diego Murillo, var f\u00f6r drygt tio \u00e5r sedan s\u00e4kerhetschef f\u00f6r det drogsyndikat som kallades Medell\u00edn-kartellen.<\/p>\n<p>Murillo \u00e4r en av de som skrivit under fredsavtalet med regeringen.<\/p>\n<p> Murillo har ocks\u00e5 haft kontakt med landets st\u00f6rsta liga av yrkesm\u00f6rdare, k\u00e4nd som La Terraza, och enligt en hemligst\u00e4mplad regeringsrapport, som HRW citerar, s\u00e5 \u00e4r han en framst\u00e5ende narkotikahandlare \u00e4ven i dag.<\/p>\n<p> De flesta medlemmarna i hans milis \u00e4r unga m\u00e4n som v\u00e4xt upp i fattiga kvarter i Medell\u00edn. M\u00e5nga av dem var kriminella redan innan de gick med i milisen.<\/p>\n<p> Men Medell\u00edns borgm\u00e4stare Luis P\u00e9rez uppger att ingen av de milism\u00e4n som avv\u00e4pnades i tisdags har \u00e5talats f\u00f6r brott mot de m\u00e4nskliga r\u00e4ttigheterna.<\/p>\n<p>Han intygar att de \u00e4r milism\u00e4n och inte vanliga brottslingar.<\/p>\n<p> Medan Colombias parlament debatterar f\u00f6rslaget om straffrihet f\u00f6r avv\u00e4pnade milism\u00e4n har Uribes regering beg\u00e4rt att \u00e5klagarna ska st\u00e4lla in alla planerade gripanden av medlemmar i Cacique Nutibara-blocket.<\/p>\n<p>\n","protected":false},"excerpt":{"rendered":"<p>Bogota, 031126 (IPS) &#8211; M\u00e4nniskor\u00e4ttsaktivister och politiska observat\u00f6rer \u00e4r mycket kritiska till hur avv\u00e4pningen av de colombianska h\u00f6germiliserna genomf\u00f6rs. Demobiliseringen av h\u00f6germiliserna inleddes under tisdagen d\u00e5 800 medlemmar av Cacique Nutibara-blocket l\u00e4mnade ifr\u00e5n sig sina vapen i landets n\u00e4st st\u00f6rsta&hellip; <a href=\"http:\/\/ipsnews.net\/svenska\/2003\/11\/26\/colombia-avvapning-av-milisman-en-fars-enligt-aktivister\/\" class=\"more-link\">Continue Reading <span class=\"meta-nav\">&rarr;<\/span><\/a><\/p>\n","protected":false},"author":55,"featured_media":0,"comment_status":"open","ping_status":"open","sticky":false,"template":"","format":"standard","meta":{"footnotes":""},"categories":[1,15,10,7],"tags":[],"class_list":["post-2072","post","type-post","status-publish","format-standard","hentry","category-headlines","category-latinamerika","category-manskliga-rattigheter","category-politik"],"_links":{"self":[{"href":"http:\/\/ipsnews.net\/svenska\/wp-json\/wp\/v2\/posts\/2072","targetHints":{"allow":["GET"]}}],"collection":[{"href":"http:\/\/ipsnews.net\/svenska\/wp-json\/wp\/v2\/posts"}],"about":[{"href":"http:\/\/ipsnews.net\/svenska\/wp-json\/wp\/v2\/types\/post"}],"author":[{"embeddable":true,"href":"http:\/\/ipsnews.net\/svenska\/wp-json\/wp\/v2\/users\/55"}],"replies":[{"embeddable":true,"href":"http:\/\/ipsnews.net\/svenska\/wp-json\/wp\/v2\/comments?post=2072"}],"version-history":[{"count":0,"href":"http:\/\/ipsnews.net\/svenska\/wp-json\/wp\/v2\/posts\/2072\/revisions"}],"wp:attachment":[{"href":"http:\/\/ipsnews.net\/svenska\/wp-json\/wp\/v2\/media?parent=2072"}],"wp:term":[{"taxonomy":"category","embeddable":true,"href":"http:\/\/ipsnews.net\/svenska\/wp-json\/wp\/v2\/categories?post=2072"},{"taxonomy":"post_tag","embeddable":true,"href":"http:\/\/ipsnews.net\/svenska\/wp-json\/wp\/v2\/tags?post=2072"}],"curies":[{"name":"wp","href":"https:\/\/api.w.org\/{rel}","templated":true}]}}