{"id":20685,"date":"2019-10-01T10:32:53","date_gmt":"2019-10-01T10:32:53","guid":{"rendered":"http:\/\/ipsnews.net\/svenska\/?p=20685"},"modified":"2019-10-01T10:32:53","modified_gmt":"2019-10-01T10:32:53","slug":"migrationens-grundorsaker-hamnar-i-skuggan","status":"publish","type":"post","link":"http:\/\/ipsnews.net\/svenska\/2019\/10\/01\/migrationens-grundorsaker-hamnar-i-skuggan\/","title":{"rendered":"Migrationens grundorsaker hamnar i skuggan"},"content":{"rendered":"<p><strong>New York, 191001 (IPS) \u2013 FN uppm\u00e4rksammade V\u00e4rldsdagen f\u00f6r migranter och flyktingar den 29 september. Detta samtidigt som fr\u00e4mlingsfientligheten breder ut sig i m\u00e5nga l\u00e4nder och regeringar misslyckas med att ta itu med migrationens grundorsaker.<\/strong><\/p>\n<p><!--more--><\/p>\n<p>H\u00f6gerpopulistiska attacker kommer fr\u00e5n politiker och politiska ledare fr\u00e4mst i Europa, USA och Australien.<\/p>\n<p>\u201dDe som inte s\u00e4tter tydliga gr\u00e4nser f\u00f6r migrationen kommer snart k\u00e4nna sig som fr\u00e4mlingar i sitt eget land,\u201d s\u00e4ger Sebastian Kurz, tidigare f\u00f6rbundskansler i \u00d6sterrike.<\/p>\n<p>Ungerns premi\u00e4rminister Viktor Orban och hans h\u00f6gerpopulistiska parti Fidesz har f\u00f6rklarat sin avsikt att skydda Europa fr\u00e5n en \u201dmuslimsk invasion\u201d. Viktor Orban har sagt att det bara finns tv\u00e5 typer av ledare i v\u00e4rlden i dag \u2013 globalister och patrioter \u2013 en uppfattning som ocks\u00e5 understr\u00f6ks av den amerikanska presidenten Donald Trump n\u00e4r han talade inf\u00f6r FN:s generalf\u00f6rsamling den 24 september.<\/p>\n<p>Som en uppf\u00f6ljning till det tillk\u00e4nnagav Trumpadministrationen den 26 september att USA bara kommer att sl\u00e4ppa in omkring 18\u00a0000 flyktingar \u00e5r 2020 av de 368\u00a0000 som ber\u00e4knas s\u00f6ka uppeh\u00e5llstillst\u00e5nd.<\/p>\n<p>N\u00e4r Donald Trump blev president i januari 2017 mer \u00e4n halverade han taket som den tidigare administrationen satt f\u00f6r \u00e5ret, fr\u00e5n Obamas 110\u00a0000 flyktingar, till 50\u00a0000.<\/p>\n<p>N\u00e4r USA:s utrikesdepartement lade maxniv\u00e5n p\u00e5 antalet flyktingar som landet skulle ta in 2019 p\u00e5 30\u00a0000 var redan det en uppm\u00e4rksammad s\u00e4nkning.<\/p>\n<p>Brandon Wu vid hj\u00e4lporganisationen Action Aid USA, s\u00e4ger att migrationen kommer att forts\u00e4tta \u00f6ka. Han menar att v\u00e4rldens regeringar inte tar itu med grundorsakerna till migrationen.<\/p>\n<p>\u2013 Vi satsar inte p\u00e5 l\u00f6sningar p\u00e5 klimatkrisen, varken genom att minska utsl\u00e4ppen eller hj\u00e4lpa samh\u00e4llen att anpassa sig till ett f\u00f6r\u00e4ndrat klimat. Vi investerar inte i en tryggad livsmedelsf\u00f6rs\u00f6rjning eller f\u00f6rs\u00f6rjning p\u00e5 landsbygden, p\u00e5pekar han.<\/p>\n<p>Brandon Wu menar att regeringar, d\u00e4ribland USA:s, forts\u00e4tter med en utrikespolitik som bidrar till konflikter och f\u00f6rf\u00f6ljelse. Han s\u00e4ger att en strategi d\u00e4r migranter f\u00f6rf\u00f6ljs efter att de redan l\u00e4mnat sina hem inte kommer \u00e5t huvudproblemet.<\/p>\n<p>\u2013 F\u00f6r att v\u00e4nda trenden med \u00f6kande migration m\u00e5ste vi ta itu med orsakerna till att m\u00e4nniskor ger sig av. Ingen regering hanterar dessa fr\u00e5gor i den grad som beh\u00f6vs.<\/p>\n<p>Han h\u00e4vdar att den strategi som anv\u00e4nds av l\u00e4nder i Europa, och USA, f\u00f6r att flytta gr\u00e4nserna l\u00e4ngre ut i syfte att h\u00e5lla migranter p\u00e5 avst\u00e5nd i grunden \u00e4r felaktig.<\/p>\n<p>\u2013 Det \u00e4r p\u00e5 sin h\u00f6jd en tillf\u00e4llig l\u00f6sning. USA f\u00f6rlitar sig nu p\u00e5 att extremt instabila l\u00e4nder som Honduras och El Salvador ska ta emot asyls\u00f6kande.<\/p>\n<p>Brandon Wu menar att den b\u00e4sta l\u00f6sningen skulle vara att mottagarl\u00e4nder tar emot migranter och ger dem samma r\u00e4ttigheter som andra medborgare medan utrikespolitiken, bist\u00e5ndet och klimatpolitiken riktar in sig p\u00e5 att ta itu med orsakerna till att m\u00e4nniskor ger sig av fr\u00e5n f\u00f6rsta b\u00f6rjan.<\/p>\n","protected":false},"excerpt":{"rendered":"<p>New York, 191001 (IPS) \u2013 FN uppm\u00e4rksammade V\u00e4rldsdagen f\u00f6r migranter och flyktingar den 29 september. Detta samtidigt som fr\u00e4mlingsfientligheten breder ut sig i m\u00e5nga l\u00e4nder och regeringar misslyckas med att ta itu med migrationens grundorsaker.<\/p>\n","protected":false},"author":17,"featured_media":0,"comment_status":"closed","ping_status":"closed","sticky":false,"template":"","format":"standard","meta":{"footnotes":""},"categories":[9,10,3,7,11],"tags":[],"class_list":["post-20685","post","type-post","status-publish","format-standard","hentry","category-global-fragor","category-manskliga-rattigheter","category-migration-och-minoriteter","category-politik","category-utveckling"],"_links":{"self":[{"href":"http:\/\/ipsnews.net\/svenska\/wp-json\/wp\/v2\/posts\/20685","targetHints":{"allow":["GET"]}}],"collection":[{"href":"http:\/\/ipsnews.net\/svenska\/wp-json\/wp\/v2\/posts"}],"about":[{"href":"http:\/\/ipsnews.net\/svenska\/wp-json\/wp\/v2\/types\/post"}],"author":[{"embeddable":true,"href":"http:\/\/ipsnews.net\/svenska\/wp-json\/wp\/v2\/users\/17"}],"replies":[{"embeddable":true,"href":"http:\/\/ipsnews.net\/svenska\/wp-json\/wp\/v2\/comments?post=20685"}],"version-history":[{"count":1,"href":"http:\/\/ipsnews.net\/svenska\/wp-json\/wp\/v2\/posts\/20685\/revisions"}],"predecessor-version":[{"id":20686,"href":"http:\/\/ipsnews.net\/svenska\/wp-json\/wp\/v2\/posts\/20685\/revisions\/20686"}],"wp:attachment":[{"href":"http:\/\/ipsnews.net\/svenska\/wp-json\/wp\/v2\/media?parent=20685"}],"wp:term":[{"taxonomy":"category","embeddable":true,"href":"http:\/\/ipsnews.net\/svenska\/wp-json\/wp\/v2\/categories?post=20685"},{"taxonomy":"post_tag","embeddable":true,"href":"http:\/\/ipsnews.net\/svenska\/wp-json\/wp\/v2\/tags?post=20685"}],"curies":[{"name":"wp","href":"https:\/\/api.w.org\/{rel}","templated":true}]}}