{"id":20437,"date":"2019-07-23T07:11:27","date_gmt":"2019-07-23T07:11:27","guid":{"rendered":"http:\/\/ipsnews.net\/svenska\/?p=20437"},"modified":"2019-07-23T07:11:27","modified_gmt":"2019-07-23T07:11:27","slug":"roda-korset-varnar-for-aterkommande-varmeboljor","status":"publish","type":"post","link":"http:\/\/ipsnews.net\/svenska\/2019\/07\/23\/roda-korset-varnar-for-aterkommande-varmeboljor\/","title":{"rendered":"R\u00f6da Korset varnar f\u00f6r \u00e5terkommande v\u00e4rmeb\u00f6ljor"},"content":{"rendered":"<p><strong>New York, 190723 (IPS)\u00a0<\/strong><strong>\u2013 Internationella r\u00f6dakorsfederationen varnar f\u00f6r att kraftiga v\u00e4rmeb\u00f6ljor blivit allt vanligare och att mer d\u00e4rf\u00f6r m\u00e5ste g\u00f6ras f\u00f6r att bem\u00f6ta dess livshotande konsekvenser.<\/strong><\/p>\n<p><!--more--><\/p>\n<p>Juli m\u00e5nad har hittills varit mycket varm p\u00e5 m\u00e5nga platser i v\u00e4rlden \u2013 bland annat har Kanada drabbats av mycket h\u00f6ga temperaturer samtidigt som stora st\u00e4der som Harare och Chennai varit utsatta f\u00f6r torkor, medan stora skogsbr\u00e4nder brutit ut i s\u00f6dra Frankrike.<\/p>\n<p>Internationella r\u00f6dakorsfederationen, IFRC, lanserade f\u00f6rra veckan en ny folder som ska hj\u00e4lpa st\u00e4der att st\u00e5 b\u00e4ttre rustade f\u00f6r att hantera extrema temperaturer.<\/p>\n<p>\u2013 V\u00e4rmeb\u00f6ljor \u00e4r ett av de d\u00f6dligaste naturfenomen som m\u00e4nniskor drabbas av och hotet kommer bara att bli st\u00f6rre och mer omfattande ju l\u00e4ngre klimatkrisen forts\u00e4tter, s\u00e4ger IFRC:s ordf\u00f6rande Francesco Rocca.<\/p>\n<p>Han p\u00e5pekar dock att myndigheter kan f\u00f6rbereda \u00e5tg\u00e4rder som b\u00e5de kan r\u00e4dda liv och minska lidandet i samband med v\u00e4rmeb\u00f6ljor \u2013 med enkla och billiga metoder.<\/p>\n<p>Enligt IFRC lever n\u00e4rmare fem miljarder m\u00e4nniskor i regioner d\u00e4r extrema temperaturer kan f\u00f6rutses flera dagar eller veckor i f\u00f6rv\u00e4g, vilket inneb\u00e4r att myndigheter och f\u00f6retag kan f\u00f6rbereda sig.<\/p>\n<p>I foldern uppmanas myndigheter att g\u00e5 ut med information till allm\u00e4nheten om kommande v\u00e4rmeb\u00f6ljor, samt f\u00f6rbereda sjukv\u00e5rdspersonal och \u00f6ppna \u201dnedkylningscenter\u201d f\u00f6r m\u00e4nniskor som inte har tillg\u00e5ng till luftkonditionering, samt dela ut vatten.<\/p>\n<p>Myndigheterna uppmanas \u00e4ven att fokusera p\u00e5 grupper som l\u00f6per s\u00e4rskilt stor risk att drabbas av uttorkning, v\u00e4rmeslag och andra h\u00e4lsoproblem, d\u00e4ribland \u00e4ldre, sm\u00e5 barn, gravida kvinnor och m\u00e4nniskor som lever i ensamhush\u00e5ll.<\/p>\n","protected":false},"excerpt":{"rendered":"<p>New York, 190723 (IPS)\u00a0\u2013 Internationella r\u00f6dakorsfederationen varnar f\u00f6r att kraftiga v\u00e4rmeb\u00f6ljor blivit allt vanligare och att mer d\u00e4rf\u00f6r m\u00e5ste g\u00f6ras f\u00f6r att bem\u00f6ta dess livshotande konsekvenser.<\/p>\n","protected":false},"author":1859,"featured_media":0,"comment_status":"closed","ping_status":"closed","sticky":false,"template":"","format":"standard","meta":{"footnotes":""},"categories":[9,4,12,11],"tags":[],"class_list":["post-20437","post","type-post","status-publish","format-standard","hentry","category-global-fragor","category-halsa","category-miljo","category-utveckling"],"_links":{"self":[{"href":"http:\/\/ipsnews.net\/svenska\/wp-json\/wp\/v2\/posts\/20437","targetHints":{"allow":["GET"]}}],"collection":[{"href":"http:\/\/ipsnews.net\/svenska\/wp-json\/wp\/v2\/posts"}],"about":[{"href":"http:\/\/ipsnews.net\/svenska\/wp-json\/wp\/v2\/types\/post"}],"author":[{"embeddable":true,"href":"http:\/\/ipsnews.net\/svenska\/wp-json\/wp\/v2\/users\/1859"}],"replies":[{"embeddable":true,"href":"http:\/\/ipsnews.net\/svenska\/wp-json\/wp\/v2\/comments?post=20437"}],"version-history":[{"count":1,"href":"http:\/\/ipsnews.net\/svenska\/wp-json\/wp\/v2\/posts\/20437\/revisions"}],"predecessor-version":[{"id":20438,"href":"http:\/\/ipsnews.net\/svenska\/wp-json\/wp\/v2\/posts\/20437\/revisions\/20438"}],"wp:attachment":[{"href":"http:\/\/ipsnews.net\/svenska\/wp-json\/wp\/v2\/media?parent=20437"}],"wp:term":[{"taxonomy":"category","embeddable":true,"href":"http:\/\/ipsnews.net\/svenska\/wp-json\/wp\/v2\/categories?post=20437"},{"taxonomy":"post_tag","embeddable":true,"href":"http:\/\/ipsnews.net\/svenska\/wp-json\/wp\/v2\/tags?post=20437"}],"curies":[{"name":"wp","href":"https:\/\/api.w.org\/{rel}","templated":true}]}}