{"id":17460,"date":"2016-06-21T13:40:01","date_gmt":"2016-06-21T13:40:01","guid":{"rendered":"http:\/\/ipsnews.net\/svenska\/2016\/06\/21\/brasilianska-krav-pa-insatser-mot-valdtakter\/"},"modified":"2016-06-21T13:40:01","modified_gmt":"2016-06-21T13:40:01","slug":"brasilianska-krav-pa-insatser-mot-valdtakter","status":"publish","type":"post","link":"http:\/\/ipsnews.net\/svenska\/2016\/06\/21\/brasilianska-krav-pa-insatser-mot-valdtakter\/","title":{"rendered":"Brasilianska krav p\u00e5 insatser mot v\u00e5ldt\u00e4kter"},"content":{"rendered":"<p>Rio de Janeiro, 160621 (IPS) &#8211; Uppgifterna om att en 16-\u00e5rig flicka nyligen utsatts f\u00f6r en gruppv\u00e5ldt\u00e4kt av \u00f6ver 30 m\u00e4n i Rio de Janeiro utl\u00f6ste kraftiga protester fr\u00e5n tusentals kvinnor i Brasilien. Aktivister menar dock att det inte r\u00e4cker med sk\u00e4rpta straff f\u00f6r att bek\u00e4mpa de m\u00e5nga sexualbrott som beg\u00e5s i landet.<\/p>\n<p><!--more--><\/p>\n<p>Den 16-\u00e5riga flickan ska ha blivit drogad i sin pojkv\u00e4ns hem den 21 maj, och dagen efter ha vaknat upp p\u00e5 en annan plats omgiven av m\u00e4n som uppges ha v\u00e5ldtagit henne. Enligt flickan fanns det 33 m\u00e4n p\u00e5 platsen, varav n\u00e5gra var bev\u00e4pnade, n\u00e4r hon \u00e5terfick medvetandet. Hon polisanm\u00e4lde h\u00e4ndelsen f\u00f6rst n\u00e5gra dagar senare efter att n\u00e5gra av m\u00e4nnen hade publicerat bilder och foton p\u00e5 v\u00e5ldt\u00e4kten p\u00e5 sociala medier.<\/p>\n<p> Den polis som tog emot flickans anm\u00e4lan tog dock inte hennes uppgifter p\u00e5 allvar och byttes d\u00e4rf\u00f6r ut. H\u00e4ndelsen utl\u00f6ste mycket starka reaktioner i Brasilien och tusentals kvinnor begav sig ut p\u00e5 gatorna f\u00f6r att protestera.<\/p>\n<p> Regeringen f\u00f6rsta reaktion efter de omfattande protesterna var att tills\u00e4tta en ny kvinnoenhet inom polisen. Senaten godk\u00e4nde samtidigt snabbt ett f\u00f6rslag om kraftigt sk\u00e4rpta straff f\u00f6r sexualbrott som beg\u00e5s av fler \u00e4n en f\u00f6r\u00f6vare. F\u00f6rslaget ska nu granskas av kongressen.<\/p>\n<p> M\u00e5nga aktivister menar dock att politikerna i allt f\u00f6r h\u00f6g grad bara har valt att fokusera p\u00e5 de r\u00e4ttsliga fr\u00e5gorna. Sonia Correa, som f\u00f6retr\u00e4der den globala organisationen Sexuality Policy Watch, menar att h\u00e5rdare straff inte kan vara det enda svaret, vilket exemplet Indien har visat d\u00e4r d\u00f6dsstraff \u00e5r 2013 inf\u00f6rdes f\u00f6r g\u00e4ngv\u00e5ldt\u00e4kter eller v\u00e5ldt\u00e4kter d\u00e4r offret \u00e4ven m\u00f6rdas.<\/p>\n<p> Sonia Correa menar att den avg\u00f6rande fr\u00e5gan snarare \u00e4r kulturell.<\/p>\n<p> -Samh\u00e4llet har alltid underbl\u00e5st v\u00e5ld mot kvinnor, och en stor andel av befolkningen l\u00e4gger skulden p\u00e5 offret, s\u00e4ger hon.<\/p>\n<p> Sonia Correa \u00e4r arkitekt och har \u00e4ven en examen i antropologi, och hon menar att det finns en gammal v\u00e5ldt\u00e4ktskultur i Brasilien.<\/p>\n<p> -Det djupaste r\u00f6tterna finns i kolonialismen och slaveriet och i en manlig tradition av att kunna kontrollera andra m\u00e4nniskors kroppar, inte bara kvinnors, utan ocks\u00e5 slavars.<\/p>\n<p> Sonia Correa s\u00e4ger att den brasilianska sexuallagstiftningen fram till f\u00f6r bara sju \u00e5r sedan slog fast att v\u00e5ldt\u00e4kt var ett brott mot samh\u00e4llet och familjen, och inte i f\u00f6rsta hand ett brott mot kvinnan. Lagen \u00e4ndrades f\u00f6rst 2009.<\/p>\n<p> Straff p\u00e5 upp till 30 \u00e5rs f\u00e4ngelse har dock inte lyckats stoppa de sexualbrott som m\u00e5nga menar snarare har blivit allt vanligare i landet. \u00c5r 2011 anm\u00e4ldes det enligt det statliga institutet IPEA 50 600 v\u00e5ldt\u00e4kter i Brasilien, ett land med 205 miljoner inv\u00e5nare. Det motsvarar en v\u00e5ldt\u00e4kt var tionde minut.<\/p>\n<p> Samtidigt menar m\u00e5nga bed\u00f6mare att den verkliga siffran \u00f6ver antalet v\u00e5ldt\u00e4kter som beg\u00e5s sannolikt \u00e4r mycket h\u00f6gre &#8211; kanske tio g\u00e5nger s\u00e5 h\u00f6g. Detta eftersom m\u00e5nga brottsoffer k\u00e4nner skuld eller r\u00e4dsla inf\u00f6r att anm\u00e4la brotten till polisen.<\/p>\n<p> L\u00e4karen Jurema Werneck arbetar f\u00f6r organisationen Criola, som k\u00e4mpar f\u00f6r svartas r\u00e4ttigheter, och enligt henne \u00e4r en oproportionerligt stor andel av v\u00e5ldt\u00e4ktsoffren svarta kvinnor.<\/p>\n<p> -V\u00e5ldt\u00e4kterna har sina r\u00f6tter i sexism, men ocks\u00e5 i en patriarkal rasism &#8211; det handlar om ett maktut\u00f6vande \u00f6ver personer som anses vara mindre v\u00e4rda och maktl\u00f6sa, som svarta kvinnor, s\u00e4ger Jurema Werneck till IPS.<\/p>\n<p> Marisa Sanematsu vid den brasilianska feministiska organisationen Patricia Galv\u00e3o Institute, menar att m\u00e5nga vanliga medborgare blir oerh\u00f6rt uppr\u00f6rda \u00f6ver vissa brott &#8211; s\u00e4rskilt brott som beg\u00e5s mot barn.<\/p>\n<p> -Men samtidigt finns det en viss tolerans f\u00f6r sexuella v\u00e5ldsbrott som beg\u00e5s mot kvinnor, s\u00e4ger hon.<\/p>\n<p> Marisa Sanematsu menar att m\u00e5nga v\u00e5ldt\u00e4ktsoffer v\u00e4ljer att inte anm\u00e4la brotten p\u00e5 grund av att de oroar sig \u00f6ver reaktionerna fr\u00e5n v\u00e4nner, familj, polis och domstolar.<\/p>\n<p> -Uppfattningen \u00e4r ofta att m\u00e4n inte kan kontrollera sina sexuella lustar n\u00e4r de m\u00f6ter attraktiva kvinnor som anses vara utmanande kl\u00e4dda.<\/p>\n<p> Marisa Sanematsu menar att det viktigaste i kampen mot alla former av v\u00e5ld \u00e4r satsningar f\u00f6r att \u00f6ka j\u00e4mst\u00e4lldheten.<\/p>\n<p> -Inget kommer att uppn\u00e5s s\u00e5 l\u00e4nge vi inte tar strid med grundorsakerna till v\u00e5ldet, som inte har att g\u00f6ra med fattigdom utan \u00e4r n\u00e5got som finns inom alla samh\u00e4llsklasser, s\u00e4ger hon.<\/p>\n<p> Sonia Correa menar att det beh\u00f6vs ett nytt manlighetsideal.<\/p>\n<p> -Ett ideal som inte bygger p\u00e5 &#8220;sexuell rovdrift&#8221;, s\u00e4ger hon.<\/p>\n<p> M\u00e5nga kvinnoaktivister i landet \u00e4r samtidigt oroade \u00f6ver att de konservativa krafterna vuxit sig starkare inom landets kongress &#8211; d\u00e4r det f\u00f6r n\u00e4rvarande finns flera f\u00f6rslag om att ytterligare sk\u00e4rpa f\u00f6rbudet mot aborter, men ocks\u00e5 flera f\u00f6rslag som skulle begr\u00e4nsa hbtq-personers nyvunna r\u00e4ttigheter.<\/p>\n<p> De konservativa vann nyligen ytterligare mark genom utn\u00e4mningen av den tidigare vicepresidenten Michel Temer som st\u00e4llf\u00f6retr\u00e4dande president och ledare f\u00f6r en ny regering, under den p\u00e5g\u00e5ende riksr\u00e4ttsprocessen mot Dilma Rousseff.<\/p>\n<p> Ledaren f\u00f6r departementet f\u00f6r kvinnofr\u00e5gor leds av en f\u00f6retr\u00e4dare fr\u00e5n kongressen som redan har meddelat att hon inte anser att abort ska f\u00e5 genomf\u00f6ras ens n\u00e4r graviditeten \u00e4r ett resultat av en v\u00e5ldt\u00e4kt, som \u00e4r ett av de f\u00e5 exempel d\u00e4r abort kan till\u00e5tas i dagsl\u00e4get.<\/p>\n<p> Michel Temers nya regering \u00e4r den f\u00f6rsta p\u00e5 m\u00e5nga \u00e5r som helt saknar kvinnor eller svarta medlemmar.<\/p>\n","protected":false},"excerpt":{"rendered":"<p>Rio de Janeiro, 160621 (IPS) &#8211; Uppgifterna om att en 16-\u00e5rig flicka nyligen utsatts f\u00f6r en gruppv\u00e5ldt\u00e4kt av \u00f6ver 30 m\u00e4n i Rio de Janeiro utl\u00f6ste kraftiga protester fr\u00e5n tusentals kvinnor i Brasilien. Aktivister menar dock att det inte r\u00e4cker&hellip; <a href=\"http:\/\/ipsnews.net\/svenska\/2016\/06\/21\/brasilianska-krav-pa-insatser-mot-valdtakter\/\" class=\"more-link\">Continue Reading <span class=\"meta-nav\">&rarr;<\/span><\/a><\/p>\n","protected":false},"author":11,"featured_media":0,"comment_status":"open","ping_status":"open","sticky":false,"template":"","format":"standard","meta":{"footnotes":""},"categories":[1,27,15,10,7],"tags":[],"class_list":["post-17460","post","type-post","status-publish","format-standard","hentry","category-headlines","category-jamstalldhet","category-latinamerika","category-manskliga-rattigheter","category-politik"],"_links":{"self":[{"href":"http:\/\/ipsnews.net\/svenska\/wp-json\/wp\/v2\/posts\/17460","targetHints":{"allow":["GET"]}}],"collection":[{"href":"http:\/\/ipsnews.net\/svenska\/wp-json\/wp\/v2\/posts"}],"about":[{"href":"http:\/\/ipsnews.net\/svenska\/wp-json\/wp\/v2\/types\/post"}],"author":[{"embeddable":true,"href":"http:\/\/ipsnews.net\/svenska\/wp-json\/wp\/v2\/users\/11"}],"replies":[{"embeddable":true,"href":"http:\/\/ipsnews.net\/svenska\/wp-json\/wp\/v2\/comments?post=17460"}],"version-history":[{"count":0,"href":"http:\/\/ipsnews.net\/svenska\/wp-json\/wp\/v2\/posts\/17460\/revisions"}],"wp:attachment":[{"href":"http:\/\/ipsnews.net\/svenska\/wp-json\/wp\/v2\/media?parent=17460"}],"wp:term":[{"taxonomy":"category","embeddable":true,"href":"http:\/\/ipsnews.net\/svenska\/wp-json\/wp\/v2\/categories?post=17460"},{"taxonomy":"post_tag","embeddable":true,"href":"http:\/\/ipsnews.net\/svenska\/wp-json\/wp\/v2\/tags?post=17460"}],"curies":[{"name":"wp","href":"https:\/\/api.w.org\/{rel}","templated":true}]}}