{"id":17151,"date":"2015-10-16T13:40:01","date_gmt":"2015-10-16T13:40:01","guid":{"rendered":"http:\/\/ipsnews.net\/svenska\/2015\/10\/16\/fn-personal-protesterar-mot-lonesankningar\/"},"modified":"2015-10-16T13:40:01","modified_gmt":"2015-10-16T13:40:01","slug":"fn-personal-protesterar-mot-lonesankningar","status":"publish","type":"post","link":"http:\/\/ipsnews.net\/svenska\/2015\/10\/16\/fn-personal-protesterar-mot-lonesankningar\/","title":{"rendered":"FN-personal protesterar mot l\u00f6nes\u00e4nkningar"},"content":{"rendered":"<p>New York, 151016 (IPS) &#8211; De FN-anst\u00e4lldas fackf\u00f6rbund \u00e4r mycket kritiskt till ett f\u00f6rslag som skulle leda till s\u00e4nkta l\u00f6ner f\u00f6r alla med l\u00e4gre befattningar inom v\u00e4rldsorganisationen, samtidigt som de h\u00f6gre upp i hierarkin inte skulle p\u00e5verkas.<\/p>\n<p><!--more--><\/p>\n<p>Ian Richards, ordf\u00f6rande f\u00f6r fackf\u00f6rbundet CCISUA, som representerar 60 000 FN-anst\u00e4llda, \u00e4r mycket kritisk till f\u00f6rslaget och n\u00e4mner de anklagelser om korruption som nyligen riktats mot John Ashe, tidigare ordf\u00f6rande f\u00f6r generalf\u00f6rsamlingen.<\/p>\n<p> -Det p\u00e5g\u00e5r f\u00f6rs\u00f6k att drastiskt s\u00e4nka l\u00f6nerna f\u00f6r den del av personalen som riskerar sina liv ute p\u00e5 f\u00e4ltet samtidigt som en f\u00f6re detta ordf\u00f6rande f\u00f6r generalf\u00f6rsamlingen p\u00e5st\u00e5s ha mottagit en miljon dollar i mutpengar som g\u00e5tt till Rolexklockor, massage och en privat basketbollsplan, s\u00e4ger Ian Richards till IPS.<\/p>\n<p> Enligt uppgift har FN:s avdelning f\u00f6r personal\u00e4renden, ICSC, lagt fram ett f\u00f6rslag p\u00e5 en ny l\u00f6nestruktur som i november kommer att behandlas av generalf\u00f6rsamlingens femte kommitt\u00e9 som har ansvar f\u00f6r FN:s ekonomi.<\/p>\n<p> Ian Richards h\u00e4vdar att fackf\u00f6rbundet r\u00e4knat ut att f\u00f6rslaget skulle inneb\u00e4ra l\u00f6nes\u00e4nkningar p\u00e5 uppemot tio procent f\u00f6r tusentals FN-anst\u00e4llda.<\/p>\n<p> -Missn\u00f6jet \u00e4r mycket stort bland m\u00e5nga kollegor. Det h\u00e4r s\u00e4nder en signal om att det h\u00e5rda jobb som personalen l\u00e4gger ner inte l\u00e4ngre v\u00e4rderas.<\/p>\n<p> Barbara Tavora-Jainchill, som \u00e4r ordf\u00f6rande f\u00f6r FN-fackets avdelning i New York, skrev nyligen i ett brev till personalen att f\u00f6rslaget dessutom skulle leda till att de h\u00f6gsta FN-tj\u00e4nstem\u00e4nnen i st\u00e4llet skulle f\u00e5 l\u00f6neh\u00f6jningar. &#8220;Detta \u00e4r omoraliskt. Vi kan inte och kommer inte att st\u00e4lla oss bakom detta f\u00f6rslag utan bek\u00e4mpa det efter b\u00e4sta f\u00f6rm\u00e5ga&#8221;, skrev Barbara Tavora-Jainchill.<\/p>\n<p> Enligt Ian Richards har personal ute p\u00e5 f\u00e4ltet tagit mycket illa vid sig av f\u00f6rslaget.<\/p>\n<p> -En av mina kollegor i Sydsudan ber\u00e4ttade att n\u00e4r nedsk\u00e4rningarna hade presenterats vid ett personalm\u00f6te s\u00e5 s\u00e5g det ut som om alla i rummet precis hade f\u00e5tt ett slag i magen.<\/p>\n<p> Han p\u00e5pekar samtidigt att 19 personer som var FN-anst\u00e4llda eller arbetade inom FN-projekt d\u00f6dats i Sydsudan sedan b\u00f6rjan av 2011, samtidigt som \u00e4nnu fler blivit skadade.<\/p>\n<p> -Men det v\u00e4rsta n\u00e4r man arbetar i frontlinjen \u00e4r inte de fysiska farorna, utan k\u00e4nslan av att inte f\u00e5 st\u00f6d, vare sig av landets representanter eller av FN sj\u00e4lvt, s\u00e4ger Ian Richards.<\/p>\n<p> Barbara Tavora-Jainchill s\u00e4ger till IPS att det slutgiltiga beskedet om de nya l\u00f6nerna f\u00f6rv\u00e4ntas komma i slutet av \u00e5ret.<\/p>\n","protected":false},"excerpt":{"rendered":"<p>New York, 151016 (IPS) &#8211; De FN-anst\u00e4lldas fackf\u00f6rbund \u00e4r mycket kritiskt till ett f\u00f6rslag som skulle leda till s\u00e4nkta l\u00f6ner f\u00f6r alla med l\u00e4gre befattningar inom v\u00e4rldsorganisationen, samtidigt som de h\u00f6gre upp i hierarkin inte skulle p\u00e5verkas.<\/p>\n","protected":false},"author":17,"featured_media":0,"comment_status":"open","ping_status":"open","sticky":false,"template":"","format":"standard","meta":{"footnotes":""},"categories":[20,1,7,11],"tags":[],"class_list":["post-17151","post","type-post","status-publish","format-standard","hentry","category-arbete","category-headlines","category-politik","category-utveckling"],"_links":{"self":[{"href":"http:\/\/ipsnews.net\/svenska\/wp-json\/wp\/v2\/posts\/17151","targetHints":{"allow":["GET"]}}],"collection":[{"href":"http:\/\/ipsnews.net\/svenska\/wp-json\/wp\/v2\/posts"}],"about":[{"href":"http:\/\/ipsnews.net\/svenska\/wp-json\/wp\/v2\/types\/post"}],"author":[{"embeddable":true,"href":"http:\/\/ipsnews.net\/svenska\/wp-json\/wp\/v2\/users\/17"}],"replies":[{"embeddable":true,"href":"http:\/\/ipsnews.net\/svenska\/wp-json\/wp\/v2\/comments?post=17151"}],"version-history":[{"count":0,"href":"http:\/\/ipsnews.net\/svenska\/wp-json\/wp\/v2\/posts\/17151\/revisions"}],"wp:attachment":[{"href":"http:\/\/ipsnews.net\/svenska\/wp-json\/wp\/v2\/media?parent=17151"}],"wp:term":[{"taxonomy":"category","embeddable":true,"href":"http:\/\/ipsnews.net\/svenska\/wp-json\/wp\/v2\/categories?post=17151"},{"taxonomy":"post_tag","embeddable":true,"href":"http:\/\/ipsnews.net\/svenska\/wp-json\/wp\/v2\/tags?post=17151"}],"curies":[{"name":"wp","href":"https:\/\/api.w.org\/{rel}","templated":true}]}}