{"id":17006,"date":"2015-05-29T13:40:01","date_gmt":"2015-05-29T13:40:01","guid":{"rendered":"http:\/\/ipsnews.net\/svenska\/2015\/05\/29\/fler-aldre-satter-hard-press-pa-latinamerikas-kvinnor\/"},"modified":"2015-05-29T13:40:01","modified_gmt":"2015-05-29T13:40:01","slug":"fler-aldre-satter-hard-press-pa-latinamerikas-kvinnor","status":"publish","type":"post","link":"http:\/\/ipsnews.net\/svenska\/2015\/05\/29\/fler-aldre-satter-hard-press-pa-latinamerikas-kvinnor\/","title":{"rendered":"Fler \u00e4ldre s\u00e4tter h\u00e5rd press p\u00e5 Latinamerikas kvinnor"},"content":{"rendered":"<p>Buenos Aires, 150529 (IPS) &#8211; M\u00e5nga latinamerikanska kvinnor f\u00f6rv\u00e4ntas inte bara sk\u00f6ta sina egna arbeten och hush\u00e5llssysslor, utan ocks\u00e5 ta hand om \u00e5ldrande familjemedlemmar. Men i takt med att allt fler blir \u00e4ldre st\u00e4lls m\u00e5nga kvinnor inf\u00f6r en mycket pressad situation.<\/p>\n<p><!--more--><\/p>\n<p>Enligt Argentinas statistikmyndighet Inec l\u00e4gger landets kvinnor dubbelt s\u00e5 mycket tid p\u00e5 omv\u00e5rdnad j\u00e4mf\u00f6rt med m\u00e4nnen. En av dem som vet hur sv\u00e5rt det kan vara att f\u00e5 tiden att r\u00e4cka till \u00e4r den argentinska yrkeskvinnan och trebarnsmamman Alicia, som nu ansvarar f\u00f6r sin 99-\u00e5riga mamma. Hennes mamma m\u00e5r bra med tanke p\u00e5 sin \u00e5lder, men Alicia oroar sig \u00f6ver hur det ska bli framtiden, eftersom hon inte kommer att ha r\u00e5d att betala f\u00f6r att n\u00e5gon ska ta hand om mamman p\u00e5 heltid.<\/p>\n<p> -Min mammas tillst\u00e5nd \u00e4r p\u00e5 v\u00e4g att f\u00f6r\u00e4ndras, och allt blir sv\u00e5rare och sv\u00e5rare f\u00f6r henne, samtidigt som hennes minne har b\u00f6rjat svikta, s\u00e4ger Alicia, som inte vill uppge sitt fullst\u00e4ndiga namn.<\/p>\n<p> Fram till nu har hon lyckats sk\u00f6ta b\u00e5de sitt arbete och sin mammas omv\u00e5rdnad med hj\u00e4lp av en kusin och en kvinna som hon anlitar d\u00e5 och d\u00e5.<\/p>\n<p> -Men snart kommer jag att bli tvungen att hitta ett annat alternativ. Men jag har ingen aning om hur, och tiden r\u00e4cker inte till. Men jag m\u00e5ste hitta en l\u00f6sning, om jag \u00e4ven ska kunna forts\u00e4tta med mitt eget liv, s\u00e4ger hon.<\/p>\n<p> Med tanke p\u00e5 de demografiska f\u00f6r\u00e4ndringarna i Latinamerika riskerar situationen snarare att f\u00f6rv\u00e4rras f\u00f6r m\u00e5nga kvinnor. Det s\u00e4ger Gimena de Le\u00f3n vid FN:s utvecklingsprogram UNDP.<\/p>\n<p> -Vi st\u00e5r inf\u00f6r en v\u00e5rdkris i Latinamerika. I takt med att medellivsl\u00e4ngden \u00f6kar blir allt fler \u00e4ldre, och det blir allt fler m\u00e4nniskor som beh\u00f6ver hj\u00e4lp, s\u00e4ger Gimena de Le\u00f3n till IPS.  Utvecklingen g\u00e5r samtidigt \u00e5t motsatt h\u00e5ll i fr\u00e5ga om hur m\u00e5nga som har m\u00f6jlighet att hj\u00e4lpa sina \u00e4ldre familjemedlemmar, eftersom allt fler kvinnor b\u00f6rjat arbeta utanf\u00f6r hemmet.  -Det \u00e4r d\u00e4r flaskhalsen uppst\u00e5r, s\u00e4ger Gimena de Le\u00f3n.<\/p>\n<p> Enligt Internationella arbetsorganisationen, ILO, befinner sig 53 procent av regionens kvinnor i arbetsf\u00f6r \u00e5lder ute p\u00e5 arbetsmarknaden. \u00c5r 2050 ber\u00e4knas samtidigt en fj\u00e4rdedel av regionens befolkning best\u00e5 av \u00e5ldrande m\u00e4nniskor &#8211; vilket inneb\u00e4r en demografisk f\u00f6r\u00e4ndring som regionen aldrig tidigare har st\u00e4llts inf\u00f6r.<\/p>\n<p> Ren\u00e9 Mauricio Vald\u00e9s, som \u00e4r UNDP:s representant i Argentina, menar att dessa f\u00f6r\u00e4ndringar skapar ett tomrum &#8211; eftersom det fram tills nu har tagits f\u00f6r givet att kvinnorna ska ta hand om sina \u00e5ldrande familjemedlemmar.<\/p>\n<p> UNDP och ILO menar att regionens regeringar m\u00e5ste agera f\u00f6r att \u00f6ka j\u00e4mst\u00e4lldheten.<\/p>\n<p> -Den nuvarande politiken r\u00e4cker inte f\u00f6r att minska den b\u00f6rda som omv\u00e5rdnaden blir f\u00f6r familjerna, och i synnerhet f\u00f6r kvinnorna &#8211; som utf\u00f6r dessa sysslor i mycket h\u00f6gre grad \u00e4n m\u00e4nnen. Det \u00e4r or\u00e4ttvist n\u00e4r man ser den tid och de resurser som kvinnor l\u00e4gger p\u00e5 detta, och staten m\u00e5ste ta en del av ansvaret, s\u00e4ger Gimena de Le\u00f3n.<\/p>\n<p> Fabi\u00e1n Repetto, som arbetar f\u00f6r en argentinsk organisation f\u00f6r \u00f6kad j\u00e4mst\u00e4lldhet, menar samtidigt att denna fr\u00e5ga inte har f\u00e5tt den uppm\u00e4rksamhet den f\u00f6rtj\u00e4nar i den offentliga debatten.<\/p>\n<p> -Fr\u00e5gan har aldrig prioriterats inom politiken, s\u00e4ger hon till IPS, och till\u00e4gger att detta m\u00e5ste f\u00f6r\u00e4ndras i takt med att problemen blir allt mer akuta.<\/p>\n<p> *IPS kan erbjuda v\u00e5ra prenumeranter bilder till vissa av v\u00e5ra artiklar. Dessa s\u00e4ljs separat till ett fast pris p\u00e5 500 kronor styck, eller genom s\u00e4rskilda bildabonnemang. Om ni inte har ett bildabonnemang men vill publicera denna bild var v\u00e4nlig och mejla v\u00e5r svenska redaktion p\u00e5: sweden(at)ipsnews.net och meddela att ni anv\u00e4nt den.<\/p>\n<p> <UL> <LI><A HREF=\"https:\/\/farm6.staticflickr.com\/5455\/17238412775_5319079bb9_o.jpg\" class=\"linkblue\" target=\"new\">Medellivsl\u00e4ngden \u00f6kar i Latinamerika och allt fler \u00e4ldre beh\u00f6ver hj\u00e4lp f\u00f6r att klara sitt dagliga liv. Traditionellt har detta varit kvinnornas uppgift, men i takt med att allt fler kvinnor \u00e4ven l\u00f6nearbetar riskerar regionen nu att drabbas av en v\u00e5rdkris. Foto: Fabiana Frayssinet\/IPS<\/font><\/a><\/LI><\/UL><BR><BR><\/p>\n","protected":false},"excerpt":{"rendered":"<p>Buenos Aires, 150529 (IPS) &#8211; M\u00e5nga latinamerikanska kvinnor f\u00f6rv\u00e4ntas inte bara sk\u00f6ta sina egna arbeten och hush\u00e5llssysslor, utan ocks\u00e5 ta hand om \u00e5ldrande familjemedlemmar. Men i takt med att allt fler blir \u00e4ldre st\u00e4lls m\u00e5nga kvinnor inf\u00f6r en mycket pressad&hellip; <a href=\"http:\/\/ipsnews.net\/svenska\/2015\/05\/29\/fler-aldre-satter-hard-press-pa-latinamerikas-kvinnor\/\" class=\"more-link\">Continue Reading <span class=\"meta-nav\">&rarr;<\/span><\/a><\/p>\n","protected":false},"author":646,"featured_media":0,"comment_status":"open","ping_status":"open","sticky":false,"template":"","format":"standard","meta":{"footnotes":""},"categories":[20,4,1,27,15],"tags":[],"class_list":["post-17006","post","type-post","status-publish","format-standard","hentry","category-arbete","category-halsa","category-headlines","category-jamstalldhet","category-latinamerika"],"_links":{"self":[{"href":"http:\/\/ipsnews.net\/svenska\/wp-json\/wp\/v2\/posts\/17006","targetHints":{"allow":["GET"]}}],"collection":[{"href":"http:\/\/ipsnews.net\/svenska\/wp-json\/wp\/v2\/posts"}],"about":[{"href":"http:\/\/ipsnews.net\/svenska\/wp-json\/wp\/v2\/types\/post"}],"author":[{"embeddable":true,"href":"http:\/\/ipsnews.net\/svenska\/wp-json\/wp\/v2\/users\/646"}],"replies":[{"embeddable":true,"href":"http:\/\/ipsnews.net\/svenska\/wp-json\/wp\/v2\/comments?post=17006"}],"version-history":[{"count":0,"href":"http:\/\/ipsnews.net\/svenska\/wp-json\/wp\/v2\/posts\/17006\/revisions"}],"wp:attachment":[{"href":"http:\/\/ipsnews.net\/svenska\/wp-json\/wp\/v2\/media?parent=17006"}],"wp:term":[{"taxonomy":"category","embeddable":true,"href":"http:\/\/ipsnews.net\/svenska\/wp-json\/wp\/v2\/categories?post=17006"},{"taxonomy":"post_tag","embeddable":true,"href":"http:\/\/ipsnews.net\/svenska\/wp-json\/wp\/v2\/tags?post=17006"}],"curies":[{"name":"wp","href":"https:\/\/api.w.org\/{rel}","templated":true}]}}