{"id":1700,"date":"2003-07-23T13:40:01","date_gmt":"2003-07-23T13:40:01","guid":{"rendered":"http:\/\/ipsnews.net\/svenska\/2003\/07\/23\/protester-mot-frankrikes-overfulla-fangelser\/"},"modified":"2003-07-23T13:40:01","modified_gmt":"2003-07-23T13:40:01","slug":"protester-mot-frankrikes-overfulla-fangelser","status":"publish","type":"post","link":"http:\/\/ipsnews.net\/svenska\/2003\/07\/23\/protester-mot-frankrikes-overfulla-fangelser\/","title":{"rendered":"Protester mot Frankrikes \u00f6verfulla f\u00e4ngelser"},"content":{"rendered":"<p>Perpignan, 030723 (IPS) &#8211; Perpignan (IPS-Julio Godoy): Frankrikes f\u00e4ngelser \u00e4r \u00f6verfulla. Under de heta sommarm\u00e5naderna har allt fler f\u00e5ngar protesterat mot situationen. Samtidigt varnar landets st\u00f6rsta fackf\u00f6rbund f\u00f6r att den sp\u00e4nda situationen inne p\u00e5 anstalterna kan utl\u00f6sa v\u00e5ldsamheter.<\/p>\n<p><!--more--><\/p>\n<p> Frankrikes f\u00e4ngelser har 61 000 f\u00e5ngar, trots att de egentligen bara \u00e4r byggda f\u00f6r att h\u00e5lla drygt 48 000. Vid vissa anstalter, som f\u00e4ngelset i staden Perpignan, \u00e4r antalet f\u00e5ngar tre g\u00e5nger fler \u00e4n de \u00e4r byggda f\u00f6r.<\/p>\n<p> &#8211; Situationen i de franska f\u00e4ngelserna \u00e4r skandal\u00f6s, s\u00e4ger Francois Faug\u00e8re, advokat i Perpignan.<\/p>\n<p> Enligt honom kan upp till tio f\u00e5ngar dela p\u00e5 celler som \u00e4r byggda f\u00f6r enbart fyra personer.<\/p>\n<p> Det franska advokatsamfundet har lanserat en kampanj i syfte att f\u00f6rb\u00e4ttra situationen p\u00e5 landets f\u00e4ngelser. Samfundet beskriver den r\u00e5dande situationen p\u00e5 anstalterna som ett brott mot de m\u00e4nskliga r\u00e4ttigheterna.<\/p>\n<p> Frederic Grandcolas, generalsekreterare f\u00f6r f\u00e4ngelsearbetarnas fackf\u00f6rbund UFAP, menar att situationen \u00e4r skr\u00e4mmande.<\/p>\n<p> &#8211; P\u00e5 grund av de \u00f6verbefolkade f\u00e4ngelserna tvingas f\u00e5ngar sova p\u00e5 golvet, ber\u00e4ttade han vid en presskonferens.<\/p>\n<p> Frankrikes ledande fackf\u00f6rbund CGT h\u00e4vdar att situationen p\u00e5 de \u00f6verfulla f\u00e4ngelserna blivit \u00e4n mer instabil under de heta sommarm\u00e5naderna. I ett uttalande s\u00e4ger CGT att utbrott av v\u00e5ldsamheter inne p\u00e5 anstalterna under sommaren inte skulle komma som n\u00e5gon \u00f6verraskning.<\/p>\n<p> M\u00e5nga kritiker menar att den uppkomna situationen \u00e4r resultatet av president Jacques Chiracs politik att d\u00f6ma m\u00e4nniskor till f\u00e4ngelse \u00e4ven f\u00f6r sm\u00e5brott.<\/p>\n<p> &#8211; Chirac och hans regering har inf\u00f6rt en nolltolerans mot kriminalitet, vilket inneb\u00e4r att m\u00e4nniskor d\u00f6ms till f\u00e4ngelse f\u00f6r de l\u00f6jligaste sm\u00e5brott, s\u00e4ger Frederic Grandcolas.<\/p>\n<p> Enligt Pierre Tournier, ordf\u00f6rande f\u00f6r Franska kriminologiska f\u00f6rbundet, har regeringen medvetet skapat den r\u00e5dande situationen p\u00e5 f\u00e4ngelserna.<\/p>\n<p> &#8211; Om antalet f\u00e5ngar forts\u00e4tter att v\u00e4xa i samma takt som nu kommer antalet intagna att f\u00f6rdubblas inom fem \u00e5r. Det \u00e4r b\u00e5de politiskt och socialt oacceptabelt, s\u00e4ger han.<\/p>\n<p> Enligt Tournier \u00f6kade antalet f\u00e5ngar i landet med 14 procent fr\u00e5n september 2001 och ett \u00e5r fram\u00e5t.<\/p>\n<p> Samtidigt har ocks\u00e5 protesterna inne p\u00e5 de \u00f6verfulla anstalterna \u00f6kat i antal. Nyligen genomf\u00f6rde 140 f\u00e5ngar p\u00e5 f\u00e4ngelset i nordfranska Loos en protest mot f\u00f6rh\u00e5llandena p\u00e5 anstalten, som \u00e4r byggd f\u00f6r 485 personer men som i dag har 1 200 interner.<\/p>\n<p> Liknande protester har \u00e4ven genomf\u00f6rts nyligen vid f\u00e4ngelserna i Saint Maur, Chambery, och i Perpignan.<\/p>\n<p> Men justitiedepartementet h\u00e4vdar i ett uttalande att &#8220;situationen \u00e4r under kontroll&#8221;, samt att l\u00e4get inte \u00e4r mer alarmerande i dag \u00e4n det var f\u00f6r ett \u00e5r sedan.<\/p>\n<p> Myndigheterna planerar att fram till \u00e5r 2007 bygga nya f\u00e4ngelser och d\u00e4rmed \u00f6ka kapaciteten med 7 000 platser. Samtidigt p\u00e5pekar man att antalet f\u00e5ngar i landet fortfarande \u00e4r relativt l\u00e5g, med 61 000 interner p\u00e5 en befolkning av 61 miljoner inv\u00e5nare.<\/p>\n<p> Det g\u00e5r 99 f\u00e5ngar p\u00e5 100 000 inv\u00e5nare i Frankrike. I Storbritannien \u00e4r siffran 135, medan USA har \u00f6ver 700 f\u00e5ngar p\u00e5 100 000 inv\u00e5nare.<\/p>\n<p>\n","protected":false},"excerpt":{"rendered":"<p>Perpignan, 030723 (IPS) &#8211; Perpignan (IPS-Julio Godoy): Frankrikes f\u00e4ngelser \u00e4r \u00f6verfulla. Under de heta sommarm\u00e5naderna har allt fler f\u00e5ngar protesterat mot situationen. Samtidigt varnar landets st\u00f6rsta fackf\u00f6rbund f\u00f6r att den sp\u00e4nda situationen inne p\u00e5 anstalterna kan utl\u00f6sa v\u00e5ldsamheter.<\/p>\n","protected":false},"author":5,"featured_media":0,"comment_status":"open","ping_status":"open","sticky":false,"template":"","format":"standard","meta":{"footnotes":""},"categories":[1,10,7],"tags":[],"class_list":["post-1700","post","type-post","status-publish","format-standard","hentry","category-headlines","category-manskliga-rattigheter","category-politik"],"_links":{"self":[{"href":"http:\/\/ipsnews.net\/svenska\/wp-json\/wp\/v2\/posts\/1700","targetHints":{"allow":["GET"]}}],"collection":[{"href":"http:\/\/ipsnews.net\/svenska\/wp-json\/wp\/v2\/posts"}],"about":[{"href":"http:\/\/ipsnews.net\/svenska\/wp-json\/wp\/v2\/types\/post"}],"author":[{"embeddable":true,"href":"http:\/\/ipsnews.net\/svenska\/wp-json\/wp\/v2\/users\/5"}],"replies":[{"embeddable":true,"href":"http:\/\/ipsnews.net\/svenska\/wp-json\/wp\/v2\/comments?post=1700"}],"version-history":[{"count":0,"href":"http:\/\/ipsnews.net\/svenska\/wp-json\/wp\/v2\/posts\/1700\/revisions"}],"wp:attachment":[{"href":"http:\/\/ipsnews.net\/svenska\/wp-json\/wp\/v2\/media?parent=1700"}],"wp:term":[{"taxonomy":"category","embeddable":true,"href":"http:\/\/ipsnews.net\/svenska\/wp-json\/wp\/v2\/categories?post=1700"},{"taxonomy":"post_tag","embeddable":true,"href":"http:\/\/ipsnews.net\/svenska\/wp-json\/wp\/v2\/tags?post=1700"}],"curies":[{"name":"wp","href":"https:\/\/api.w.org\/{rel}","templated":true}]}}