{"id":16973,"date":"2015-05-05T13:40:01","date_gmt":"2015-05-05T13:40:01","guid":{"rendered":"http:\/\/ipsnews.net\/svenska\/2015\/05\/05\/judiska-etiopier-i-protest-mot-polisvald-och-rasism\/"},"modified":"2015-05-05T13:40:01","modified_gmt":"2015-05-05T13:40:01","slug":"judiska-etiopier-i-protest-mot-polisvald-och-rasism","status":"publish","type":"post","link":"http:\/\/ipsnews.net\/svenska\/2015\/05\/05\/judiska-etiopier-i-protest-mot-polisvald-och-rasism\/","title":{"rendered":"Judiska etiopier i protest mot polisv\u00e5ld och rasism"},"content":{"rendered":"<p>New York, 150505 (IPS) &#8211; Tusentals m\u00e4nniskor gick ut p\u00e5 gatorna i Tel Aviv i s\u00f6ndags f\u00f6r att protestera mot polisbrutalitet och diskriminering.<\/p>\n<p><!--more--><\/p>\n<p>En utl\u00f6sande faktor till protesterna var publiceringen av en filmsekvens som visar hur en polis misshandlar en uniformerad israelisk soldat av etiopisk h\u00e4rkomst.<\/p>\n<p> Demonstranterna blockerade en av huvudv\u00e4garna i Tel Aviv och polisen svarade med vattenkanoner och t\u00e5rgas. Enligt nyhetskanalen al-Jazira skadades 13 personer i sammandrabbningarna mellan polis och demonstranter. Tv\u00e5 poliser uppges ha blivit avst\u00e4ngda efter att ha blivit misst\u00e4nkta f\u00f6r \u00f6verv\u00e5ld.<\/p>\n<p> I den film som gav upphov till protesterna, och som kommer fr\u00e5n en \u00f6vervakningskamera, syns hur Damas Pakada, soldat fr\u00e5n den israeliska f\u00f6rsvarsmakten, leder en cykel. Tv\u00e5 poliser n\u00e4rmar sig och efter ett kort samtal angriper de honom och trycker ned honom p\u00e5 marken medan de misshandlar honom. Poliserna ser ut att v\u00e4ga dubbelt s\u00e5 mycket som Damas Pakada.<\/p>\n<p> Damas Pakada anklagades f\u00f6rst f\u00f6r att ha angripit polisen och greps. Han sl\u00e4pptes dock n\u00e4r filmen fr\u00e5n \u00f6vervakningskameran b\u00f6rjade spridas p\u00e5 sociala medier.<\/p>\n<p> Fentahun Assefa-Dawit, chef f\u00f6r Tebeka, en grupp som arbetar f\u00f6r judiska etiopiers r\u00e4ttigheter, s\u00e4ger att h\u00e4ndelsen var en utl\u00f6sande faktor men inte n\u00e5gon isolerad h\u00e4ndelse.<\/p>\n<p> -Det enda unika i det h\u00e4r fallet var att det f\u00e5ngades p\u00e5 film. Att unga judiska etiopier angrips av polisen och felaktigt anklagas f\u00f6r att ha gjort sig skyldiga till brott \u00e4r alltf\u00f6r vanligt f\u00f6rekommande. Du kan t\u00e4nka dig vad som hade h\u00e4nt med Damas Pakada om det inte hade funnits n\u00e5gon film. Han skulle ha satts i f\u00e4ngelse anklagad f\u00f6r att ha angripit en polis och det hade p\u00e5verkat resten av hans liv, s\u00e4ger han.<\/p>\n<p> Det finns en utbredd frustration bland de judiska etiopierna som kom till Israel p\u00e5 1980- och 1990-talet och som k\u00e4mpar med diskriminering, fattigdom, kriminalitet och arbetsl\u00f6shet. Detta trots att den yngre generationen judiska etiopier talar flytande hebreiska, studerar vid universiteten och tj\u00e4nstg\u00f6r i arm\u00e9n.<\/p>\n<p> -Alla som deltog i protesterna i s\u00f6ndags har upplevt diskriminering p\u00e5 grund av hudf\u00e4rg. Vi har f\u00e5tt nog. Det \u00e4r dags att g\u00f6ra n\u00e5got, s\u00e4ger Mehereta Baruch-Ron, Tel Avivs vice borgm\u00e4stare, som sj\u00e4lv \u00e4r av etiopisk h\u00e4rkomst.<\/p>\n<p> -Vi borde inte ta v\u00e4rvning i arm\u00e9n och sluta betala skatt. N\u00e4r staten inte tar ansvar f\u00f6r medborgarna beh\u00f6ver inte medborgarna ta ansvar f\u00f6r staten, s\u00e4ger Shlomo Molla, tidigare politiker som ocks\u00e5 \u00e4r av etiopisk h\u00e4rkomst.<\/p>\n<p> N\u00e4r filmen spreds p\u00e5 sociala medier beslutade Israels premi\u00e4rminister Benjamin Netanyahu att tr\u00e4ffa Damas Pakada. Han sade sig vara chockad \u00f6ver bilderna.  -Vi kan inte acceptera det h\u00e4r. Situationen m\u00e5ste f\u00f6r\u00e4ndras, sade Benjamin Netanyahu.<\/p>\n","protected":false},"excerpt":{"rendered":"<p>New York, 150505 (IPS) &#8211; Tusentals m\u00e4nniskor gick ut p\u00e5 gatorna i Tel Aviv i s\u00f6ndags f\u00f6r att protestera mot polisbrutalitet och diskriminering.<\/p>\n","protected":false},"author":1611,"featured_media":0,"comment_status":"open","ping_status":"open","sticky":false,"template":"","format":"standard","meta":{"footnotes":""},"categories":[1,10,17,3,7],"tags":[],"class_list":["post-16973","post","type-post","status-publish","format-standard","hentry","category-headlines","category-manskliga-rattigheter","category-mellanostern","category-migration-och-minoriteter","category-politik"],"_links":{"self":[{"href":"http:\/\/ipsnews.net\/svenska\/wp-json\/wp\/v2\/posts\/16973","targetHints":{"allow":["GET"]}}],"collection":[{"href":"http:\/\/ipsnews.net\/svenska\/wp-json\/wp\/v2\/posts"}],"about":[{"href":"http:\/\/ipsnews.net\/svenska\/wp-json\/wp\/v2\/types\/post"}],"author":[{"embeddable":true,"href":"http:\/\/ipsnews.net\/svenska\/wp-json\/wp\/v2\/users\/1611"}],"replies":[{"embeddable":true,"href":"http:\/\/ipsnews.net\/svenska\/wp-json\/wp\/v2\/comments?post=16973"}],"version-history":[{"count":0,"href":"http:\/\/ipsnews.net\/svenska\/wp-json\/wp\/v2\/posts\/16973\/revisions"}],"wp:attachment":[{"href":"http:\/\/ipsnews.net\/svenska\/wp-json\/wp\/v2\/media?parent=16973"}],"wp:term":[{"taxonomy":"category","embeddable":true,"href":"http:\/\/ipsnews.net\/svenska\/wp-json\/wp\/v2\/categories?post=16973"},{"taxonomy":"post_tag","embeddable":true,"href":"http:\/\/ipsnews.net\/svenska\/wp-json\/wp\/v2\/tags?post=16973"}],"curies":[{"name":"wp","href":"https:\/\/api.w.org\/{rel}","templated":true}]}}