{"id":1695,"date":"2003-07-22T13:40:01","date_gmt":"2003-07-22T13:40:01","guid":{"rendered":"http:\/\/ipsnews.net\/svenska\/2003\/07\/22\/fortsatt-svag-utveckling-for-varldens-fattigaste-lander\/"},"modified":"2003-07-22T13:40:01","modified_gmt":"2003-07-22T13:40:01","slug":"fortsatt-svag-utveckling-for-varldens-fattigaste-lander","status":"publish","type":"post","link":"http:\/\/ipsnews.net\/svenska\/2003\/07\/22\/fortsatt-svag-utveckling-for-varldens-fattigaste-lander\/","title":{"rendered":"Fortsatt svag utveckling f\u00f6r v\u00e4rldens fattigaste l\u00e4nder"},"content":{"rendered":"<p>Gen\u00e8ve, 030722 (IPS) &#8211; Utvecklingen i v\u00e4rldens 49 fattigaste l\u00e4nder har inte p\u00e5verkats m\u00e4rkbart under de tv\u00e5 \u00e5r som g\u00e5tt sedan FN lanserade ett tio\u00e5rigt handlingsprogram i syfte att f\u00e5 fart p\u00e5 l\u00e4ndernas ekonomiska stagnation. <\/p>\n<p><!--more--><\/p>\n<p> Det framkom i samband med ett m\u00f6te i Gen\u00e8ve i veckan om utvecklingen i v\u00e4rldens allra fattigaste l\u00e4nder. I 15 av dessa l\u00e4nder sj\u00f6nk bruttonationalprodukten under f\u00f6rra \u00e5ret. Endast i sju av l\u00e4nderna v\u00e4xte ekonomin med minst tre procent, enligt Anwarul K. Chowdhury, FN:s representant f\u00f6r v\u00e4rldens minst utvecklade l\u00e4nder, MUL.<\/p>\n<p> Situationen beskrivs i en rapport som skrivits av FN tillsammans med representanter f\u00f6r l\u00e4nderna i fr\u00e5ga och olika ickestatliga situationer.<\/p>\n<p> Handlingsprogrammet f\u00f6r de fattiga l\u00e4nderna antogs i samband med en FN-konferens i Bryssel i maj 2001. Men hittills har resultatet uteblivit.<\/p>\n<p> F\u00f6r att betecknas som MUL m\u00e5ste l\u00e4nderna ha en befolkning p\u00e5 f\u00e4rre \u00e4n 75 miljoner inv\u00e5nare, en BNP per capita som understiger 900 dollar om \u00e5ret, l\u00e5gt index f\u00f6r livskvalitet och levnadsstandard och en mycket s\u00e5rbar ekonomi.<\/p>\n<p> I samband med konferensen i Bryssel beslutades om ett program f\u00f6r perioden mellan 2001 och 2010 som skulle omfatta l\u00e4nderna sj\u00e4lva, men ocks\u00e5 bist\u00e5ndsnationerna. N\u00e5gra av m\u00e5ls\u00e4ttningarna \u00e4r att \u00f6ka medborgarnas deltagande i l\u00e4ndernas utveckling, att h\u00f6ja produktionsf\u00f6rm\u00e5gan s\u00e5 att de fattigaste l\u00e4nderna ska kunna dra f\u00f6rdelar av globaliseringen, samt att st\u00e4rka handelns roll f\u00f6r utvecklingen.<\/p>\n<p> \u00c4ven vid tidigare konferenser, 1981 och 1990, lanserades tio\u00e5rsplaner i syfte att f\u00e5 ig\u00e5ng utvecklingen i de fattigaste l\u00e4nderna.<\/p>\n<p> &#8211; De tv\u00e5 f\u00f6rsta programmen skapade inga st\u00f6rre framg\u00e5ngar, s\u00e4ger Chowdhury.<\/p>\n<p> &#8211; En av orsakerna var att det saknades uppf\u00f6ljningar.<\/p>\n<p> Men Bruno Houngan, fr\u00e5n Benin, som f\u00f6retr\u00e4der organisationen Social Alert West Africa, menar att uppf\u00f6ljningar saknas \u00e4ven f\u00f6r det nu p\u00e5g\u00e5ende handlingsprogrammet.<\/p>\n<p> I en rapport fr\u00e5n FN:s generalsekreterare Kofi Annan s\u00e4gs att i endast 11 av de 49 l\u00e4nderna har nationella forum inr\u00e4ttats i syfte att \u00f6vervaka handlingsprogrammets genomf\u00f6rande. Detta trots att dessa forum rekommenderades i deklarationen i Bryssel.<\/p>\n<p> Benins utrikesminister Rogatien Baiou pekar p\u00e5 att l\u00e4nderna har problem med att f\u00e5 ig\u00e5ng sin handel. Baiou menar att de subventioner som betalas ut till b\u00f6nderna i USA, EU och Kina l\u00e4gger hinder i v\u00e4gen f\u00f6r bomullshandeln i V\u00e4stafrika.<\/p>\n<p> De fattiga l\u00e4nderna kr\u00e4ver att V\u00e4rldshandelsorganisationen, WTO, slopar handelshindren i syfte att skapa b\u00e4ttre f\u00f6ruts\u00e4ttningar f\u00f6r att f\u00e5 ig\u00e5ng utvecklingen.<\/p>\n<p> Chowdhury bad i en appell den industrialiserade v\u00e4rlden att \u00f6ppna sina marknader f\u00f6r de fattiga l\u00e4nderna, och minska sina subventioner f\u00f6r att g\u00f6ra det m\u00f6jligt f\u00f6r de fattigaste l\u00e4nderna att konkurrera p\u00e5 lika villkor.<\/p>\n<p> Samtidigt p\u00e5pekade han att de 49 fattigaste l\u00e4nderna knappt st\u00e5r f\u00f6r en halv procent av den totala v\u00e4rldshandeln.<\/p>\n<p> Enligt FN:s senaste ber\u00e4kning lever 718 miljoner m\u00e4nniskor i de allra fattigaste l\u00e4nderna. Det utg\u00f6r ungef\u00e4r 11 procent av den globala befolkningen. Fram till \u00e5r 2015 f\u00f6rv\u00e4ntas den siffran v\u00e4xa till 13 procent av v\u00e4rldens befolkning.<\/p>\n<p>\n","protected":false},"excerpt":{"rendered":"<p>Gen\u00e8ve, 030722 (IPS) &#8211; Utvecklingen i v\u00e4rldens 49 fattigaste l\u00e4nder har inte p\u00e5verkats m\u00e4rkbart under de tv\u00e5 \u00e5r som g\u00e5tt sedan FN lanserade ett tio\u00e5rigt handlingsprogram i syfte att f\u00e5 fart p\u00e5 l\u00e4ndernas ekonomiska stagnation.<\/p>\n","protected":false},"author":89,"featured_media":0,"comment_status":"open","ping_status":"open","sticky":false,"template":"","format":"standard","meta":{"footnotes":""},"categories":[6,1,11],"tags":[],"class_list":["post-1695","post","type-post","status-publish","format-standard","hentry","category-ekonomi","category-headlines","category-utveckling"],"_links":{"self":[{"href":"http:\/\/ipsnews.net\/svenska\/wp-json\/wp\/v2\/posts\/1695","targetHints":{"allow":["GET"]}}],"collection":[{"href":"http:\/\/ipsnews.net\/svenska\/wp-json\/wp\/v2\/posts"}],"about":[{"href":"http:\/\/ipsnews.net\/svenska\/wp-json\/wp\/v2\/types\/post"}],"author":[{"embeddable":true,"href":"http:\/\/ipsnews.net\/svenska\/wp-json\/wp\/v2\/users\/89"}],"replies":[{"embeddable":true,"href":"http:\/\/ipsnews.net\/svenska\/wp-json\/wp\/v2\/comments?post=1695"}],"version-history":[{"count":0,"href":"http:\/\/ipsnews.net\/svenska\/wp-json\/wp\/v2\/posts\/1695\/revisions"}],"wp:attachment":[{"href":"http:\/\/ipsnews.net\/svenska\/wp-json\/wp\/v2\/media?parent=1695"}],"wp:term":[{"taxonomy":"category","embeddable":true,"href":"http:\/\/ipsnews.net\/svenska\/wp-json\/wp\/v2\/categories?post=1695"},{"taxonomy":"post_tag","embeddable":true,"href":"http:\/\/ipsnews.net\/svenska\/wp-json\/wp\/v2\/tags?post=1695"}],"curies":[{"name":"wp","href":"https:\/\/api.w.org\/{rel}","templated":true}]}}