{"id":16627,"date":"2014-08-05T13:40:01","date_gmt":"2014-08-05T13:40:01","guid":{"rendered":"http:\/\/ipsnews.net\/svenska\/2014\/08\/05\/imamer-till-kamp-mot-boko-haram-i-kamerun\/"},"modified":"2014-08-05T13:40:01","modified_gmt":"2014-08-05T13:40:01","slug":"imamer-till-kamp-mot-boko-haram-i-kamerun","status":"publish","type":"post","link":"http:\/\/ipsnews.net\/svenska\/2014\/08\/05\/imamer-till-kamp-mot-boko-haram-i-kamerun\/","title":{"rendered":"Imamer till kamp mot Boko Haram i Kamerun"},"content":{"rendered":"<p>Yaound\u00e9, 140805 (IPS) &#8211; &#8220;Boko Halal&#8221;, som betyder ungef\u00e4r &#8220;bildning \u00e4r till\u00e5ten&#8221; har blivit kamerunska imamers slagord och svar p\u00e5 extremistgruppen Boko Harams v\u00e5ldskampanjer.<\/p>\n<p><!--more--><\/p>\n<p>Boko Haram, som ungef\u00e4r betyder &#8220;v\u00e4sterl\u00e4ndsk utbildning f\u00f6rbjuden&#8221; p\u00e5 det lokala spr\u00e5ket haussa, s\u00e4ger sig vilja sl\u00e5 mot alla former av v\u00e4sterl\u00e4ndskt inflytande, d\u00e4ribland skolor.<\/p>\n<p> Omkring 24 procent av Kameruns 21 miljoner inv\u00e5nare \u00e4r muslimer, varav en majoritet bor i den norra delen av landet, p\u00e5 gr\u00e4nsen till Nigeria. I norra Nigeria har extremistgruppen Boko Haram ett starkt f\u00e4ste.<\/p>\n<p> Gruppens \u00e5terkommande attacker och kidnappningar i nordv\u00e4stra Kamerun har f\u00f6r\u00e4ndrat livet f\u00f6r bland andra Motari Hamissou.<\/p>\n<p> Motari Hamissou har levt i fred med sina grannar och under \u00e5rens lopp har han inte f\u00e5tt n\u00e5gra reaktioner p\u00e5 sitt l\u00e5nga sk\u00e4gg, fruns sl\u00f6ja, eller deras tro. F\u00f6rr brukade han komma bra \u00f6verens med sina elever i sitt arbete vid en av de statliga skolorna i staden Bamenda i nordv\u00e4stra Kamerun.<\/p>\n<p> Motari Hamissous egna elever kallar honom nu &#8220;Boko Haram&#8221;.<\/p>\n<p> -De ser v\u00e5ra sk\u00e4gg och de sl\u00f6jor kvinnorna b\u00e4r och kopplar ihop oss med sekten. Jag \u00e4r l\u00e4rare och min undervisning \u00e4r v\u00e4sterl\u00e4ndsk. Hur skulle det vara m\u00f6jligt att jag undervisar och samtidigt skulle vilja f\u00f6rbjuda v\u00e4stlig bildning? Det \u00e4r obegripligt, s\u00e4ger Motari Hamissou till IPS.<\/p>\n<p> Hans fru Aisha Hamissou \u00e4r n\u00e4ra att brista i gr\u00e4t n\u00e4r hon ber\u00e4ttar att hon inte l\u00e4ngre kan r\u00f6ra sig fritt utan att h\u00f6ra folk ropa &#8220;Boko Haram&#8221;.<\/p>\n<p> Arlette Dainadi, 12 \u00e5r, som \u00e4r en av eleverna p\u00e5 skolan d\u00e4r Motari Hamissou undervisar, ber\u00e4ttar att n\u00e5gra av hennes klasskamrater dragit av henne sl\u00f6jan och ropat &#8220;Boko Haram! Boko Haram!&#8221;.<\/p>\n<p> Muslimska grupper och ledare i Kamerun, bland annat F\u00f6reningen f\u00f6r muslimska studenter och Imamernas r\u00e5d, har gemensamt tagit starkt avst\u00e5nd fr\u00e5n extremistgruppen och har p\u00e5 senare tid arrangerat seminarier och demonstrationer f\u00f6r att tydligg\u00f6ra sitt st\u00e4llningstagande.<\/p>\n<p> Sheik Oumarou Malam Djibring, medlem av Imamernas r\u00e5d i Kamerun, s\u00e4ger till IPS att Boko Harams kamp mot v\u00e4stlig bildning och deras illd\u00e5d inte har n\u00e5gonting att g\u00f6ra med islam.<\/p>\n<p> -Islam st\u00e5r f\u00f6r fred och tolerans. Att fr\u00e5ng\u00e5 detta \u00e4r emot islam, s\u00e4ger han.<\/p>\n<p> Medlemmar av Imamernas r\u00e5d i Kamerun har b\u00f6rjat anv\u00e4nda slagordet &#8220;Boko Halal&#8221; som betyder att bildning \u00e4r till\u00e5ten p\u00e5 det lokala spr\u00e5ket haussa.<\/p>\n<p> Den religi\u00f6sa ledaren och l\u00e4raren Sheik Abu Oumar Bin Ali s\u00e4ger att l\u00e4rda muslimer spelat en viktig roll i fr\u00e4mjande av utbildning.<\/p>\n<p> -Abu Ja\u2019far Muhammad ibn Musa al-Khwarizmi var en l\u00e4rd muslim som lade grunden till algebran inom matematiken. S\u00e5 det \u00e4r en dum id\u00e9 att koppla ihop muslimer med hat mot v\u00e4stlig bildning, s\u00e4ger han.<\/p>\n<p> Den 27 juli kidnappade Boko Haram hustrun till Kameruns vice premi\u00e4rminister i staden Kolofata. Gruppen har genomf\u00f6rt allt fler attacker i Kamerun den senaste tiden.<\/p>\n<p> I fem \u00e5r har den islamistiska militanta gruppen f\u00f6rt en v\u00e4pnad kamp mot Nigerias regering f\u00f6r en sj\u00e4lvst\u00e4ndig islamisk stat och omkring 12 000 personer har d\u00f6dats, enligt uppgifter fr\u00e5n Nigerias president Goodluck Jonathan.<\/p>\n<p> Ahmadou Moustapha, en muslimsk ledare i norra Kamerun, s\u00e4ger till IPS att det \u00e4r tydligt att Boko Haram rekryterar unga muslimer i regionen.<\/p>\n<p> -De kommer hit och f\u00f6r bort unga m\u00e4nniskor. De vilseleder dem med sitt hatiska budskap, s\u00e4ger Ahmadou Moustapha.<\/p>\n<p> Professor Souaibou Issa fr\u00e5n universitetet Ngaoundere i regionen Adamawa menar att Boko Haram f\u00f6rblir en &#8220;osynlig fiende&#8221;.<\/p>\n<p> -Vi vet inte exakt vilket fokus de har eller vilka kopplingar. Det skapar en utbredd misst\u00e4nksamhet.<\/p>\n<p> *IPS kan erbjuda v\u00e5ra prenumeranter bilder till vissa av v\u00e5ra artiklar. Dessa s\u00e4ljs separat till ett fast pris p\u00e5 500 kronor styck, eller genom s\u00e4rskilda bildabonnemang. Om ni inte har ett bildabonnemang men vill publicera denna bild var v\u00e4nlig och mejla v\u00e5r svenska redaktion p\u00e5: sweden(at)ipsnews.net och meddela att ni anv\u00e4nt den.<\/p>\n<p> <UL> <LI><A HREF=\"https:\/\/farm3.staticflickr.com\/2939\/14788585181_ceb568bd07_o.jpg\" class=\"linkblue\" target=\"new\">Sheik Oumarou Malam Djibring, medlem av Imamernas r\u00e5d i Kamerun, uppmanar landets muslimer att vara vaksamma och rapportera om Boko Harams n\u00e4rvaro. Foto: Ngala Killian Chimtom\/IPS<\/font><\/a><\/LI><\/UL><BR><BR><\/p>\n","protected":false},"excerpt":{"rendered":"<p>Yaound\u00e9, 140805 (IPS) &#8211; &#8220;Boko Halal&#8221;, som betyder ungef\u00e4r &#8220;bildning \u00e4r till\u00e5ten&#8221; har blivit kamerunska imamers slagord och svar p\u00e5 extremistgruppen Boko Harams v\u00e5ldskampanjer.<\/p>\n","protected":false},"author":1174,"featured_media":0,"comment_status":"open","ping_status":"open","sticky":false,"template":"","format":"standard","meta":{"footnotes":""},"categories":[5,1,7,2],"tags":[],"class_list":["post-16627","post","type-post","status-publish","format-standard","hentry","category-afrika","category-headlines","category-politik","category-utbildning"],"_links":{"self":[{"href":"http:\/\/ipsnews.net\/svenska\/wp-json\/wp\/v2\/posts\/16627","targetHints":{"allow":["GET"]}}],"collection":[{"href":"http:\/\/ipsnews.net\/svenska\/wp-json\/wp\/v2\/posts"}],"about":[{"href":"http:\/\/ipsnews.net\/svenska\/wp-json\/wp\/v2\/types\/post"}],"author":[{"embeddable":true,"href":"http:\/\/ipsnews.net\/svenska\/wp-json\/wp\/v2\/users\/1174"}],"replies":[{"embeddable":true,"href":"http:\/\/ipsnews.net\/svenska\/wp-json\/wp\/v2\/comments?post=16627"}],"version-history":[{"count":0,"href":"http:\/\/ipsnews.net\/svenska\/wp-json\/wp\/v2\/posts\/16627\/revisions"}],"wp:attachment":[{"href":"http:\/\/ipsnews.net\/svenska\/wp-json\/wp\/v2\/media?parent=16627"}],"wp:term":[{"taxonomy":"category","embeddable":true,"href":"http:\/\/ipsnews.net\/svenska\/wp-json\/wp\/v2\/categories?post=16627"},{"taxonomy":"post_tag","embeddable":true,"href":"http:\/\/ipsnews.net\/svenska\/wp-json\/wp\/v2\/tags?post=16627"}],"curies":[{"name":"wp","href":"https:\/\/api.w.org\/{rel}","templated":true}]}}