{"id":1621,"date":"2003-06-23T13:40:01","date_gmt":"2003-06-23T13:40:01","guid":{"rendered":"http:\/\/ipsnews.net\/svenska\/2003\/06\/23\/frankrike-kand-anti-globaliseringsbonde-fangslad\/"},"modified":"2003-06-23T13:40:01","modified_gmt":"2003-06-23T13:40:01","slug":"frankrike-kand-anti-globaliseringsbonde-fangslad","status":"publish","type":"post","link":"http:\/\/ipsnews.net\/svenska\/2003\/06\/23\/frankrike-kand-anti-globaliseringsbonde-fangslad\/","title":{"rendered":"Frankrike: K\u00e4nd anti-globaliseringsbonde f\u00e4ngslad"},"content":{"rendered":"<p>Paris, 030623 (IPS) &#8211; Lantbrukaren Jos\u00e9 Bov\u00e9 har kallats Frankrikes mest k\u00e4nde globaliseringskritiker. F\u00f6rra s\u00f6ndagen h\u00e4mtade polisen Bov\u00e9 i hans hem i Larzac, i s\u00f6dra Frankrike, och f\u00f6rde honom till f\u00e4ngelset. Bov\u00e9 \u00e4r d\u00f6md till tio m\u00e5naders f\u00e4ngelse f\u00f6r skadeg\u00f6relse av en genmanipulerad risodling. <\/p>\n<p><!--more--><\/p>\n<p> Gripandet skapade en protestv\u00e5g i hela Frankrike. I den sydfranska staden Montpellier, d\u00e4r Bov\u00e9 ska avtj\u00e4na sitt straff, tog b\u00f6nder och fackf\u00f6reningsmedlemmar \u00f6ver det lokala polish\u00f6gkvarteret. Protester arrangerades \u00e4ven i Paris och i andra franska st\u00e4der. &#8220;F\u00e4ngsla Chirac &#8211; frige Bov\u00e9&#8221; stod det p\u00e5 en banderoll i Paris.<\/p>\n<p> Bov\u00e9 leder en facklig r\u00f6relse f\u00f6r sm\u00e5b\u00f6nder som arbetar f\u00f6r ett ekologiskt jordbruk. Han har sedan mitten av 90-talet blivit en symbol f\u00f6r motst\u00e5ndet mot den marknadsstyrda globaliseringen. Han har deltagit i stora anti-globaliseringsm\u00f6ten som World Social Forum i Porto Alegre, Seattle och Genua.<\/p>\n<p> Bov\u00e9, vars motto \u00e4r &#8220;V\u00e4rlden \u00e4r inte en handelsvara&#8221;, s\u00e4ger att han genomf\u00f6rde aktionen mot den genetiskt modifierade risodlingen f\u00f6r att f\u00f6rsvara konsumenter och milj\u00f6. Detta \u00e4r inte f\u00f6rsta g\u00e5ngen Bov\u00e9 hamnat i klammeri med r\u00e4ttvisan. Han har tidigare suttit sex veckor i f\u00e4ngelse d\u00f6md f\u00f6r skadg\u00f6relse av en McDonald&#39;s-restaurang.<\/p>\n<p> Bov\u00e9 hade f\u00f6re domens verkst\u00e4llande v\u00e4djat till presidenten om n\u00e5d. Hans n\u00e5deans\u00f6kan st\u00f6ds av cirka 600 000 brev fr\u00e5n fackf\u00f6reningsmedlemmar och sm\u00e5b\u00f6nder.<\/p>\n<p> N\u00e4r polisen i s\u00f6ndags kv\u00e4ll, utrustade med vakthundar och st\u00f6dda av helikoptrar, h\u00e4mtade lantbrukaren i hans hem slog de s\u00f6nder en glasd\u00f6rr f\u00f6r att ta sig in i huset.<\/p>\n<p> &#8211; Polisens maktmedel mot en lantbruksledare som \u00e4r k\u00e4nd f\u00f6r att pl\u00e4dera icke-v\u00e5ld saknade helt proportioner. Jos\u00e9 \u00e4r ingen farlig gangster, s\u00e4ger Bov\u00e9s advokat Francois Roux.<\/p>\n<p> F\u00f6retr\u00e4dare f\u00f6r m\u00e4nniskor\u00e4ttsorganisationer kallar gripandet av Bov\u00e9 f\u00f6r politiskt motiverat och anklagar den franska regeringen f\u00f6r att angripa en folklig r\u00f6relse. Och fackf\u00f6reningen CGT skriver att gripandet \u00e4r en symbol f\u00f6r det politiska livet i Frankrike idag. &#8220;F\u00e4ngelse \u00e4r inte ett plats f\u00f6r en facklig ledare, skriver CGT. Kritik har \u00e4ven kommit fr\u00e5n fack som representerar domare och advokater.<\/p>\n<p> Men den franske justitieministern Dominique Perben f\u00f6rsvarar gripandet av Bov\u00e9.<\/p>\n<p> &#8211; Bov\u00e9 hade visat att han inte t\u00e4nkte samarbeta med polisen och vi f\u00f6rs\u00f6kte undvika v\u00e5ld, sa Perben p\u00e5 en presskonferens p\u00e5 s\u00f6ndagseftermiddagen.<\/p>\n<p> Perben sa ocks\u00e5 att Chirac snart ska besluta om Bov\u00e9 ska ben\u00e5das. Nyheten om att Chirac \u00f6verv\u00e4ger att ben\u00e5da Bov\u00e9 visar hur sv\u00e5rt regeringen har att hantera lantbruksaktivisten.<\/p>\n<p> &#8211; Bov\u00e9s fall ger Chirac huvudv\u00e4rk. Polisingripandet mot Bov\u00e9 var inte bara l\u00f6jligt utan det kan ocks\u00e5 skada regeringen och den franska r\u00e4ttvisan, s\u00e4ger Jean-Michel Thenard, politisk kommentator p\u00e5 dagstidningen Liberation.<\/p>\n<p> I m\u00e5ndagens Liberation skriver Thenard att Bov\u00e9s kampanj mot genetiskt modifierade gr\u00f6dor har haft stor betydelse f\u00f6r b\u00e5de Frankrikes och EU:s hittills kritiska inst\u00e4llning i fr\u00e5gan. Bov\u00e9 gjorde m\u00e4nniskor medvetna om farorna med genetiskt modifierad mat, skriver han.<\/p>\n<p>\n","protected":false},"excerpt":{"rendered":"<p>Paris, 030623 (IPS) &#8211; Lantbrukaren Jos\u00e9 Bov\u00e9 har kallats Frankrikes mest k\u00e4nde globaliseringskritiker. F\u00f6rra s\u00f6ndagen h\u00e4mtade polisen Bov\u00e9 i hans hem i Larzac, i s\u00f6dra Frankrike, och f\u00f6rde honom till f\u00e4ngelset. Bov\u00e9 \u00e4r d\u00f6md till tio m\u00e5naders f\u00e4ngelse f\u00f6r skadeg\u00f6relse&hellip; <a href=\"http:\/\/ipsnews.net\/svenska\/2003\/06\/23\/frankrike-kand-anti-globaliseringsbonde-fangslad\/\" class=\"more-link\">Continue Reading <span class=\"meta-nav\">&rarr;<\/span><\/a><\/p>\n","protected":false},"author":5,"featured_media":0,"comment_status":"open","ping_status":"open","sticky":false,"template":"","format":"standard","meta":{"footnotes":""},"categories":[1,12,7],"tags":[],"class_list":["post-1621","post","type-post","status-publish","format-standard","hentry","category-headlines","category-miljo","category-politik"],"_links":{"self":[{"href":"http:\/\/ipsnews.net\/svenska\/wp-json\/wp\/v2\/posts\/1621","targetHints":{"allow":["GET"]}}],"collection":[{"href":"http:\/\/ipsnews.net\/svenska\/wp-json\/wp\/v2\/posts"}],"about":[{"href":"http:\/\/ipsnews.net\/svenska\/wp-json\/wp\/v2\/types\/post"}],"author":[{"embeddable":true,"href":"http:\/\/ipsnews.net\/svenska\/wp-json\/wp\/v2\/users\/5"}],"replies":[{"embeddable":true,"href":"http:\/\/ipsnews.net\/svenska\/wp-json\/wp\/v2\/comments?post=1621"}],"version-history":[{"count":0,"href":"http:\/\/ipsnews.net\/svenska\/wp-json\/wp\/v2\/posts\/1621\/revisions"}],"wp:attachment":[{"href":"http:\/\/ipsnews.net\/svenska\/wp-json\/wp\/v2\/media?parent=1621"}],"wp:term":[{"taxonomy":"category","embeddable":true,"href":"http:\/\/ipsnews.net\/svenska\/wp-json\/wp\/v2\/categories?post=1621"},{"taxonomy":"post_tag","embeddable":true,"href":"http:\/\/ipsnews.net\/svenska\/wp-json\/wp\/v2\/tags?post=1621"}],"curies":[{"name":"wp","href":"https:\/\/api.w.org\/{rel}","templated":true}]}}