{"id":15941,"date":"2012-12-17T13:40:01","date_gmt":"2012-12-17T13:40:01","guid":{"rendered":"http:\/\/ipsnews.net\/svenska\/2012\/12\/17\/muslimsk-manniskorattskommission-inleder-sitt-arbete\/"},"modified":"2012-12-17T13:40:01","modified_gmt":"2012-12-17T13:40:01","slug":"muslimsk-manniskorattskommission-inleder-sitt-arbete","status":"publish","type":"post","link":"http:\/\/ipsnews.net\/svenska\/2012\/12\/17\/muslimsk-manniskorattskommission-inleder-sitt-arbete\/","title":{"rendered":"Muslimsk m\u00e4nniskor\u00e4ttskommission inleder sitt arbete"},"content":{"rendered":"<p>Washington, 121217 (IPS) &#8211; Organisationen Islamiska konferensen, OIC, har bildat en m\u00e4nniskor\u00e4ttskommission som snart kommer att inleda sitt arbete. Enligt kommissionens ordf\u00f6rande blir en av dess viktigaste uppgifter att motverka uppfattningen att det \u00e4r sv\u00e5rt att f\u00f6rena islam med en grundl\u00e4ggande respekt f\u00f6r de m\u00e4nskliga r\u00e4ttigheterna.<\/p>\n<p><!--more--><\/p>\n<p>Den muslimska m\u00e4nniskor\u00e4ttskommissionens medlemmar h\u00f6ll i slutet av f\u00f6rra veckan sitt f\u00f6rsta m\u00f6te i Washington. Dess ordf\u00f6rande Siti Ruhaini Dzuhayatin meddelade att kommissionen kommer att inleda sitt egentliga arbete senare i december i samband med ett m\u00f6te i Jeddah.<\/p>\n<p> -Denna kommission f\u00f6rv\u00e4ntas arbeta f\u00f6r att motverka den felaktiga uppfattningen att det inte g\u00e5r att f\u00f6rena islam och de universella principerna om de m\u00e4nskliga r\u00e4ttigheterna, sade Siti Ruhaini Dzuhayatin.<\/p>\n<p> Hon understr\u00f6k samtidigt att den nya kommissionens uppdrag \u00e4r att arbeta f\u00f6r de m\u00e4nskliga r\u00e4ttigheterna p\u00e5 ett universellt plan, och inte med n\u00e5gra religi\u00f6sa f\u00f6rtecken. Kommissionens medlemmar p\u00e5pekade samtidigt att OIC \u00e4r en politisk organisation, och inte en religi\u00f6s.  Organisationen Islamiska konferensen bildades 1969 och representerar 56 medlemsl\u00e4nder, samt den palestinska myndigheten. Beslutet att tills\u00e4tta en m\u00e4nniskor\u00e4ttskommission ing\u00e5r i organisationens arbete f\u00f6r att modernisera OIC. Kommissionens 18 medlemmar, som best\u00e5r av jurister, aktivister och akademiker, \u00e4r t\u00e4nkta att f\u00e5 en r\u00e5dgivande roll vid OIC:s r\u00e5d f\u00f6r medlemsl\u00e4ndernas utrikesministrar.<\/p>\n<p> Kommissionens ordf\u00f6rande Siti Ruhaini Dzuhayatin s\u00e4ger att man har enats om vilka fr\u00e5gor som kommer att prioriteras. D\u00e4r ing\u00e5r fr\u00e5gor som ber\u00f6r kvinnor och barn, politiska r\u00e4ttigheter, minoriteters r\u00e4ttigheter &#8211; samt konflikten mellan Israel och Palestina.<\/p>\n<p> -Men inte i ett politiskt perspektiv, utan snarare med fokus p\u00e5 de m\u00e4nskliga r\u00e4ttigheterna, sade hon.<\/p>\n<p> Rizwan Sheikh, som arbetar inom kommissionen, s\u00e4ger till IPS att man kommer att f\u00e5 arbetsuppgifter b\u00e5de fr\u00e5n gr\u00e4srotsniv\u00e5, men ocks\u00e5 fr\u00e5n organisationens utrikesministerr\u00e5d. Men Sheikh understryker att det blir upp till kommissionens medlemmar att sj\u00e4lva besluta hur och n\u00e4r olika fr\u00e5gorna ska behandlas.<\/p>\n<p> -Kommissionen har vid grundandet getts ett oberoende som aldrig tidigare har f\u00f6rekommit inom OIC under de g\u00e5ngna fyra decennierna &#8211; f\u00f6r f\u00f6rsta g\u00e5ngen i historien har OIC skapat ett r\u00e5d av oberoende experter, s\u00e4ger Sheikh.<\/p>\n<p> Ett av de f\u00f6rsta beslut som kommissionen tog var att beg\u00e4ra att alla OIC:s medlemsl\u00e4nder inkommer med sina lagstiftningar kring de fr\u00e5gor som ber\u00f6r kommissionens prioriterade omr\u00e5den, detta f\u00f6r att man ska kunna granska dessa lagar.<\/p>\n<p> M\u00e4nniskor\u00e4ttskommissionen kommer att finansieras av organisationens medlemsl\u00e4nder, men hur stor dess budget blir har \u00e4nnu inte offentliggjorts.  Detta trots att denna information \u00e4r mycket viktig f\u00f6r att det ska g\u00e5 att bed\u00f6ma hur effektivt kommissionens arbete kan t\u00e4nkas bli.<\/p>\n<p> -Vi hoppas verkligen att detta organ kommer att bli oberoende och f\u00e5 de resurser som kr\u00e4vs f\u00f6r att de ska kunna kritisera OIC:s regeringar och st\u00e4lla sig bakom de universella m\u00e4nskliga r\u00e4ttigheterna, s\u00e4ger Joelle Fiss, vid den Washington-baserade m\u00e4nniskor\u00e4ttsorganisationen Human Rights First.<\/p>\n","protected":false},"excerpt":{"rendered":"<p>Washington, 121217 (IPS) &#8211; Organisationen Islamiska konferensen, OIC, har bildat en m\u00e4nniskor\u00e4ttskommission som snart kommer att inleda sitt arbete. Enligt kommissionens ordf\u00f6rande blir en av dess viktigaste uppgifter att motverka uppfattningen att det \u00e4r sv\u00e5rt att f\u00f6rena islam med en&hellip; <a href=\"http:\/\/ipsnews.net\/svenska\/2012\/12\/17\/muslimsk-manniskorattskommission-inleder-sitt-arbete\/\" class=\"more-link\">Continue Reading <span class=\"meta-nav\">&rarr;<\/span><\/a><\/p>\n","protected":false},"author":1372,"featured_media":0,"comment_status":"open","ping_status":"open","sticky":false,"template":"","format":"standard","meta":{"footnotes":""},"categories":[1,13,10,7],"tags":[],"class_list":["post-15941","post","type-post","status-publish","format-standard","hentry","category-headlines","category-kultur","category-manskliga-rattigheter","category-politik"],"_links":{"self":[{"href":"http:\/\/ipsnews.net\/svenska\/wp-json\/wp\/v2\/posts\/15941","targetHints":{"allow":["GET"]}}],"collection":[{"href":"http:\/\/ipsnews.net\/svenska\/wp-json\/wp\/v2\/posts"}],"about":[{"href":"http:\/\/ipsnews.net\/svenska\/wp-json\/wp\/v2\/types\/post"}],"author":[{"embeddable":true,"href":"http:\/\/ipsnews.net\/svenska\/wp-json\/wp\/v2\/users\/1372"}],"replies":[{"embeddable":true,"href":"http:\/\/ipsnews.net\/svenska\/wp-json\/wp\/v2\/comments?post=15941"}],"version-history":[{"count":0,"href":"http:\/\/ipsnews.net\/svenska\/wp-json\/wp\/v2\/posts\/15941\/revisions"}],"wp:attachment":[{"href":"http:\/\/ipsnews.net\/svenska\/wp-json\/wp\/v2\/media?parent=15941"}],"wp:term":[{"taxonomy":"category","embeddable":true,"href":"http:\/\/ipsnews.net\/svenska\/wp-json\/wp\/v2\/categories?post=15941"},{"taxonomy":"post_tag","embeddable":true,"href":"http:\/\/ipsnews.net\/svenska\/wp-json\/wp\/v2\/tags?post=15941"}],"curies":[{"name":"wp","href":"https:\/\/api.w.org\/{rel}","templated":true}]}}