{"id":1529,"date":"2003-05-20T13:40:01","date_gmt":"2003-05-20T13:40:01","guid":{"rendered":"http:\/\/ipsnews.net\/svenska\/2003\/05\/20\/karibien-lockar-turister-med-sars-fri-miljo\/"},"modified":"2003-05-20T13:40:01","modified_gmt":"2003-05-20T13:40:01","slug":"karibien-lockar-turister-med-sars-fri-miljo","status":"publish","type":"post","link":"http:\/\/ipsnews.net\/svenska\/2003\/05\/20\/karibien-lockar-turister-med-sars-fri-miljo\/","title":{"rendered":"Karibien lockar turister med sars-fri milj\u00f6"},"content":{"rendered":"<p>Havanna, 030520 (IPS) &#8211; Situationen \u00e4r mycket sv\u00e5r f\u00f6r den globala turismindustrin. Det har n\u00e4stan blivit viktigare att kunna presentera en milj\u00f6 fri fr\u00e5n terrorism och sjukdomar \u00e4n att lansera naturupplevelser och arkitektoniska attraktioner. Det \u00e4r i alla fall en strategi som tycks ha fungerat i Karibien. <\/p>\n<p><!--more--><\/p>\n<p> Enligt de karibiska turistmyndigheterna, CTO, har regionen m\u00f6jligheter att klara de p\u00e5frestningar som terrorism, krig och sjukdomen sars inneburit f\u00f6r den globala turistn\u00e4ringen.<\/p>\n<p> P\u00e5 Kuba har inte ett enda fall av sars konstaterats, understr\u00f6k den kubanske turistministern Ibrahim Ferradaz inf\u00f6r pressen i samband med ett regionalt turismm\u00f6te i staden Varadero.<\/p>\n<p> Efter terrorattackerna mot USA den elfte 2001 st\u00f6rtd\u00f6k den globala turismen.<\/p>\n<p>De karibiska \u00f6arna inledde genast en marknadsf\u00f6ring som betonar s\u00e4kerhetsaspekten &#8211; att regionen \u00e4r fredlig och befriad fr\u00e5n terrorhot.<\/p>\n<p> Sedan \u00e5rsskiftet har turistindustrin i Karibien sett klara tecken p\u00e5 en uppg\u00e5ng efter den stora nedg\u00e5ngen 2001. Under \u00e5rets fyra f\u00f6rsta m\u00e5nader steg antalet turister p\u00e5 Kuba med 19 procent j\u00e4mf\u00f6rt med samma period \u00e5ret innan.<\/p>\n<p> Men globalt m\u00f6ter turistindustrin nya motg\u00e5ngar. Enligt V\u00e4rldsturismorganisationen har sars drabbat flera destinationer i Asien h\u00e5rdare \u00e4n vad terrorattentatet p\u00e5 Bali gjorde f\u00f6rra \u00e5ret.<\/p>\n<p> Enligt V\u00e4rldsturismorganisationens generalsekreterare Francesco Frangialli har sjukdomen \u00e4ven slagit h\u00e5rt mot turismen i asiatiska l\u00e4nder d\u00e4r sjukdomen inte drabbat s\u00e4rskilt m\u00e5nga &#8211; som Indien, Indonesien, Malaysia, Kambodja, och Thailand.<\/p>\n<p> Karibien har dock undg\u00e5tt sjukdomen och turistandet i l\u00e4nder som Kuba, Puerto Rico och Dominikanska republiken \u00e4r nu h\u00f6gre &#8211; eller lika h\u00f6gt &#8211; som innan elfte september-attackerna.<\/p>\n<p>\n","protected":false},"excerpt":{"rendered":"<p>Havanna, 030520 (IPS) &#8211; Situationen \u00e4r mycket sv\u00e5r f\u00f6r den globala turismindustrin. Det har n\u00e4stan blivit viktigare att kunna presentera en milj\u00f6 fri fr\u00e5n terrorism och sjukdomar \u00e4n att lansera naturupplevelser och arkitektoniska attraktioner. Det \u00e4r i alla fall en&hellip; <a href=\"http:\/\/ipsnews.net\/svenska\/2003\/05\/20\/karibien-lockar-turister-med-sars-fri-miljo\/\" class=\"more-link\">Continue Reading <span class=\"meta-nav\">&rarr;<\/span><\/a><\/p>\n","protected":false},"author":60,"featured_media":0,"comment_status":"open","ping_status":"open","sticky":false,"template":"","format":"standard","meta":{"footnotes":""},"categories":[1,13,15],"tags":[],"class_list":["post-1529","post","type-post","status-publish","format-standard","hentry","category-headlines","category-kultur","category-latinamerika"],"_links":{"self":[{"href":"http:\/\/ipsnews.net\/svenska\/wp-json\/wp\/v2\/posts\/1529","targetHints":{"allow":["GET"]}}],"collection":[{"href":"http:\/\/ipsnews.net\/svenska\/wp-json\/wp\/v2\/posts"}],"about":[{"href":"http:\/\/ipsnews.net\/svenska\/wp-json\/wp\/v2\/types\/post"}],"author":[{"embeddable":true,"href":"http:\/\/ipsnews.net\/svenska\/wp-json\/wp\/v2\/users\/60"}],"replies":[{"embeddable":true,"href":"http:\/\/ipsnews.net\/svenska\/wp-json\/wp\/v2\/comments?post=1529"}],"version-history":[{"count":0,"href":"http:\/\/ipsnews.net\/svenska\/wp-json\/wp\/v2\/posts\/1529\/revisions"}],"wp:attachment":[{"href":"http:\/\/ipsnews.net\/svenska\/wp-json\/wp\/v2\/media?parent=1529"}],"wp:term":[{"taxonomy":"category","embeddable":true,"href":"http:\/\/ipsnews.net\/svenska\/wp-json\/wp\/v2\/categories?post=1529"},{"taxonomy":"post_tag","embeddable":true,"href":"http:\/\/ipsnews.net\/svenska\/wp-json\/wp\/v2\/tags?post=1529"}],"curies":[{"name":"wp","href":"https:\/\/api.w.org\/{rel}","templated":true}]}}