{"id":14806,"date":"2010-05-04T13:40:01","date_gmt":"2010-05-04T13:40:01","guid":{"rendered":"http:\/\/ipsnews.net\/svenska\/2010\/05\/04\/kongo-kinshasa-regeringen-tillbakavisar-rapport-om-massaker\/"},"modified":"2010-05-04T13:40:01","modified_gmt":"2010-05-04T13:40:01","slug":"kongo-kinshasa-regeringen-tillbakavisar-rapport-om-massaker","status":"publish","type":"post","link":"http:\/\/ipsnews.net\/svenska\/2010\/05\/04\/kongo-kinshasa-regeringen-tillbakavisar-rapport-om-massaker\/","title":{"rendered":"Kongo-Kinshasa: Regeringen tillbakavisar rapport om massaker"},"content":{"rendered":"<p>Mbandaka, 100504 (IPS) &#8211; En lokal organisation anklagar i en ny rapport Kongos arm\u00e9 f\u00f6r att i b\u00f6rjan av april ha avr\u00e4ttat runt 50 civila i samband med strider i den nordv\u00e4stra provinshuvudstaden Mbandaka. Regeringen i Kinshasa avvisar dock uppgifterna.<\/p>\n<p><!--more--><\/p>\n<p>Den kongolesiska m\u00e4nniskor\u00e4ttsorganisationen ASADHO skriver i sin rapport att &#8220;n\u00e4rmare 50 civila kongoleser d\u00f6dades utan f\u00f6rvarning av arm\u00e9n, k\u00e4nd som FARDC, i april 2010&#8221;. I samma rapport anklagas \u00e4ven en lokal rebellstyrka f\u00f6r att ha d\u00f6dat tv\u00e5 civila.<\/p>\n<p> Enligt rapporten \u00e4gde massakern rum i samband med att regeringsstyrkan slog tillbaka ett lokalt uppror i n\u00e4rheten av flygplatsen i Mbandaka.<\/p>\n<p> Kongos kommunikationsminister Lambert Omalanga Mende tillbakavisar dock uppgifterna i rapporten och h\u00e4vdar att den \u00e4r full av felaktiga uppgifter. Enligt ministern har det visat sig att ingen representant f\u00f6r ASADHO ens bes\u00f6kt platsen d\u00e4r den p\u00e5st\u00e5dda massakern ska ha \u00e4gt rum. Mende s\u00e4ger vidare att ingen representant f\u00f6r vare sig regeringen, de lokala myndigheterna eller arm\u00e9n har tr\u00e4ffat representanter f\u00f6r m\u00e4nniskor\u00e4ttsorganisationen, vilket enligt ministern motbevisar p\u00e5st\u00e5endena i rapporten om att ASADHO har intervjuat de ber\u00f6rda parterna.<\/p>\n<p> D\u00e4rf\u00f6r finns det enligt Mende inget sk\u00e4l att tillm\u00f6tesg\u00e5 det krav som framf\u00f6rs i rapporten om att en oberoende kommission ska tills\u00e4ttas f\u00f6r att utreda h\u00e4ndelsen.<\/p>\n<p> ASADHO:s vice ordf\u00f6rande George Kapiamba s\u00e4ger dock till IPS att de uppgifter som f\u00f6rs fram i rapporten bygger p\u00e5 unders\u00f6kningar som organisationens medarbetare har genomf\u00f6rt p\u00e5 plats.<\/p>\n<p> En k\u00e4lla som st\u00e5r provinsregeringen i Mbandaka n\u00e4ra, men som vill f\u00f6rbli anonym, bekr\u00e4ftar f\u00f6r IPS att uppgifterna i rapporten \u00e4r v\u00e4l underbyggda.<\/p>\n<p> -ASADHO:s rapport \u00e4r till stora delar sann eftersom det genomf\u00f6rdes massakrer, \u00e4ven om man m\u00f6jligen har \u00f6verdrivit siffrorna \u00f6ver antalet offer. Men detta \u00e4ndrar inte faktum &#8211; FARDC avr\u00e4ttade oskyldiga civila, s\u00e4ger personen.<\/p>\n<p> \u00c4ven Pierre Bofunda, en f\u00f6re detta soldat som nu \u00e4r m\u00e4nniskor\u00e4ttsaktivist, ger st\u00f6d till anklagelserna i rapporten. Enligt honom st\u00e5r det klart att arm\u00e9n genomf\u00f6rt utomr\u00e4ttsliga avr\u00e4ttningar.<\/p>\n<p> Bofunda menar att den fortsatt oroliga situationen i provinsen h\u00e4nger samman med att regeringsstyrkornas soldater attackerar vanliga m\u00e4nniskor och l\u00e4gger belag p\u00e5 deras \u00e4godelar.<\/p>\n<p> Sophie Ekanga, l\u00e4rare fr\u00e5n Mbandaka, s\u00e4ger att hon k\u00e4nner v\u00e4mjelse \u00f6ver att myndigheterna inte v\u00e4rdes\u00e4tter m\u00e4nniskors liv h\u00f6gre.<\/p>\n<p> -Vad har de att f\u00f6rlora p\u00e5 att ta inneh\u00e5llet i denna rapport p\u00e5 allvar och genomf\u00f6ra en utredning tillsammans med f\u00f6rfattarna till rapporten?, fr\u00e5gar hon.<\/p>\n<p> V\u00e4ldigt f\u00e5 tror dock att en s\u00e5dan utredning kommer att genomf\u00f6ras, och \u00e4n f\u00e4rre hyser f\u00f6rhoppningar om att n\u00e5got \u00e5tal skulle komma att v\u00e4ckas ens om det gick att bevisa att de utomr\u00e4ttsliga avr\u00e4ttningarna verkligen har \u00e4gt rum.<\/p>\n","protected":false},"excerpt":{"rendered":"<p>Mbandaka, 100504 (IPS) &#8211; En lokal organisation anklagar i en ny rapport Kongos arm\u00e9 f\u00f6r att i b\u00f6rjan av april ha avr\u00e4ttat runt 50 civila i samband med strider i den nordv\u00e4stra provinshuvudstaden Mbandaka. Regeringen i Kinshasa avvisar dock uppgifterna.<\/p>\n","protected":false},"author":1223,"featured_media":0,"comment_status":"open","ping_status":"open","sticky":false,"template":"","format":"standard","meta":{"footnotes":""},"categories":[5,1,10,7],"tags":[],"class_list":["post-14806","post","type-post","status-publish","format-standard","hentry","category-afrika","category-headlines","category-manskliga-rattigheter","category-politik"],"_links":{"self":[{"href":"http:\/\/ipsnews.net\/svenska\/wp-json\/wp\/v2\/posts\/14806","targetHints":{"allow":["GET"]}}],"collection":[{"href":"http:\/\/ipsnews.net\/svenska\/wp-json\/wp\/v2\/posts"}],"about":[{"href":"http:\/\/ipsnews.net\/svenska\/wp-json\/wp\/v2\/types\/post"}],"author":[{"embeddable":true,"href":"http:\/\/ipsnews.net\/svenska\/wp-json\/wp\/v2\/users\/1223"}],"replies":[{"embeddable":true,"href":"http:\/\/ipsnews.net\/svenska\/wp-json\/wp\/v2\/comments?post=14806"}],"version-history":[{"count":0,"href":"http:\/\/ipsnews.net\/svenska\/wp-json\/wp\/v2\/posts\/14806\/revisions"}],"wp:attachment":[{"href":"http:\/\/ipsnews.net\/svenska\/wp-json\/wp\/v2\/media?parent=14806"}],"wp:term":[{"taxonomy":"category","embeddable":true,"href":"http:\/\/ipsnews.net\/svenska\/wp-json\/wp\/v2\/categories?post=14806"},{"taxonomy":"post_tag","embeddable":true,"href":"http:\/\/ipsnews.net\/svenska\/wp-json\/wp\/v2\/tags?post=14806"}],"curies":[{"name":"wp","href":"https:\/\/api.w.org\/{rel}","templated":true}]}}