{"id":14618,"date":"2009-12-07T13:40:01","date_gmt":"2009-12-07T13:40:01","guid":{"rendered":"http:\/\/ipsnews.net\/svenska\/2009\/12\/07\/unga-kraver-resultat-i-kopenhamn\/"},"modified":"2009-12-07T13:40:01","modified_gmt":"2009-12-07T13:40:01","slug":"unga-kraver-resultat-i-kopenhamn","status":"publish","type":"post","link":"http:\/\/ipsnews.net\/svenska\/2009\/12\/07\/unga-kraver-resultat-i-kopenhamn\/","title":{"rendered":"Unga kr\u00e4ver resultat i K\u00f6penhamn"},"content":{"rendered":"<p>K\u00f6penhamn, 091207 (IPS) &#8211; Unga fr\u00e5n 44 l\u00e4nder kr\u00e4ver att v\u00e4rldens ledare agerar f\u00f6r att hejda klimatf\u00f6r\u00e4ndringarna. &#8220;Vi saknar mat p\u00e5 grund av torka. V\u00e5r framtid st\u00e5r p\u00e5 spel, och vi kr\u00e4ver att n\u00e5gonting g\u00f6rs&#8221;.<\/p>\n<p><!--more--><\/p>\n<p>Det var deras budskap n\u00e4r Barnens klimatforum avslutades i helgen i K\u00f6penhamn. M\u00f6tet arrangerades av FN:s barnfond Unicef i samarbete med K\u00f6penhamn stad och 164 unga mellan 14 och 17 \u00e5r deltog i diskussioner, id\u00e9verkst\u00e4der och lokala aktiviteter.<\/p>\n<p> &#8211; Vi kr\u00e4ver ett ambiti\u00f6st, r\u00e4ttvist och bindande avtal, s\u00e4ger Travis Bruce Mills, 15 \u00e5r, fr\u00e5n Nya Zeeland.<\/p>\n<p> &#8211; Jag vill inte att min framtid s\u00e4tts p\u00e5 spel f\u00f6r att inget g\u00f6rs f\u00f6r klimatet, s\u00e4ger Bipra Biswambhara, 16 \u00e5r, fr\u00e5n Indien.<\/p>\n<p> Hon och andra deltagare \u00e4r uppr\u00f6rda \u00f6ver att s\u00e5 m\u00e5nga m\u00e4nniskor och s\u00e5 stora delar av v\u00e4rlden redan \u00e4r drabbade av klimatf\u00f6r\u00e4ndringar.<\/p>\n<p> M\u00e4nniskor i Indien lider redan av torka och \u00f6versv\u00e4mningar s\u00e4ger Bipra Biswambhara och menar att landet beh\u00f6ver l\u00e4gga om till en h\u00e5llbar energiproduktion. Hon och andra unga har studerat konsultbolaget McKinseys rapport om hur milj\u00f6smart teknik kan \u00e5stadkomma stora energibesparingar.<\/p>\n<p> &#8211; Ledarna och f\u00f6rhandlarna vid FN:s klimatm\u00f6te borde l\u00e4ra av oss, s\u00e4ger Cressida Mawdesley-Thomas, 17 \u00e5r, fr\u00e5n Storbritannien.<\/p>\n<p> De unga kr\u00e4ver bland annat att rika l\u00e4nder hj\u00e4lper fattigare l\u00e4nder att anpassa sig efter klimatf\u00f6r\u00e4ndringar. De kr\u00e4ver \u00e4ven f\u00f6rberedelser inf\u00f6r kommande klimatkatastrofer och att st\u00e4der byggs med h\u00e5llbarhetst\u00e4nkande. De vill se kunskapsspridning om h\u00f6jda havsniv\u00e5er och fler projekt f\u00f6r biologisk m\u00e5ngfald.<\/p>\n<p> Vid avslutningen av Barnens klimatforum i K\u00f6penhamns stadshus presenterades deklarationen &#8220;V\u00e5r v\u00e4rld, v\u00e5r framtid&#8221; f\u00f6r Danmarks milj\u00f6minister och ordf\u00f6rande f\u00f6r FN:s klimatkonferens, Connie Hedegaard. Hon svarade med att framh\u00e5lla att h\u00e4lften av v\u00e4rldens befolkning \u00e4r under 18 \u00e5r och fortsatte: &#8211; Ni m\u00e5ste uppmana politikerna att inte l\u00e4mna K\u00f6penhamn tomh\u00e4nta f\u00f6r att ni \u2013 den nya generationen \u2013 kr\u00e4ver handling.<\/p>\n","protected":false},"excerpt":{"rendered":"<p>K\u00f6penhamn, 091207 (IPS) &#8211; Unga fr\u00e5n 44 l\u00e4nder kr\u00e4ver att v\u00e4rldens ledare agerar f\u00f6r att hejda klimatf\u00f6r\u00e4ndringarna. &#8220;Vi saknar mat p\u00e5 grund av torka. V\u00e5r framtid st\u00e5r p\u00e5 spel, och vi kr\u00e4ver att n\u00e5gonting g\u00f6rs&#8221;.<\/p>\n","protected":false},"author":166,"featured_media":0,"comment_status":"open","ping_status":"open","sticky":false,"template":"","format":"standard","meta":{"footnotes":""},"categories":[1,7,2],"tags":[],"class_list":["post-14618","post","type-post","status-publish","format-standard","hentry","category-headlines","category-politik","category-utbildning"],"_links":{"self":[{"href":"http:\/\/ipsnews.net\/svenska\/wp-json\/wp\/v2\/posts\/14618","targetHints":{"allow":["GET"]}}],"collection":[{"href":"http:\/\/ipsnews.net\/svenska\/wp-json\/wp\/v2\/posts"}],"about":[{"href":"http:\/\/ipsnews.net\/svenska\/wp-json\/wp\/v2\/types\/post"}],"author":[{"embeddable":true,"href":"http:\/\/ipsnews.net\/svenska\/wp-json\/wp\/v2\/users\/166"}],"replies":[{"embeddable":true,"href":"http:\/\/ipsnews.net\/svenska\/wp-json\/wp\/v2\/comments?post=14618"}],"version-history":[{"count":0,"href":"http:\/\/ipsnews.net\/svenska\/wp-json\/wp\/v2\/posts\/14618\/revisions"}],"wp:attachment":[{"href":"http:\/\/ipsnews.net\/svenska\/wp-json\/wp\/v2\/media?parent=14618"}],"wp:term":[{"taxonomy":"category","embeddable":true,"href":"http:\/\/ipsnews.net\/svenska\/wp-json\/wp\/v2\/categories?post=14618"},{"taxonomy":"post_tag","embeddable":true,"href":"http:\/\/ipsnews.net\/svenska\/wp-json\/wp\/v2\/tags?post=14618"}],"curies":[{"name":"wp","href":"https:\/\/api.w.org\/{rel}","templated":true}]}}