{"id":14543,"date":"2009-10-15T13:40:01","date_gmt":"2009-10-15T13:40:01","guid":{"rendered":"http:\/\/ipsnews.net\/svenska\/2009\/10\/15\/perus-regering-vill-skydda-polis-och-militar-fran-atal\/"},"modified":"2009-10-15T13:40:01","modified_gmt":"2009-10-15T13:40:01","slug":"perus-regering-vill-skydda-polis-och-militar-fran-atal","status":"publish","type":"post","link":"http:\/\/ipsnews.net\/svenska\/2009\/10\/15\/perus-regering-vill-skydda-polis-och-militar-fran-atal\/","title":{"rendered":"Perus regering vill skydda polis och milit\u00e4r fr\u00e5n \u00e5tal"},"content":{"rendered":"<p>Lima, 091015 (IPS) &#8211; Regeringen i Peru vill inskr\u00e4nka m\u00f6jligheterna att \u00e5tala poliser och soldater f\u00f6r eventuella brott de beg\u00e5r i tj\u00e4nsten. De nya reglerna ska framf\u00f6r allt g\u00e4lla i de regioner som skakats av sociala protester och i aktioner mot de f\u00e5 kvarvarande medlemmarna av v\u00e4nstergerillan Sendero Luminoso.<\/p>\n<p><!--more--><\/p>\n<p>Ett av de lagf\u00f6rslag som lags fram av Alan Garc\u00edas regering syftar till att skriva om brottsbalken och g\u00f6ra det betydligt sv\u00e5rare att \u00e5tala poliser och soldater som skadar eller d\u00f6dar civila inom s\u00e5 kallade &#8220;undantagszoner&#8221;. Dessa zoner kan utlysas av staten d\u00e5 man bed\u00f6mer att det finns en risk f\u00f6r terrord\u00e5d eller v\u00e5ldsamma protester i ett omr\u00e5de.<\/p>\n<p> Regeringen har \u00e4ven lagt fram ett f\u00f6rslag till kongressen d\u00e4r man preciserar olika situationer d\u00e4r poliser inte ska kunna \u00e5talas f\u00f6r sitt agerande. Enligt f\u00f6rslaget ska en polis slippa alla former av bestraffningar om han eller hon kan p\u00e5visa att en situation varit s\u00e5 hotfull, eller en person s\u00e5 farlig, att det var befogat att anv\u00e4nda d\u00f6dligt v\u00e5ld.<\/p>\n<p> Ett tredje f\u00f6rslag syftar till att ge milit\u00e4ren och polisen r\u00e4tten att flytta p\u00e5 d\u00f6dade kollegors kroppar, utan att utredare f\u00f6rst unders\u00f6ker platsen \u2013 vilket lagarna f\u00f6reskriver i dag. F\u00f6rslaget skulle inneb\u00e4ra att det blir sv\u00e5rare att genomf\u00f6ra ordentliga brottsplatsunders\u00f6kningar.<\/p>\n<p> F\u00f6rslagen kommer samtidigt som antalet olika sociala protester och demonstrationer skjutit i h\u00f6jden i landet, och \u00e4r resultatet av en intensiv kampanj fr\u00e5n konservativa grupper som st\u00e5r milit\u00e4ren n\u00e4ra. Dessa grupper har varit mycket kritiska mot de ickestatliga organisationer i landet som velat se poliser och milit\u00e4rer \u00e5talade f\u00f6r \u00f6verv\u00e5ld i samband med olika aktioner.  Landets f\u00f6rsvarsminister Rafael Rey h\u00e4vdar att s\u00e4kerhetsstyrkorna helt saknar juridiskt skydd i dag, och menar att det beror p\u00e5 att de blev oskyldigt anklagade f\u00f6r ett antal brott i samband med den l\u00e5ngvariga konflikt som rasade i landet mellan 1980 och 2000.<\/p>\n<p> I augusti 2003 l\u00e4mnade en oberoende sanningskommission fram en rapport som visade att \u00f6ver 69 000 m\u00e4nniskor d\u00f6dades eller f\u00f6rsvann i samband med konflikten, varav de flesta f\u00f6ll offer f\u00f6r gerillan Sendero Luminosos v\u00e5ld. Men \u00e4ven polis och milit\u00e4r begick flera \u00f6k\u00e4nda illd\u00e5d och massakrer mot civila. Nu s\u00e4ger dock f\u00f6rsvarsminister Rey att det bara handlade om ett f\u00e5tal &#8220;\u00f6verdrifter&#8221; fr\u00e5n milit\u00e4rens sida.<\/p>\n<p> Amnesty International har dock kunnat bevisa att tortyr och mord utf\u00f6rdes systematiskt av milit\u00e4ren och polisen under konflikten. H\u00f6gt uppsatta milit\u00e4rer och politiker har dessutom d\u00f6mts f\u00f6r de brott de begick, d\u00e4ribland den tidigare presidenten Alberto Fujimori, och fler \u00e5tal \u00e4r p\u00e5 v\u00e4g.<\/p>\n<p> Regeringens f\u00f6rslag har m\u00f6tt kritik fr\u00e5n flera h\u00e5ll. Ronald Gamarra, ordf\u00f6rande f\u00f6r Nationella m\u00e4nniskor\u00e4ttskommitt\u00e9n, menar att s\u00e4kerhetsstyrkornas anseende kommer att skadas om f\u00f6rslagen g\u00e5r igenom.  &#8211; Alla juridiska f\u00f6rs\u00f6k att inf\u00f6ra straffrihet p\u00e5verkar de milit\u00e4rer som med f\u00f6rsvarliga metoder bek\u00e4mpar terrorism. Att begr\u00e4nsa \u00e5klagarnas konstitutionella makt handlar inte om att skapa r\u00e4ttvisa, utan om att m\u00f6rkl\u00e4gga, s\u00e4ger Ronald Gamarra till IPS.<\/p>\n","protected":false},"excerpt":{"rendered":"<p>Lima, 091015 (IPS) &#8211; Regeringen i Peru vill inskr\u00e4nka m\u00f6jligheterna att \u00e5tala poliser och soldater f\u00f6r eventuella brott de beg\u00e5r i tj\u00e4nsten. De nya reglerna ska framf\u00f6r allt g\u00e4lla i de regioner som skakats av sociala protester och i aktioner&hellip; <a href=\"http:\/\/ipsnews.net\/svenska\/2009\/10\/15\/perus-regering-vill-skydda-polis-och-militar-fran-atal\/\" class=\"more-link\">Continue Reading <span class=\"meta-nav\">&rarr;<\/span><\/a><\/p>\n","protected":false},"author":460,"featured_media":0,"comment_status":"open","ping_status":"open","sticky":false,"template":"","format":"standard","meta":{"footnotes":""},"categories":[1,15,10,7],"tags":[],"class_list":["post-14543","post","type-post","status-publish","format-standard","hentry","category-headlines","category-latinamerika","category-manskliga-rattigheter","category-politik"],"_links":{"self":[{"href":"http:\/\/ipsnews.net\/svenska\/wp-json\/wp\/v2\/posts\/14543","targetHints":{"allow":["GET"]}}],"collection":[{"href":"http:\/\/ipsnews.net\/svenska\/wp-json\/wp\/v2\/posts"}],"about":[{"href":"http:\/\/ipsnews.net\/svenska\/wp-json\/wp\/v2\/types\/post"}],"author":[{"embeddable":true,"href":"http:\/\/ipsnews.net\/svenska\/wp-json\/wp\/v2\/users\/460"}],"replies":[{"embeddable":true,"href":"http:\/\/ipsnews.net\/svenska\/wp-json\/wp\/v2\/comments?post=14543"}],"version-history":[{"count":0,"href":"http:\/\/ipsnews.net\/svenska\/wp-json\/wp\/v2\/posts\/14543\/revisions"}],"wp:attachment":[{"href":"http:\/\/ipsnews.net\/svenska\/wp-json\/wp\/v2\/media?parent=14543"}],"wp:term":[{"taxonomy":"category","embeddable":true,"href":"http:\/\/ipsnews.net\/svenska\/wp-json\/wp\/v2\/categories?post=14543"},{"taxonomy":"post_tag","embeddable":true,"href":"http:\/\/ipsnews.net\/svenska\/wp-json\/wp\/v2\/tags?post=14543"}],"curies":[{"name":"wp","href":"https:\/\/api.w.org\/{rel}","templated":true}]}}