{"id":14505,"date":"2009-09-21T13:40:01","date_gmt":"2009-09-21T13:40:01","guid":{"rendered":"http:\/\/ipsnews.net\/svenska\/2009\/09\/21\/starkt-stod-for-ahmadinejad-i-iran-trots-protester\/"},"modified":"2009-09-21T13:40:01","modified_gmt":"2009-09-21T13:40:01","slug":"starkt-stod-for-ahmadinejad-i-iran-trots-protester","status":"publish","type":"post","link":"http:\/\/ipsnews.net\/svenska\/2009\/09\/21\/starkt-stod-for-ahmadinejad-i-iran-trots-protester\/","title":{"rendered":"Starkt st\u00f6d f\u00f6r Ahmadinejad i Iran trots protester"},"content":{"rendered":"<p>Washington, 090921 (IPS) &#8211; Trots de massdemonstrationer som f\u00f6ljde efter det omdiskuterade omvalet av Irans president Mahmoud Ahmadinejad i juni har presidenten starkt st\u00f6d bland befolkningen. Det visar en ny unders\u00f6kning fr\u00e5n opinionsinstitutet World Public Opinion.<\/p>\n<p><!--more--><\/p>\n<p>Fyra av fem svarande av de 1 003 tillfr\u00e5gade i unders\u00f6kningen anser att Mahmoud Ahmadinejad \u00e4r landets r\u00e4ttm\u00e4tiga president. Cirka 62 procent anser att de har stort f\u00f6rtroende f\u00f6r valresultatet i juni d\u00e4r Ahmadinejad utropades till vinnare bara efter ett par timmar efter att vallokalerna hade st\u00e4ngts p\u00e5 valdagen och d\u00e4r presidenten fick st\u00f6d av Irans h\u00f6gste religi\u00f6se ledare ayatolla Ali Khamenei.<\/p>\n<p> Oppositionen och dess anh\u00e4ngare ifr\u00e5gasatte valresultatet och genomf\u00f6rde massdemonstrationer i Irans huvudstad Teheran. Minst 30 personer d\u00f6dades och tusentals f\u00e4ngslades under de veckor som f\u00f6ljde i vad m\u00e5nga experter anser vara de st\u00f6rsta protesterna under den islamiska republikens 30-\u00e5riga historia.<\/p>\n<p> Men vissa Iranexperter menar att det stora st\u00f6det f\u00f6r regimen kan f\u00f6rklaras med r\u00e4dslan f\u00f6r repressalier, s\u00e4rskilt eftersom regimen slagit ner oppositionens protester under sommaren.<\/p>\n<p> &#8211; Om jag var i Iran och n\u00e5gon ville att jag skulle besvara de direkta fr\u00e5gorna skulle jag bli tveksam till att besvara dem \u00e4rligt. R\u00e4dslan kan ha p\u00e5verkat unders\u00f6kningens resultat, s\u00e4ger Farideh Farhi, iransk forskare vid universitet p\u00e5 Hawaii.<\/p>\n<p> Cirka 55 procent av de tillfr\u00e5gade uppger att de r\u00f6stade p\u00e5 Ahmadinejad, 14 procent s\u00e4ger att de r\u00f6stade p\u00e5 Mir Hossein Mousavi och totalt 4 procent uppger att de r\u00f6stade p\u00e5 kandidaterna Mohsen Rezaei och Mehdi Karroubi.<\/p>\n<p> Opinionsinstitutets unders\u00f6kning, som genomf\u00f6rdes mellan den 27 augusti och 10 september genom telefonintervjuer p\u00e5 farsi, visar ocks\u00e5 att 63 procent av de tillfr\u00e5gade \u00e4r positivt inst\u00e4llda till f\u00f6rb\u00e4ttrade diplomatiska kontakter med USA, men visar ocks\u00e5 p\u00e5 en utbredd skepticism mot USA.<\/p>\n<p> Tre av fyra menar att USA &#8220;definitivt&#8221; (57 procent) eller &#8220;troligen&#8221; (18 procent) \u00e4r ute efter att f\u00f6r\u00e4ndra det muslimska samh\u00e4llet och tvinga p\u00e5 det en amerikansk kultur. Tre av fyra menar ocks\u00e5 att USA str\u00e4var efter att beh\u00e5lla kontrollen \u00f6ver oljan i Mellan\u00f6stern och str\u00e4var efter att skapa splittring i den muslimska v\u00e4rlden.<\/p>\n<p> \u00c4ven om USA:s president Barack Obama \u00e4r mer omtyckt \u00e4n hans f\u00f6retr\u00e4dare, George W. Bush, enligt en tidigare unders\u00f6kning, uppger n\u00e4stan sex av tio att de &#8220;inte har n\u00e5got f\u00f6rtroende f\u00f6r den amerikanske presidenten&#8221;.<\/p>\n<p> Trots Barack Obamas anstr\u00e4ngningar f\u00f6r dialog med den muslimska v\u00e4rlden, s\u00e4rskilt i sina tal i Istanbul och Kairo och i talet som var utformat som en h\u00e4lsning till det iranska folket i samband med firandet av det iranska ny\u00e5ret, Nowruz, uppger sex av tio tillfr\u00e5gade i unders\u00f6kningen att de anser att Obama inte respekterar Islam.<\/p>\n<p> &#8211; Medan majoriteten av den iranska befolkningen \u00e4r redo att g\u00f6ra aff\u00e4rer med Obama, visar de lite f\u00f6rtroende f\u00f6r honom, s\u00e4ger Steven Kull, chef f\u00f6r opinionsinstitutet WPO.<\/p>\n","protected":false},"excerpt":{"rendered":"<p>Washington, 090921 (IPS) &#8211; Trots de massdemonstrationer som f\u00f6ljde efter det omdiskuterade omvalet av Irans president Mahmoud Ahmadinejad i juni har presidenten starkt st\u00f6d bland befolkningen. Det visar en ny unders\u00f6kning fr\u00e5n opinionsinstitutet World Public Opinion.<\/p>\n","protected":false},"author":3,"featured_media":0,"comment_status":"open","ping_status":"open","sticky":false,"template":"","format":"standard","meta":{"footnotes":""},"categories":[1,17,7],"tags":[],"class_list":["post-14505","post","type-post","status-publish","format-standard","hentry","category-headlines","category-mellanostern","category-politik"],"_links":{"self":[{"href":"http:\/\/ipsnews.net\/svenska\/wp-json\/wp\/v2\/posts\/14505","targetHints":{"allow":["GET"]}}],"collection":[{"href":"http:\/\/ipsnews.net\/svenska\/wp-json\/wp\/v2\/posts"}],"about":[{"href":"http:\/\/ipsnews.net\/svenska\/wp-json\/wp\/v2\/types\/post"}],"author":[{"embeddable":true,"href":"http:\/\/ipsnews.net\/svenska\/wp-json\/wp\/v2\/users\/3"}],"replies":[{"embeddable":true,"href":"http:\/\/ipsnews.net\/svenska\/wp-json\/wp\/v2\/comments?post=14505"}],"version-history":[{"count":0,"href":"http:\/\/ipsnews.net\/svenska\/wp-json\/wp\/v2\/posts\/14505\/revisions"}],"wp:attachment":[{"href":"http:\/\/ipsnews.net\/svenska\/wp-json\/wp\/v2\/media?parent=14505"}],"wp:term":[{"taxonomy":"category","embeddable":true,"href":"http:\/\/ipsnews.net\/svenska\/wp-json\/wp\/v2\/categories?post=14505"},{"taxonomy":"post_tag","embeddable":true,"href":"http:\/\/ipsnews.net\/svenska\/wp-json\/wp\/v2\/tags?post=14505"}],"curies":[{"name":"wp","href":"https:\/\/api.w.org\/{rel}","templated":true}]}}