{"id":14107,"date":"2008-11-26T13:40:01","date_gmt":"2008-11-26T13:40:01","guid":{"rendered":"http:\/\/ipsnews.net\/svenska\/2008\/11\/26\/vald-mot-kvinnor-beskrivs-som-en-pandemi\/"},"modified":"2008-11-26T13:40:01","modified_gmt":"2008-11-26T13:40:01","slug":"vald-mot-kvinnor-beskrivs-som-en-pandemi","status":"publish","type":"post","link":"http:\/\/ipsnews.net\/svenska\/2008\/11\/26\/vald-mot-kvinnor-beskrivs-som-en-pandemi\/","title":{"rendered":"V\u00e5ld mot kvinnor beskrivs som en &quot;pandemi&quot;"},"content":{"rendered":"<p>New York, 081126 (IPS) &#8211; V\u00e4rldens regeringar m\u00e5ste agera betydligt h\u00e5rdare f\u00f6r att f\u00e5 ett slut p\u00e5 v\u00e5ldet mot kvinnor. Det kr\u00e4vde aktivister och FN-f\u00f6retr\u00e4dare p\u00e5 tisdagen i samband med den internationella dagen f\u00f6r avskaffande av v\u00e5ld mot kvinnor.<\/p>\n<p><!--more--><\/p>\n<p>Minst var tredje kvinna i v\u00e4rlden blir n\u00e5gon g\u00e5ng under sin livstid utsatt f\u00f6r misshandel, v\u00e5ldt\u00e4kt eller andra former v\u00e5ld. Och oftast \u00e4r f\u00f6r\u00f6varen n\u00e5gon hon k\u00e4nner.<\/p>\n<p> FN:s utvecklingsfond f\u00f6r kvinnor, Unifem, beskriver i en rapport v\u00e5ldet mot kvinnor som den &#8220;kanske mest genomgripande formen av m\u00e4nniskor\u00e4ttsbrott&#8221; som vi k\u00e4nner till, samt p\u00e5pekar att dessa brott utg\u00f6r ett &#8220;problem av pandemiska proportioner&#8221;.<\/p>\n<p> Fler \u00e4n fem miljoner m\u00e4nniskor har undertecknat den kampanj som Unifem inlett under parollen &#8220;S\u00e4g nej till v\u00e5ld mot kvinnor&#8221;, d\u00e4r man kr\u00e4ver att kampen mot kvinnov\u00e5ldet ska h\u00f6gprioriteras av v\u00e4rldens ledare.<\/p>\n<p> Unifems chef Ines Alberdi s\u00e4ger att representanter f\u00f6r 60 av v\u00e4rldens regeringar har undertecknat uppropet. Hon menar att fler regeringar \u00e4n n\u00e5gon g\u00e5ng tidigare inf\u00f6rt lagar mot kvinnov\u00e5ld, men att inf\u00f6randet av lagar inte \u00e4r tillr\u00e4ckligt.<\/p>\n<p> &#8211; Nu m\u00e5ste vi se till att de lagar och regler som redan finns ocks\u00e5 till\u00e4mpas, s\u00e4ger Ines Alberdi.<\/p>\n<p> Unifem kr\u00e4ver \u00e4ven att r\u00e4ttsv\u00e4sendet ska reagera tydligt i samband med v\u00e5ld mot kvinnor, genom snabba utredningar, men ocks\u00e5 genom att bland annat erbjuda misshandlade kvinnor s\u00e5v\u00e4l juridisk hj\u00e4lp som skyddat boende.<\/p>\n<p> Unifem och ett stort antal organisationer i v\u00e4rlden inledde p\u00e5 tisdagen en 16 dagar l\u00e5ng kampanj som avslutas den 10 december, p\u00e5 den internationella m\u00e4nniskor\u00e4ttsdagen. Syftet \u00e4r att f\u00f6ra upp fr\u00e5gan p\u00e5 dagordningen, men ocks\u00e5 att understryka att v\u00e5ld mot kvinnor \u00e4r fr\u00e5ga som h\u00e4nger samman med de m\u00e4nskliga r\u00e4ttigheterna.<\/p>\n","protected":false},"excerpt":{"rendered":"<p>New York, 081126 (IPS) &#8211; V\u00e4rldens regeringar m\u00e5ste agera betydligt h\u00e5rdare f\u00f6r att f\u00e5 ett slut p\u00e5 v\u00e5ldet mot kvinnor. Det kr\u00e4vde aktivister och FN-f\u00f6retr\u00e4dare p\u00e5 tisdagen i samband med den internationella dagen f\u00f6r avskaffande av v\u00e5ld mot kvinnor.<\/p>\n","protected":false},"author":683,"featured_media":0,"comment_status":"open","ping_status":"open","sticky":false,"template":"","format":"standard","meta":{"footnotes":""},"categories":[1,27,10,7],"tags":[],"class_list":["post-14107","post","type-post","status-publish","format-standard","hentry","category-headlines","category-jamstalldhet","category-manskliga-rattigheter","category-politik"],"_links":{"self":[{"href":"http:\/\/ipsnews.net\/svenska\/wp-json\/wp\/v2\/posts\/14107","targetHints":{"allow":["GET"]}}],"collection":[{"href":"http:\/\/ipsnews.net\/svenska\/wp-json\/wp\/v2\/posts"}],"about":[{"href":"http:\/\/ipsnews.net\/svenska\/wp-json\/wp\/v2\/types\/post"}],"author":[{"embeddable":true,"href":"http:\/\/ipsnews.net\/svenska\/wp-json\/wp\/v2\/users\/683"}],"replies":[{"embeddable":true,"href":"http:\/\/ipsnews.net\/svenska\/wp-json\/wp\/v2\/comments?post=14107"}],"version-history":[{"count":0,"href":"http:\/\/ipsnews.net\/svenska\/wp-json\/wp\/v2\/posts\/14107\/revisions"}],"wp:attachment":[{"href":"http:\/\/ipsnews.net\/svenska\/wp-json\/wp\/v2\/media?parent=14107"}],"wp:term":[{"taxonomy":"category","embeddable":true,"href":"http:\/\/ipsnews.net\/svenska\/wp-json\/wp\/v2\/categories?post=14107"},{"taxonomy":"post_tag","embeddable":true,"href":"http:\/\/ipsnews.net\/svenska\/wp-json\/wp\/v2\/tags?post=14107"}],"curies":[{"name":"wp","href":"https:\/\/api.w.org\/{rel}","templated":true}]}}