{"id":14028,"date":"2008-10-21T13:40:01","date_gmt":"2008-10-21T13:40:01","guid":{"rendered":"http:\/\/ipsnews.net\/svenska\/2008\/10\/21\/sri-lanka-indien-kraver-att-civila-skyddas-i-striderna\/"},"modified":"2008-10-21T13:40:01","modified_gmt":"2008-10-21T13:40:01","slug":"sri-lanka-indien-kraver-att-civila-skyddas-i-striderna","status":"publish","type":"post","link":"http:\/\/ipsnews.net\/svenska\/2008\/10\/21\/sri-lanka-indien-kraver-att-civila-skyddas-i-striderna\/","title":{"rendered":"Sri Lanka: Indien kr\u00e4ver att civila skyddas i striderna"},"content":{"rendered":"<p>Colombo, 081021 (IPS) &#8211; Samtidigt som Sri Lankas arm\u00e9 forts\u00e4tter sin offensiv mot den tamilska gerillans sista f\u00e4sten uppmanar nu Indiens regering om \u00e5tg\u00e4rder f\u00f6r att skydda de 220 000 civila som innest\u00e4ngts i striderna.  <\/p>\n<p><!--more--><\/p>\n<p>Premi\u00e4rminister Manmohan Singh ringde enligt det indiska utrikesdepartementet under helgen till Sri Lankas president Mahinda Rajapakse f\u00f6r att uttrycka &#8220;sin djupa oro \u00f6ver den f\u00f6rv\u00e4rrade humanit\u00e4ra situationen i norra Sri Lanka &#8211; i synnerhet f\u00f6r de flyktingar som hamnat mitt i striderna&#8221;.<\/p>\n<p> Enligt ett pressmedelande fr\u00e5n regeringen i Colombo ska Rajapakse ha f\u00f6rs\u00e4krat att arm\u00e9n f\u00e5tt &#8220;strikta order&#8221; om att se till att inga civila skadas eller d\u00f6das i striderna.  Indiens utrikesminister Pranab Mukherjee ska enligt planerna resa till Sri Lanka f\u00f6r att diskutera situationen med president Rajapakse och Sri Lankas utrikesminister Rohitha Bogollagama.  I Indiens sydliga delstat Tamil Nadu \u2013 som \u00e4r hem f\u00f6r 55 miljoner tamiler \u2013 sjuder ilskan \u00f6ver arm\u00e9ns offensiv mot gerillan LTTE. Delstatsministern M. Karunanidhi har hotat med att hans partikamrater kommer att avg\u00e5 fr\u00e5n sina poster i det indiska parlamentet om inte striderna upph\u00f6r.<\/p>\n<p> Analytiker i Colombo menar dock att Indiens inflytande i Sri Lanka \u00e4r betydligt mindre i dag j\u00e4mf\u00f6rt med hur situationen var 1987, d\u00e5 Indien skickade en stor fredsstyrka till \u00f6n. Den indiska styrkan \u00e5terkallades dock 1990.<\/p>\n<p> &#8211; Jag anser att deras inflytande \u00e4r begr\u00e4nsat, och Indien kommer med st\u00f6rsta sannolikhet inte att skicka n\u00e5gra trupper, s\u00e4ger Paikiasothy Saravanamuttu fr\u00e5n den Colombo-baserade tankesmedjan Centre for Policy Alternatives.  Saravanamuttu menar att Indien f\u00f6r n\u00e4rvarande inte har n\u00e5gra m\u00f6jligheter att s\u00e4tta stopp f\u00f6r den p\u00e5g\u00e5ende offensiven mot de tamilska rebellerna.<\/p>\n<p> Sri Lankas f\u00f6rsvarsdepartement h\u00e4vdar att arm\u00e9n har lyckats sl\u00e5 sig igenom rebellernas f\u00f6rsvarslinje strax s\u00f6der om staden Kilinochchi. Striderna \u00e4r dock fortsatt h\u00e5rda, och p\u00e5 m\u00e5ndagen medgav regeringen att 33 arm\u00e9soldater d\u00f6dats under de senaste dagarna i n\u00e4rheten av Kilinochchi. Orten, som \u00e4r LTTE:s starka f\u00e4ste, ska nu ha f\u00f6rvandlats till en sp\u00f6kstad efter att de flesta civila har flytt undan striderna.<\/p>\n<p> De flesta flyktingar har begett sig vidare norrut. Enligt de senaste rapporterna fr\u00e5n paraplyorganisationen Inter Agency Standing Committee, IASC, som best\u00e5r av en rad internationella bist\u00e5ndsorgan, har flyktingar betalat stora summor f\u00f6r att f\u00e5 hj\u00e4lp att via traktorer ta sig vidare norrut fr\u00e5n Kilinochchi.<\/p>\n<p> De internationella bist\u00e5ndsorganen tvingades l\u00e4mna det rebellkontrollerade omr\u00e5det Vanni i mitten av september, och sedan dess har den humanit\u00e4ra situationen f\u00f6r civilbefolkningen f\u00f6rv\u00e4rrats. En del f\u00f6rn\u00f6denheter har dock kunnat skickas in till den drabbade befolkningen, men i f\u00f6rra veckan tvingades en FN-konvoj med 50 lastbilar v\u00e4nda tillbaka till regeringskontrollerat omr\u00e5de.  &#8211; H\u00e5rda strider br\u00f6t ut och konvojen tvingades v\u00e4nda tillbaka, s\u00e4ger FN:s spr\u00e5kr\u00f6r Gordon Weiss till IPS.  Nu ska dock leveranserna av livsmedel och andra f\u00f6rn\u00f6denheter ha kunnat \u00e5terupptas efter att FN har f\u00e5tt garantier fr\u00e5n b\u00e5de rebeller och regeringstrupper.  Ett annat problem nu \u00e4r att monsunregnen kan komma att f\u00f6rsv\u00e5ra leveranserna till flyktingarna.<\/p>\n<p> &#8211; V\u00e4garna \u00e4r i d\u00e5ligt skick och det kommer att bli sv\u00e5rt f\u00f6r konvojer och tunga fordon att k\u00f6ra p\u00e5 dem i samband med h\u00e4ftiga regnv\u00e4der, s\u00e4ger Imalda Sukumar, som \u00e4r verksam i distriktet Mulaithivu, d\u00e4r 155 000 flyktingar ber\u00e4knas finnas.<\/p>\n<p> *IPS kan erbjuda v\u00e5ra prenumeranter bilder till vissa av v\u00e5ra artiklar. Bilderna s\u00e4ljs separat till ett fast pris p\u00e5 500 kronor. Om ni vill publicera denna bild var v\u00e4nlig och mejla v\u00e5r svenska redaktion p\u00e5: ipsnews(a)telia.com och meddela att ni anv\u00e4nt den.<\/p>\n<p> <UL> <LI><A HREF=\"http:\/\/ipsnews.net\/pictures\/vannifleeing1.jpg\" class=\"linkblue\" target=\"new\">En av alla familjer i norra Sri Lanka som tvingats packa samman sina tillh\u00f6righeter och fly undan de h\u00e5rdnande striderna runt staden Kilinochchi. Foto: IPS<\/font><\/a><\/LI><\/UL><BR><BR><\/p>\n","protected":false},"excerpt":{"rendered":"<p>Colombo, 081021 (IPS) &#8211; Samtidigt som Sri Lankas arm\u00e9 forts\u00e4tter sin offensiv mot den tamilska gerillans sista f\u00e4sten uppmanar nu Indiens regering om \u00e5tg\u00e4rder f\u00f6r att skydda de 220 000 civila som innest\u00e4ngts i striderna.<\/p>\n","protected":false},"author":2,"featured_media":0,"comment_status":"open","ping_status":"open","sticky":false,"template":"","format":"standard","meta":{"footnotes":""},"categories":[18,1,3,7],"tags":[],"class_list":["post-14028","post","type-post","status-publish","format-standard","hentry","category-asien-och-stillahavsomradet","category-headlines","category-migration-och-minoriteter","category-politik"],"_links":{"self":[{"href":"http:\/\/ipsnews.net\/svenska\/wp-json\/wp\/v2\/posts\/14028","targetHints":{"allow":["GET"]}}],"collection":[{"href":"http:\/\/ipsnews.net\/svenska\/wp-json\/wp\/v2\/posts"}],"about":[{"href":"http:\/\/ipsnews.net\/svenska\/wp-json\/wp\/v2\/types\/post"}],"author":[{"embeddable":true,"href":"http:\/\/ipsnews.net\/svenska\/wp-json\/wp\/v2\/users\/2"}],"replies":[{"embeddable":true,"href":"http:\/\/ipsnews.net\/svenska\/wp-json\/wp\/v2\/comments?post=14028"}],"version-history":[{"count":0,"href":"http:\/\/ipsnews.net\/svenska\/wp-json\/wp\/v2\/posts\/14028\/revisions"}],"wp:attachment":[{"href":"http:\/\/ipsnews.net\/svenska\/wp-json\/wp\/v2\/media?parent=14028"}],"wp:term":[{"taxonomy":"category","embeddable":true,"href":"http:\/\/ipsnews.net\/svenska\/wp-json\/wp\/v2\/categories?post=14028"},{"taxonomy":"post_tag","embeddable":true,"href":"http:\/\/ipsnews.net\/svenska\/wp-json\/wp\/v2\/tags?post=14028"}],"curies":[{"name":"wp","href":"https:\/\/api.w.org\/{rel}","templated":true}]}}