{"id":13933,"date":"2008-09-05T13:40:01","date_gmt":"2008-09-05T13:40:01","guid":{"rendered":"http:\/\/ipsnews.net\/svenska\/2008\/09\/05\/usa-mumia-abu-jamal-vander-sig-till-hd\/"},"modified":"2008-09-05T13:40:01","modified_gmt":"2008-09-05T13:40:01","slug":"usa-mumia-abu-jamal-vander-sig-till-hd","status":"publish","type":"post","link":"http:\/\/ipsnews.net\/svenska\/2008\/09\/05\/usa-mumia-abu-jamal-vander-sig-till-hd\/","title":{"rendered":"USA: Mumia Abu-Jamal v\u00e4nder sig till HD"},"content":{"rendered":"<p>Boston, 080905 (IPS) &#8211; Den d\u00f6dsd\u00f6mde journalisten och aktivisten Mumia Abu-Jamal f\u00f6rbereder nu en beg\u00e4ran om att USA:s H\u00f6gsta domstol ska granska den kontroversiella domen mot honom. M\u00e5nga aktivister menar att r\u00e4tteg\u00e5ngen kantades av rasism.  <\/p>\n<p><!--more--><\/p>\n<p>Abu-Jamals 26 \u00e5r l\u00e5nga kamp f\u00f6r uppr\u00e4ttelse g\u00e5r vidare. Beslutet att f\u00f6rbereda en \u00f6verklagan till HD togs efter att en federal appellationsdomstol i juli avslagit en beg\u00e4ran om att en ny r\u00e4tteg\u00e5ng ska h\u00e5llas, ber\u00e4ttar advokat Robert R. Bryan, som leder Abu-Jamal f\u00f6rsvar.<\/p>\n<p> Abu-Jamal d\u00f6mdes till d\u00f6den f\u00f6r mordet p\u00e5 en vit polis i Philadelphia 1981.<\/p>\n<p> M\u00e4nniskor\u00e4ttsaktivister i b\u00e5de USA och andra delar av v\u00e4rlden har engagerat sig i fallet, och m\u00e5nga \u00e4r mycket kritiska till de bevis som lades fram mot Abu-Jamal, som alltid h\u00e4vdat att han \u00e4r oskyldigt d\u00f6md.  &#8211; Rasismen forts\u00e4tter att visa sitt fula tryne i detta land, men borde inte ha n\u00e5gon plats inom v\u00e5rt r\u00e4ttsv\u00e4sende, s\u00e4ger Bryan med anledning av beslutet i appellationsdomstolen.  Bryan menar att rasistiska motiv l\u00e5g bakom utn\u00e4mningen av den jury som d\u00f6mde Abu-Jamal i samband med r\u00e4tteg\u00e5ngen 1982.<\/p>\n<p> I sin skrivelse till HD kommer Abu Jamals jurister att p\u00e5tala flera brister i r\u00e4tteg\u00e5ngen, bland annat det faktum att juryn med avsikt enbart bestod av vita ledam\u00f6ter.  Det \u00e4r h\u00f6gst os\u00e4kert om HD kommer att ta upp fallet, eftersom man bara granskar mellan en och tv\u00e5 procent av alla fall som \u00f6verklagas varje \u00e5r. Men med tanke p\u00e5 att appellationsdomstolens avslag baserades p\u00e5 r\u00f6stsiffrorna tv\u00e5 mot en finns det en viss chans att HD \u00e4r villiga att ta sig an fallet.<\/p>\n<p> Om HD granskar fallet kan Abu-Jamal komma att ges chansen till en ny r\u00e4tteg\u00e5ng.  I samband med att appellationsdomstolen avslog beg\u00e4ran om en ny r\u00e4tteg\u00e5ng beslutades att Abu-Jamal ska st\u00e4llas inf\u00f6r en ny r\u00e4ttslig pr\u00f6vning som kan resultera i livstids f\u00e4ngelse utan m\u00f6jlighet till ben\u00e5dning, eller att d\u00f6dsstraffet fastst\u00e4lls.<\/p>\n<p> Det beslutet innebar att hotet om en omedelbar avr\u00e4ttning av Abu-Jamal tills vidare f\u00f6rsvann.<\/p>\n<p> Advokat Bryan s\u00e4ger dock att man inte kommer att ge sig f\u00f6rr\u00e4n hela r\u00e4tteg\u00e5ngen g\u00f6rs om.<\/p>\n","protected":false},"excerpt":{"rendered":"<p>Boston, 080905 (IPS) &#8211; Den d\u00f6dsd\u00f6mde journalisten och aktivisten Mumia Abu-Jamal f\u00f6rbereder nu en beg\u00e4ran om att USA:s H\u00f6gsta domstol ska granska den kontroversiella domen mot honom. M\u00e5nga aktivister menar att r\u00e4tteg\u00e5ngen kantades av rasism.<\/p>\n","protected":false},"author":605,"featured_media":0,"comment_status":"open","ping_status":"open","sticky":false,"template":"","format":"standard","meta":{"footnotes":""},"categories":[1,10,14,7],"tags":[],"class_list":["post-13933","post","type-post","status-publish","format-standard","hentry","category-headlines","category-manskliga-rattigheter","category-nordamerika","category-politik"],"_links":{"self":[{"href":"http:\/\/ipsnews.net\/svenska\/wp-json\/wp\/v2\/posts\/13933","targetHints":{"allow":["GET"]}}],"collection":[{"href":"http:\/\/ipsnews.net\/svenska\/wp-json\/wp\/v2\/posts"}],"about":[{"href":"http:\/\/ipsnews.net\/svenska\/wp-json\/wp\/v2\/types\/post"}],"author":[{"embeddable":true,"href":"http:\/\/ipsnews.net\/svenska\/wp-json\/wp\/v2\/users\/605"}],"replies":[{"embeddable":true,"href":"http:\/\/ipsnews.net\/svenska\/wp-json\/wp\/v2\/comments?post=13933"}],"version-history":[{"count":0,"href":"http:\/\/ipsnews.net\/svenska\/wp-json\/wp\/v2\/posts\/13933\/revisions"}],"wp:attachment":[{"href":"http:\/\/ipsnews.net\/svenska\/wp-json\/wp\/v2\/media?parent=13933"}],"wp:term":[{"taxonomy":"category","embeddable":true,"href":"http:\/\/ipsnews.net\/svenska\/wp-json\/wp\/v2\/categories?post=13933"},{"taxonomy":"post_tag","embeddable":true,"href":"http:\/\/ipsnews.net\/svenska\/wp-json\/wp\/v2\/tags?post=13933"}],"curies":[{"name":"wp","href":"https:\/\/api.w.org\/{rel}","templated":true}]}}