{"id":1297,"date":"2003-03-05T13:40:01","date_gmt":"2003-03-05T13:40:01","guid":{"rendered":"http:\/\/ipsnews.net\/svenska\/2003\/03\/05\/fransk-polis-skot-ihjal-ung-fransk-algerier\/"},"modified":"2003-03-05T13:40:01","modified_gmt":"2003-03-05T13:40:01","slug":"fransk-polis-skot-ihjal-ung-fransk-algerier","status":"publish","type":"post","link":"http:\/\/ipsnews.net\/svenska\/2003\/03\/05\/fransk-polis-skot-ihjal-ung-fransk-algerier\/","title":{"rendered":"Fransk polis sk\u00f6t ihj\u00e4l ung fransk-algerier"},"content":{"rendered":"<p>Paris, 030305 (IPS) &#8211; I m\u00e5ndags sk\u00f6t fransk polis ihj\u00e4l en 17-\u00e5rig man av algeriskt ursprung. D\u00f6dsskjutningen har orsakat kravaller i staden Nimes d\u00e4r pojken bodde och skapat en debatt om hur polisen bem\u00f6ter invandrare och om vilka f\u00f6ljder h\u00f6gerregeringens h\u00e5rda linje mot brottsligheten f\u00e5r. <\/p>\n<p><!--more--><\/p>\n<p> Den officiella versionen av d\u00f6dsskjutningen \u00e4r att fyra poliser sk\u00f6t mot tre pojkar som var misst\u00e4nkta f\u00f6r inbrott och som f\u00f6rs\u00f6kte undkomma att gripas. 17-\u00e5rige Mourad tr\u00e4ffades av en kula i huvudet och dog strax d\u00e4refter p\u00e5 ett n\u00e4rbel\u00e4get sjukhus.<\/p>\n<p> &#8211; Den h\u00e4r d\u00f6dsskjutningen \u00e4r resultatet av den politik som inrikesministern Nicolas Sarkozy har inf\u00f6rt mot oss invandrare, s\u00e4ger Mourads syster.  Familjens advokat, Nicolas Chambaret, s\u00e4ger att det inte fanns n\u00e5got som ber\u00e4ttigade att polisen sk\u00f6t mot pojkarna. De var inte bev\u00e4pnade och det enda de var miss\u00e4nkta f\u00f6r var inbrott.<\/p>\n<p> De fyra poliser som b\u00e4r ansvaret f\u00f6r d\u00f6dsskjutningen har st\u00e4ngts av tills vidare. Obduktionen v\u00e4ntas visa vilken av poliserna som sk\u00f6t ihj\u00e4l Mourad.<\/p>\n<p> &#8211; I Paris utkanter, d\u00e4r det mest bor invandrare, har polisaktioner riktade mot ungdomar skjutit i h\u00f6jden. F\u00f6rra \u00e5ret \u00f6kade dessa tillslag med \u00f6ver 40 procent, s\u00e4ger Bruno Thouzellier, som leder fackf\u00f6rbundet f\u00f6r domare.  Frankrikes h\u00f6gerregering har gett h\u00f6gsta prioritet till kampen mot sm\u00e5 brott, s\u00e4ger Michel Tubiana som arbetar f\u00f6r den franska m\u00e4nniskor\u00e4ttsf\u00f6rbundet.  &#8211; Den har gett polisen st\u00f6d att g\u00f6ra n\u00e4stan vad som helst f\u00f6r att f\u00e5nga misst\u00e4nkta brottslingar. Det f\u00e5r extremt allvarliga konsekvenser, s\u00e4ger han.  Den franska polisen har f\u00e5tt ut\u00f6kade befogenheter bland annat vad g\u00e4ller &#8220;uppror och aggression riktad mot polisen&#8221;. De flesta anklagelser om uppror uppst\u00e5r efter att polisen genomf\u00f6rt r\u00e4der i fattiga omr\u00e5den f\u00f6r att exempelvis kontrollera id-handlingar.  Det franska advokatf\u00f6rbundet och M\u00e4nniskor\u00e4ttsf\u00f6rbundet anklagar i en gemensam rapport polisen f\u00f6r att i m\u00e5nga fall provocera fram uppror. I de flesta fall av p\u00e5st\u00e5dda uppror som f\u00f6rbunden har unders\u00f6kt var allt lugnt n\u00e4r polisen kom till platsen. Unga m\u00e4n hade samlats fredligt p\u00e5 m\u00f6tesplatser i sina bostadsomr\u00e5den och br\u00e5k utbr\u00f6t f\u00f6rst n\u00e4r polisen d\u00f6k upp.<\/p>\n<p> &#8211; Senare anklagas pojkarna och de unga m\u00e4nnen f\u00f6r upplopp eller f\u00f6r aggression mot polisen. Vittnesm\u00e5l fr\u00e5n en grupp poliser ges mera trov\u00e4rdighet \u00e4n dem fr\u00e5n invandrarungdomar, s\u00e4ger Emmanuelle Le Chevallier, ordf\u00f6rande f\u00f6r antirasistgruppen R\u00f6relsen f\u00f6r v\u00e4nskap mellan m\u00e4nniskor.  Anm\u00e4lningar mot polisen f\u00f6r \u00f6verv\u00e5ld eller f\u00f6r att ha provocerat fram brott leder s\u00e4llan till \u00e5tal eller till att poliser avst\u00e4ngs fr\u00e5n sin tj\u00e4nst, enlig Le Chevallier.  M\u00e5nga fransm\u00e4n av arabiskt eller afrikanskt ursprung vittnar om att de trakasserats av polisen. 37-\u00e5riga Diane som kommer fr\u00e5n Benin greps av polisen f\u00f6r att hon st\u00e4llt sin dotters barnvagn p\u00e5 en plats reserverad f\u00f6r handikappade p\u00e5 en buss. Bussen var tom och Diane hade id-handlingar och giltig biljett p\u00e5 sig, ber\u00e4ttar hon.<\/p>\n<p> &#8211; De sa till mig &#8220;Din smutsiga neger, det \u00e4r m\u00e4nniskor som du som f\u00f6rst\u00f6rt v\u00e5rt land&#8221;, s\u00e4ger hon.  Sen satte de handklovar p\u00e5 henne medan de fortsatte med sina f\u00f6rol\u00e4mpningar. Hon sl\u00e4pptes fri f\u00f6rst efter att ha varit gripen i flera timmar utan n\u00e5gon f\u00f6rklaring.  Inrikesministern Sarkozy avf\u00e4rdar hennes och andras klagom\u00e5l mot polisen.<\/p>\n<p> &#8211; Alla anm\u00e4lningar mot polisen utreds, och n\u00e4stan utan undantag avsl\u00f6jas de som l\u00f6gner, s\u00e4ger Sarkozy.  Sarkozy anklagar &#8220;s\u00e5 kallade m\u00e4nniskor\u00e4ttsorganisationer&#8221; f\u00f6r att bara bry sig om sin image och sitt samvete.<\/p>\n<p> &#8211; M\u00e4nniskor\u00e4ttsgrupperna st\u00e5r inte ut med v\u00e5r framg\u00e5ng i kampen mot brottsligheten. Men det bryr jag mig inte om, f\u00f6r 70 procent av det franska folket st\u00f6der v\u00e5ra \u00e5tg\u00e4rder f\u00f6r landets s\u00e4kerhet, s\u00e4ger han.<\/p>\n","protected":false},"excerpt":{"rendered":"<p>Paris, 030305 (IPS) &#8211; I m\u00e5ndags sk\u00f6t fransk polis ihj\u00e4l en 17-\u00e5rig man av algeriskt ursprung. D\u00f6dsskjutningen har orsakat kravaller i staden Nimes d\u00e4r pojken bodde och skapat en debatt om hur polisen bem\u00f6ter invandrare och om vilka f\u00f6ljder h\u00f6gerregeringens&hellip; <a href=\"http:\/\/ipsnews.net\/svenska\/2003\/03\/05\/fransk-polis-skot-ihjal-ung-fransk-algerier\/\" class=\"more-link\">Continue Reading <span class=\"meta-nav\">&rarr;<\/span><\/a><\/p>\n","protected":false},"author":5,"featured_media":0,"comment_status":"open","ping_status":"open","sticky":false,"template":"","format":"standard","meta":{"footnotes":""},"categories":[1,10,3],"tags":[],"class_list":["post-1297","post","type-post","status-publish","format-standard","hentry","category-headlines","category-manskliga-rattigheter","category-migration-och-minoriteter"],"_links":{"self":[{"href":"http:\/\/ipsnews.net\/svenska\/wp-json\/wp\/v2\/posts\/1297","targetHints":{"allow":["GET"]}}],"collection":[{"href":"http:\/\/ipsnews.net\/svenska\/wp-json\/wp\/v2\/posts"}],"about":[{"href":"http:\/\/ipsnews.net\/svenska\/wp-json\/wp\/v2\/types\/post"}],"author":[{"embeddable":true,"href":"http:\/\/ipsnews.net\/svenska\/wp-json\/wp\/v2\/users\/5"}],"replies":[{"embeddable":true,"href":"http:\/\/ipsnews.net\/svenska\/wp-json\/wp\/v2\/comments?post=1297"}],"version-history":[{"count":0,"href":"http:\/\/ipsnews.net\/svenska\/wp-json\/wp\/v2\/posts\/1297\/revisions"}],"wp:attachment":[{"href":"http:\/\/ipsnews.net\/svenska\/wp-json\/wp\/v2\/media?parent=1297"}],"wp:term":[{"taxonomy":"category","embeddable":true,"href":"http:\/\/ipsnews.net\/svenska\/wp-json\/wp\/v2\/categories?post=1297"},{"taxonomy":"post_tag","embeddable":true,"href":"http:\/\/ipsnews.net\/svenska\/wp-json\/wp\/v2\/tags?post=1297"}],"curies":[{"name":"wp","href":"https:\/\/api.w.org\/{rel}","templated":true}]}}