{"id":1279,"date":"2003-02-28T13:40:01","date_gmt":"2003-02-28T13:40:01","guid":{"rendered":"http:\/\/ipsnews.net\/svenska\/2003\/02\/28\/kuba-battre-vattenforsorjning-efter-utlandska-investeringar\/"},"modified":"2003-02-28T13:40:01","modified_gmt":"2003-02-28T13:40:01","slug":"kuba-battre-vattenforsorjning-efter-utlandska-investeringar","status":"publish","type":"post","link":"http:\/\/ipsnews.net\/svenska\/2003\/02\/28\/kuba-battre-vattenforsorjning-efter-utlandska-investeringar\/","title":{"rendered":"Kuba: B\u00e4ttre vattenf\u00f6rs\u00f6rjning efter utl\u00e4ndska investeringar"},"content":{"rendered":"<p>Havanna, 030228 (IPS) &#8211; Tillg\u00e5ngen till p\u00e5litliga vattenresurser har p\u00e5 senare \u00e5r f\u00f6rb\u00e4ttrats betydligt i den kubanska huvudstaden Havanna. Orsaken \u00e4r investeringar fr\u00e5n ett spanskt f\u00f6retag.      <\/p>\n<p><!--more--><\/p>\n<p>Fram till \u00e5r 2000 pl\u00e5gades Havannas drygt tv\u00e5 miljoner inv\u00e5nare av mycket stora problem med vattentillg\u00e5ngen. I vissa distrikt saknades fungerande vattenkranar helt, medan vattenledningarna i andra delar av staden var mycket op\u00e5litliga.  &#8211; Det var hemskt i mitt kvarter. Man tvingades lagra vatten f\u00f6r flera dagar eftersom man inte visste n\u00e4r ledningarna skulle fungera igen, s\u00e4ger Mercedes Morales, i distriktet La Lisa.  Nu fungerar vattenledningarna i hennes kvarter som de ska. Sedan \u00e5r 2000 har det kubansk-spanska f\u00f6retetaget Aguas de La Habana reparerat och f\u00f6rnyat stadens vattenledningar.  Enligt landets socialistiska regering ska de utl\u00e4ndska investeringarna bara ses som en del i utvecklingen av landet. Men f\u00f6r m\u00e5nga kubaner \u00e4r det uppenbart att sedan flera offentliga institutioner skrivit avtal med utl\u00e4ndska f\u00f6retag har situationen f\u00f6rb\u00e4ttrats betydligt.  Avtal med utl\u00e4ndska f\u00f6retag har bland annat lett till att antalet familjer som anv\u00e4nder gas ist\u00e4llet f\u00f6r fotogen har \u00f6kat, samt att allt fler har telefoner i sina hem.  De utl\u00e4ndska investeringarna inneb\u00e4r dock inte att det statliga \u00e4gandet privatiseras. Aguas de La Habana gavs bara till\u00e5telse att arbeta med de offentliga vattenledningarna i syfte att f\u00f6rb\u00e4ttra dem.<\/p>\n<p> \u00c4n s\u00e5 l\u00e4nge har man arbetat med vattenledningarna och avloppen i vissa delar av staden, men planen \u00e4r att f\u00f6retaget med tiden ska ha f\u00f6rb\u00e4ttrat situationen i hela Havanna.<\/p>\n<p>  \u00c5r 2000 var fler \u00e4n 90 000 m\u00e4nniskor i staden beroende av att f\u00e5 sitt vatten levererat med lastbilar. Enligt officiella siffror hade den siffran i slutet av f\u00f6rra \u00e5ret sjunkit till 24 000.<\/p>\n<p> 20 procent av jordens befolkning drabbades av vattenbrist \u00e5r 2000. Man v\u00e4ntar sig att den siffran kommer att stiga till 30 procent \u00e5r 2025.<\/p>\n","protected":false},"excerpt":{"rendered":"<p>Havanna, 030228 (IPS) &#8211; Tillg\u00e5ngen till p\u00e5litliga vattenresurser har p\u00e5 senare \u00e5r f\u00f6rb\u00e4ttrats betydligt i den kubanska huvudstaden Havanna. Orsaken \u00e4r investeringar fr\u00e5n ett spanskt f\u00f6retag.<\/p>\n","protected":false},"author":49,"featured_media":0,"comment_status":"open","ping_status":"open","sticky":false,"template":"","format":"standard","meta":{"footnotes":""},"categories":[1,15,11],"tags":[],"class_list":["post-1279","post","type-post","status-publish","format-standard","hentry","category-headlines","category-latinamerika","category-utveckling"],"_links":{"self":[{"href":"http:\/\/ipsnews.net\/svenska\/wp-json\/wp\/v2\/posts\/1279","targetHints":{"allow":["GET"]}}],"collection":[{"href":"http:\/\/ipsnews.net\/svenska\/wp-json\/wp\/v2\/posts"}],"about":[{"href":"http:\/\/ipsnews.net\/svenska\/wp-json\/wp\/v2\/types\/post"}],"author":[{"embeddable":true,"href":"http:\/\/ipsnews.net\/svenska\/wp-json\/wp\/v2\/users\/49"}],"replies":[{"embeddable":true,"href":"http:\/\/ipsnews.net\/svenska\/wp-json\/wp\/v2\/comments?post=1279"}],"version-history":[{"count":0,"href":"http:\/\/ipsnews.net\/svenska\/wp-json\/wp\/v2\/posts\/1279\/revisions"}],"wp:attachment":[{"href":"http:\/\/ipsnews.net\/svenska\/wp-json\/wp\/v2\/media?parent=1279"}],"wp:term":[{"taxonomy":"category","embeddable":true,"href":"http:\/\/ipsnews.net\/svenska\/wp-json\/wp\/v2\/categories?post=1279"},{"taxonomy":"post_tag","embeddable":true,"href":"http:\/\/ipsnews.net\/svenska\/wp-json\/wp\/v2\/tags?post=1279"}],"curies":[{"name":"wp","href":"https:\/\/api.w.org\/{rel}","templated":true}]}}