{"id":1273,"date":"2003-02-26T13:40:01","date_gmt":"2003-02-26T13:40:01","guid":{"rendered":"http:\/\/ipsnews.net\/svenska\/2003\/02\/26\/frankrike-ihaliga-deklarationer-vid-afrikanskt-toppmote\/"},"modified":"2003-02-26T13:40:01","modified_gmt":"2003-02-26T13:40:01","slug":"frankrike-ihaliga-deklarationer-vid-afrikanskt-toppmote","status":"publish","type":"post","link":"http:\/\/ipsnews.net\/svenska\/2003\/02\/26\/frankrike-ihaliga-deklarationer-vid-afrikanskt-toppmote\/","title":{"rendered":"Frankrike: Ih\u00e5liga deklarationer vid afrikanskt toppm\u00f6te"},"content":{"rendered":"<p>Paris, 030226 (IPS) &#8211; Nyligen deklarerade ledarna f\u00f6r 42 afrikanska l\u00e4nder att respekt f\u00f6r det demokratiska systemet ska styra politiken p\u00e5 kontinenten. Men det \u00e4r en deklaration som undermineras av hur m\u00e5nga av ledarna sj\u00e4lva agerar p\u00e5 hemmaplan. <\/p>\n<p><!--more--><\/p>\n<p> I f\u00f6rra veckan m\u00f6ttes de afrikanska ledarna vid det fransk-afrikanska toppm\u00f6tet i Paris.<\/p>\n<p>Man antog gemensamma deklarationer mot krig och f\u00f6r demokrati.<\/p>\n<p> Bland de ledare som skrev under deklarationerna finns dock m\u00e5nga som anklagas f\u00f6r korruption och brott mot de m\u00e4nskliga r\u00e4ttigheterna. Bland dem finns president Robert Mugabe fr\u00e5n Zimbabwe, Denis Sassou N&#39;Guesso fr\u00e5n Kongo-Brazzaville, Gnassingb\u00e9 Eyad\u00e9ma fr\u00e5n Togo, Omar Bongo fr\u00e5n Gabon, Ange-F\u00e9lix Patass\u00e9 fr\u00e5n Centralafrikanska republiken samt Ely Ould Dah fr\u00e5n Mauretanien.<\/p>\n<p> I en gemensam deklaration skrev man att enbart FN har mandat att avv\u00e4pna Irak, samt att det alltid finns alternativ till krig.<\/p>\n<p> Men det \u00e4r en principiell h\u00e5llning som inte alla afrikanska l\u00e4nder lever upp till. Burundi, Rwanda, Centralafrikanska republiken, Chad, Kongo-Brazzaville, Angola, Sudan, Algeriet, Elfenbenskusten \u00e4r alla konfliktdrabbade l\u00e4nder d\u00e4r bristen p\u00e5 m\u00e4nskliga r\u00e4ttigheter \u00e4r omfattande.<\/p>\n<p> Enligt journalistorganisationen Reportrar utan gr\u00e4nser, RSF, finns det bland de afrikanska ledare som deltog vid den fransk-afrikanska konferensen &#8220;23 f\u00f6rtryckare av pressfriheten och de m\u00e4nskliga r\u00e4ttigheterna&#8221;.<\/p>\n<p> I Eritrea sitter just nu 18 journalister f\u00e4ngslade, och RSF:s ordf\u00f6rande Robert M\u00e9nard kallar landet &#8220;v\u00e4rldens st\u00f6rsta f\u00e4ngelse f\u00f6r journalister&#8221;.<\/p>\n<p> Kritikerna menar att de deklarationer som avlades vid konferensen d\u00e4rf\u00f6r kan ses som ett spel f\u00f6r gallerierna.<\/p>\n<p>\n","protected":false},"excerpt":{"rendered":"<p>Paris, 030226 (IPS) &#8211; Nyligen deklarerade ledarna f\u00f6r 42 afrikanska l\u00e4nder att respekt f\u00f6r det demokratiska systemet ska styra politiken p\u00e5 kontinenten. Men det \u00e4r en deklaration som undermineras av hur m\u00e5nga av ledarna sj\u00e4lva agerar p\u00e5 hemmaplan.<\/p>\n","protected":false},"author":5,"featured_media":0,"comment_status":"open","ping_status":"open","sticky":false,"template":"","format":"standard","meta":{"footnotes":""},"categories":[5,1,10,7],"tags":[],"class_list":["post-1273","post","type-post","status-publish","format-standard","hentry","category-afrika","category-headlines","category-manskliga-rattigheter","category-politik"],"_links":{"self":[{"href":"http:\/\/ipsnews.net\/svenska\/wp-json\/wp\/v2\/posts\/1273","targetHints":{"allow":["GET"]}}],"collection":[{"href":"http:\/\/ipsnews.net\/svenska\/wp-json\/wp\/v2\/posts"}],"about":[{"href":"http:\/\/ipsnews.net\/svenska\/wp-json\/wp\/v2\/types\/post"}],"author":[{"embeddable":true,"href":"http:\/\/ipsnews.net\/svenska\/wp-json\/wp\/v2\/users\/5"}],"replies":[{"embeddable":true,"href":"http:\/\/ipsnews.net\/svenska\/wp-json\/wp\/v2\/comments?post=1273"}],"version-history":[{"count":0,"href":"http:\/\/ipsnews.net\/svenska\/wp-json\/wp\/v2\/posts\/1273\/revisions"}],"wp:attachment":[{"href":"http:\/\/ipsnews.net\/svenska\/wp-json\/wp\/v2\/media?parent=1273"}],"wp:term":[{"taxonomy":"category","embeddable":true,"href":"http:\/\/ipsnews.net\/svenska\/wp-json\/wp\/v2\/categories?post=1273"},{"taxonomy":"post_tag","embeddable":true,"href":"http:\/\/ipsnews.net\/svenska\/wp-json\/wp\/v2\/tags?post=1273"}],"curies":[{"name":"wp","href":"https:\/\/api.w.org\/{rel}","templated":true}]}}