{"id":1193,"date":"2003-02-03T13:40:01","date_gmt":"2003-02-03T13:40:01","guid":{"rendered":"http:\/\/ipsnews.net\/svenska\/2003\/02\/03\/turkiet-forbereder-for-krig-trots-massivt-motstand\/"},"modified":"2003-02-03T13:40:01","modified_gmt":"2003-02-03T13:40:01","slug":"turkiet-forbereder-for-krig-trots-massivt-motstand","status":"publish","type":"post","link":"http:\/\/ipsnews.net\/svenska\/2003\/02\/03\/turkiet-forbereder-for-krig-trots-massivt-motstand\/","title":{"rendered":"Turkiet f\u00f6rbereder f\u00f6r krig trots massivt motst\u00e5nd"},"content":{"rendered":"<p>Istanbu, 030203 (IPS) &#8211; Turkiet p\u00e5skyndar nu sina f\u00f6rberedelser inf\u00f6r ett eventuellt krig mot Irak. Det finns en oro f\u00f6r att passivitet i samband med en USA-ledd milit\u00e4r insats mot Irak kan komma att kosta landet mer \u00e4n ett aktivt deltagande. Samtidigt finns det en stark folklig opinion mot ett krig. <\/p>\n<p><!--more--><\/p>\n<p> Det finns en stark oro i Turkiet \u00f6ver att en st\u00e4rkt kurdisk enhet i norra Irak kan leda till att ocks\u00e5 kurderna i Turkiet med f\u00f6rnyade krafter kr\u00e4ver en separat stat. M\u00e5ls\u00e4ttningen att avv\u00e4pna Irak kommer bara i andra hand, trots att turkiska st\u00e4der ligger inom slagh\u00e5ll f\u00f6r Irak.<\/p>\n<p> Turkiet \u00e4r strategiskt mycket viktigt i samband med en milit\u00e4r aktion, och de amerikanska och brittiska flyg som har till uppgift att bevaka flygf\u00f6rbudszonen i norra Irak utg\u00e5r redan fr\u00e5n Incirliks flygbas i s\u00f6dra Turkiet.<\/p>\n<p> Enligt rapporter har nu extra trupper kallats samman vid gr\u00e4nsen mot Irak.<\/p>\n<p>N\u00f6dplaner \u00e4r under arbete och milit\u00e4ren st\u00e4rker skyddet vid eventuella irakiska m\u00e5ltavlor.<\/p>\n<p> Den amerikanska milit\u00e4ren har redan unders\u00f6kt milit\u00e4ra baser samtidigt som USA hoppas p\u00e5 att Turkiet snart ska besluta om att de amerikanska trupperna ska f\u00e5 utg\u00e5 fr\u00e5n turkisk mark vid en eventuell attack. Under helgen beslutade dock Turkiets s\u00e4kerhetsr\u00e5d att USA:s beg\u00e4ran m\u00e5ste godk\u00e4nnas av landets parlament.<\/p>\n<p> Samtidigt v\u00e4xer kritiken mot krigsplanerna i landet. Opinionsunders\u00f6kningar tyder p\u00e5 att n\u00e4rmare 80 procent av landets befolkning \u00e4r motst\u00e5ndare till ett eventuellt krig mot Irak. Antikrigsdemonstrationer h\u00e5lls dagligen.<\/p>\n<p> Den nya turkiska regeringen, som leds av R\u00e4ttvise- och utvecklingspartiet AKP, tvingas nu till flera sv\u00e5ra politiska balansakter. AKP har starka muslimska r\u00f6tter, och starka band till resten av den muslimska v\u00e4rlden. Men Turkiet &#8211; den enda muslimska Natomedlemmen &#8211; har samtidigt tvingats be Nato om skydd i h\u00e4ndelse av en irakisk attack. Dessutom \u00e4r Turkiet beroende av USA p\u00e5 grund av landets d\u00e5liga ekonomi.<\/p>\n<p> De turkiska ledarna har sagt att ekonomin inte klarar ytterligare p\u00e5frestningar &#8211; och h\u00e4vdar att man f\u00f6rlorade upp emot 100 miljarder dollar i samband med Gulfkriget.<\/p>\n<p> Enligt rapporter har Turkiet beg\u00e4rt motsvarande 20 miljarder dollar i kompensation i h\u00e4ndelse av krig, medan USA erbjudit 4,5 miljarder. Efter h\u00e5rda f\u00f6rhandlingar med amerikanska representanter sa premi\u00e4rminister Abdullah Gul att man n\u00e5tt fram till en \u00f6verenskommelse som inneb\u00e4r att kompensation kommer att utbetalas i f\u00f6rh\u00e5llande till ekonomiska f\u00f6rluster.<\/p>\n<p> De amerikanska f\u00f6rhandlarna h\u00e4vdar att Turkiets ekonomi skulle tj\u00e4na p\u00e5 en ut\u00f6kad handel med ett demokratiskt Irak.<\/p>\n<p> Men motst\u00e5ndet mot ett eventuellt krig \u00e4r fortfarande starkt.<\/p>\n<p> &#8211; Vi vill inte ha n\u00e5got krig, s\u00e4ger Ilnur Cevik, chefredakt\u00f6r f\u00f6r den engelskspr\u00e5kiga dagstidningen Turkish Daily News.<\/p>\n<p> Cevik menar att det enda som kan f\u00e5 landets befolkning att acceptera att Turkiet deltar i kriget \u00e4r om det kan bevisas att det ligger i landets intresse.<\/p>\n<p> &#8211; N\u00e4r n\u00e5got blir uppenbart m\u00e5ste vi se till v\u00e5ra egna intressen och bem\u00f6ta utmaningarna med mod ist\u00e4llet f\u00f6r att g\u00f6mma oss i ett h\u00f6rn och be att allt snart ska vara \u00f6ver.<\/p>\n<p> P\u00e5 s\u00f6ndagskv\u00e4llen sa premi\u00e4rminister Gul att anstr\u00e4ngningarna f\u00f6r fred ska forts\u00e4tta men att landet m\u00e5ste f\u00f6rbereda sig p\u00e5 det v\u00e4rsta.<\/p>\n<p> &#8211; Vi m\u00e5ste ocks\u00e5 t\u00e4nka p\u00e5 v\u00e5ra nationella intressen, sa Gul.<\/p>\n<p>\n","protected":false},"excerpt":{"rendered":"<p>Istanbu, 030203 (IPS) &#8211; Turkiet p\u00e5skyndar nu sina f\u00f6rberedelser inf\u00f6r ett eventuellt krig mot Irak. Det finns en oro f\u00f6r att passivitet i samband med en USA-ledd milit\u00e4r insats mot Irak kan komma att kosta landet mer \u00e4n ett aktivt&hellip; <a href=\"http:\/\/ipsnews.net\/svenska\/2003\/02\/03\/turkiet-forbereder-for-krig-trots-massivt-motstand\/\" class=\"more-link\">Continue Reading <span class=\"meta-nav\">&rarr;<\/span><\/a><\/p>\n","protected":false},"author":79,"featured_media":0,"comment_status":"open","ping_status":"open","sticky":false,"template":"","format":"standard","meta":{"footnotes":""},"categories":[1,17,7],"tags":[],"class_list":["post-1193","post","type-post","status-publish","format-standard","hentry","category-headlines","category-mellanostern","category-politik"],"_links":{"self":[{"href":"http:\/\/ipsnews.net\/svenska\/wp-json\/wp\/v2\/posts\/1193","targetHints":{"allow":["GET"]}}],"collection":[{"href":"http:\/\/ipsnews.net\/svenska\/wp-json\/wp\/v2\/posts"}],"about":[{"href":"http:\/\/ipsnews.net\/svenska\/wp-json\/wp\/v2\/types\/post"}],"author":[{"embeddable":true,"href":"http:\/\/ipsnews.net\/svenska\/wp-json\/wp\/v2\/users\/79"}],"replies":[{"embeddable":true,"href":"http:\/\/ipsnews.net\/svenska\/wp-json\/wp\/v2\/comments?post=1193"}],"version-history":[{"count":0,"href":"http:\/\/ipsnews.net\/svenska\/wp-json\/wp\/v2\/posts\/1193\/revisions"}],"wp:attachment":[{"href":"http:\/\/ipsnews.net\/svenska\/wp-json\/wp\/v2\/media?parent=1193"}],"wp:term":[{"taxonomy":"category","embeddable":true,"href":"http:\/\/ipsnews.net\/svenska\/wp-json\/wp\/v2\/categories?post=1193"},{"taxonomy":"post_tag","embeddable":true,"href":"http:\/\/ipsnews.net\/svenska\/wp-json\/wp\/v2\/tags?post=1193"}],"curies":[{"name":"wp","href":"https:\/\/api.w.org\/{rel}","templated":true}]}}