{"id":1171,"date":"2003-01-28T13:40:01","date_gmt":"2003-01-28T13:40:01","guid":{"rendered":"http:\/\/ipsnews.net\/svenska\/2003\/01\/28\/elfenbenskusten-fortsatt-oroligt-trots-fredsfordrag\/"},"modified":"2003-01-28T13:40:01","modified_gmt":"2003-01-28T13:40:01","slug":"elfenbenskusten-fortsatt-oroligt-trots-fredsfordrag","status":"publish","type":"post","link":"http:\/\/ipsnews.net\/svenska\/2003\/01\/28\/elfenbenskusten-fortsatt-oroligt-trots-fredsfordrag\/","title":{"rendered":"Elfenbenskusten: Fortsatt oroligt trots fredsf\u00f6rdrag"},"content":{"rendered":"<p>Paris, 030128 (IPS) &#8211; I helgen sl\u00f6t de stridande parterna i Elfenbenskusten ett fredsavtal. Avtalet inneb\u00e4r i praktiken slutet f\u00f6r den folkvalde presidenten Laurent Gbagbos makt. <\/p>\n<p><!--more--><\/p>\n<p> Oppositionen och rebellerna som inledde det upplopp som i september f\u00f6rra \u00e5ret var starten p\u00e5 inb\u00f6rdeskriget framst\u00e5r som konfliktens segrare.<\/p>\n<p>Presidentens anh\u00e4ngare satte genast ig\u00e5ng med omfattande protester mot avtalet och mot Frankrike.<\/p>\n<p> Fredsf\u00f6rhandlingarna h\u00f6lls i Marcoussis, i utkanten av Paris. FN:s generalsekretare Kofi Annan och en koalition av tolv afrikanska l\u00e4nder, bland andra Sydafrika, Mali, Ghana, Gabon och Kamerun samt Frankrike ratificerade avtalet i Paris. I samband med fredsavtalet kommer ocks\u00e5 Elfenbenskusten att f\u00e5 pengar till \u00e5teruppbyggnad av landets ekonomi.<\/p>\n<p> EU-kommissionens ordf\u00f6rande Romano Prodi, som deltog vid undertecknandet av avtalet, lovade ett f\u00f6rsta bist\u00e5ndspaket v\u00e4rt 400 miljoner dollar.<\/p>\n<p> Avtalet beskrivs av regeringens anh\u00e4ngare som f\u00f6r\u00f6dmjukande f\u00f6r landets president Laurent Gbagbo. Tusentals m\u00e4nniskor protesterade mot fredsf\u00f6rdraget och mot Frankrike i fler st\u00e4der i Elfenbenskusten. Franska byggnader och institutioner attackerades av demonstranterna.<\/p>\n<p> Frankrikes utrikesminister Dominique de Villepin anklagade &#8220;extremister med kopplingar till regeringen&#8221; f\u00f6r att st\u00e5 bakom protesterna.<\/p>\n<p> De anti-franska demonstrationerna visar tydligt Frankrikes tvetydiga roll i konflikten. F\u00f6rst f\u00f6rsvarar Frankrike regeringen och presidenten under konflikten &#8211; sedan \u00e4r landet med och tar fram ett avtal som i praktiken inneb\u00e4r slutet f\u00f6r samma regering.<\/p>\n<p> Enligt fredsavtalet ska en nationell f\u00f6rsoningsregering genast ta \u00f6ver makten i landet. Den ska ledas av Seydou Diarra. Den nuvarande presidenten Gbagbo har kvar sin titel men f\u00f6rlorar i praktiken all sin makt. Rebellerna f\u00e5r utse f\u00f6rsvarsminister och inrikesminister medan Gbagbos parti, FPI, bara kommer att ha tv\u00e5 ministerposter &#8211; de f\u00f6r ekonomi och energi.<\/p>\n<p> Diarra beskrivs som en klok och erfaren person. Han \u00e4r muslim och kommer fr\u00e5n norra delen av Elfenbenskusten. Han var premi\u00e4rminister under det kortlivade diktaturen ledd av Robert Guei 1999-2000.<\/p>\n<p> Att regeringssidan f\u00f6rlorar s\u00e5 mycket makt f\u00f6rklaras med att den f\u00f6rlorade kriget. Det var bara inblandningen fr\u00e5n den franska arm\u00e9n som stoppade rebellerna fr\u00e5n att besegra regeringsarm\u00e9n.<\/p>\n<p> Gbagbo erk\u00e4nner att hans arm\u00e9 inte vann kriget.<\/p>\n<p> &#8211; Jag \u00e4r tvungen att ta konsekvenserna av det, sa han under helgens m\u00f6te i Paris.<\/p>\n<p> Enligt avtalet ska nu ocks\u00e5 definitionen av vem som \u00e4r ivorian g\u00f6ras om.<\/p>\n<p>Enligt landets lagar styrs idag medborgarskapet av etnisk h\u00e4rkomst. Det var en anledning till upproret mot regeringen.<\/p>\n<p> Den lagen gjorde att 15 kandidater hindrades fr\u00e5n att st\u00e4lla upp i presidentvalet \u00e5r 2000. Valet vanns av Laurent Gbagbo men bara 37 procent av v\u00e4ljarna r\u00f6stade.<\/p>\n<p> Flera betraktare och ivorianska politiker ser avtalet som en sista, men l\u00e5ngt ifr\u00e5n s\u00e4ker, chans till fred i landet.<\/p>\n<p> Alassane Dramane Ouattara, f\u00f6re detta premi\u00e4rminister och oppositionsledare och en av de som hindrades fr\u00e5n att st\u00e4lla upp i valet 2000, deltog p\u00e5 fredskonferensen. Han erk\u00e4nner att avtalet bel\u00f6nar de som startade kriget &#8211; i strid mot lagen.<\/p>\n<p> &#8211; Vi diskuterade detta i Marcoussis. Rebellernas representanter ber\u00e4ttade varf\u00f6r de tagit till vapnen och vi ans\u00e5g att de hade goda sk\u00e4l till det, s\u00e4ger Outtara som f\u00f6rklarar att parterna \u00e4r eniga om att makten i landet bara ska kunna f\u00e5s genom demokratiska val men po\u00e4ngterade att den regering som blivit vald m\u00e5ste vara demokratisk och leda landet v\u00e4l s\u00e5 att konflikter undviks.<\/p>\n<p> Outtara flydde landet i b\u00f6rjan av kriget. Han utsattes f\u00f6r mordf\u00f6rs\u00f6k och lever i exil i Frankrike. Han t\u00e4nker sj\u00e4lv inte \u00e5terv\u00e4nda till Elfenbenskusten nu.<\/p>\n<p> Jean-Francois Bayart, forskare vid centret f\u00f6r internationella studier i Paris och expert p\u00e5 V\u00e4stafrika, anser att avtalet \u00e4r sk\u00f6rt. Allt beror enligt hans analys p\u00e5 hur Laurent Gbagbo kommer att agera.<\/p>\n<p> &#8211; Om han avg\u00e5r nu finns det en verklig risk f\u00f6r en milit\u00e4rkupp. Risken f\u00f6r att kriget b\u00f6rjar igen kan inte uteslutas.<\/p>\n<p> Bayart tror att Frankrike kan vara tvunget att \u00f6ka sin milit\u00e4ra roll i Elfenbenskusten, kanske under flera \u00e5r.<\/p>\n<p>\n","protected":false},"excerpt":{"rendered":"<p>Paris, 030128 (IPS) &#8211; I helgen sl\u00f6t de stridande parterna i Elfenbenskusten ett fredsavtal. Avtalet inneb\u00e4r i praktiken slutet f\u00f6r den folkvalde presidenten Laurent Gbagbos makt.<\/p>\n","protected":false},"author":5,"featured_media":0,"comment_status":"open","ping_status":"open","sticky":false,"template":"","format":"standard","meta":{"footnotes":""},"categories":[5,1,7],"tags":[],"class_list":["post-1171","post","type-post","status-publish","format-standard","hentry","category-afrika","category-headlines","category-politik"],"_links":{"self":[{"href":"http:\/\/ipsnews.net\/svenska\/wp-json\/wp\/v2\/posts\/1171","targetHints":{"allow":["GET"]}}],"collection":[{"href":"http:\/\/ipsnews.net\/svenska\/wp-json\/wp\/v2\/posts"}],"about":[{"href":"http:\/\/ipsnews.net\/svenska\/wp-json\/wp\/v2\/types\/post"}],"author":[{"embeddable":true,"href":"http:\/\/ipsnews.net\/svenska\/wp-json\/wp\/v2\/users\/5"}],"replies":[{"embeddable":true,"href":"http:\/\/ipsnews.net\/svenska\/wp-json\/wp\/v2\/comments?post=1171"}],"version-history":[{"count":0,"href":"http:\/\/ipsnews.net\/svenska\/wp-json\/wp\/v2\/posts\/1171\/revisions"}],"wp:attachment":[{"href":"http:\/\/ipsnews.net\/svenska\/wp-json\/wp\/v2\/media?parent=1171"}],"wp:term":[{"taxonomy":"category","embeddable":true,"href":"http:\/\/ipsnews.net\/svenska\/wp-json\/wp\/v2\/categories?post=1171"},{"taxonomy":"post_tag","embeddable":true,"href":"http:\/\/ipsnews.net\/svenska\/wp-json\/wp\/v2\/tags?post=1171"}],"curies":[{"name":"wp","href":"https:\/\/api.w.org\/{rel}","templated":true}]}}