{"id":1156,"date":"2003-01-23T13:40:01","date_gmt":"2003-01-23T13:40:01","guid":{"rendered":"http:\/\/ipsnews.net\/svenska\/2003\/01\/23\/mellanostern-vem-kommer-att-grata-over-saddam\/"},"modified":"2003-01-23T13:40:01","modified_gmt":"2003-01-23T13:40:01","slug":"mellanostern-vem-kommer-att-grata-over-saddam","status":"publish","type":"post","link":"http:\/\/ipsnews.net\/svenska\/2003\/01\/23\/mellanostern-vem-kommer-att-grata-over-saddam\/","title":{"rendered":"Mellan\u00f6stern: Vem kommer att gr\u00e5ta \u00f6ver Saddam?"},"content":{"rendered":"<p>Amman, 030123 (IPS) &#8211; Klockor med Saddam Hussein p\u00e5? \u00c4garen till klockaff\u00e4ren i det palestinska flyktingl\u00e4gret Baka&#39;a utanf\u00f6r Jordaniens huvudstad Amman blir full i skratt. <\/p>\n<p><!--more--><\/p>\n<p> &#8211; Vi har inte s\u00e5lt s\u00e5dana p\u00e5 ett tag. Vi f\u00e5r dem inte l\u00e4ngre fr\u00e5n Irak och det finns knappas n\u00e5gon efterfr\u00e5gan h\u00e4r l\u00e4ngre. Han tvekar lite innan han forts\u00e4tter.  &#8211; Till och med det f\u00e5tal irakier som fortfarande kommer hit har f\u00e5tt nog av Saddam.<\/p>\n<p> Under Gulfkriget 1991 var Baka&#39;a och de andra palestinska flyktingl\u00e4gren i Jordanien starka f\u00e4sten f\u00f6r st\u00f6det till Irak och Saddam Hussein. Inv\u00e5narna demonstrerade f\u00f6r Irak, satte upp affischer med Saddam Hussein och k\u00f6pte klockor och nyckelringar med hans bild p\u00e5.  Idag pryds de smala gatorna i l\u00e4gret inte av n\u00e5gra affischer och ingen demonstrerar. Det visar hur b\u00e5de allm\u00e4nhetens och den officiella inst\u00e4llningen till Saddam Hussein har f\u00f6r\u00e4ndrats i Mellan\u00f6stern.  Medan hundratusentals m\u00e4nniskor i Europa och USA protesterar mot ett m\u00f6jligt anfall p\u00e5 Irak \u00e4r det \u00f6ppna motst\u00e5ndet i Mellan\u00f6stern inte av samma omfattning som vid Gulfkriget 1991. Flera av regeringarna i regionen \u00e4r motst\u00e5ndare till ett krig eftersom de fruktar att det kan underminera dem sj\u00e4lva i framtiden &#8211; men inte av r\u00e4dsla f\u00f6r den egna folkliga opinionen.  &#8211; Vi st\u00f6dde Saddam 1991 och gick ut p\u00e5 gatorna i protest mot kriget. Sen s\u00e5g vi honom som befriare men det visade sig att han inte var det. Hans regering \u00e4r lika illegitim som alla de andra h\u00e4r i regionen, s\u00e4ger klockaff\u00e4rens \u00e4gare, som vill vara anonym.  Inst\u00e4llningen till kriget \u00e4r idag n\u00e4stan spegelv\u00e4nd j\u00e4mf\u00f6rt med 1991. D\u00e5 st\u00f6dde b\u00e5de Jordanien och palestinierna Saddam Hussein medan Egypten och Syrien st\u00e4llde upp p\u00e5 den internationella koalitionen mot Irak och till och med bidrog med trupper.<\/p>\n<p> Den jordanska regeringen st\u00f6djer fortfarande inte ett anfall mot Irak men regeringen \u00e4r mycket mer neutral och det \u00e4r inte uteslutet att Jordanien skulle samarbeta med USA. Jordaniens f\u00f6re detta utrikesminister Jawad Anani s\u00e4ger att regeringen \u00e4r mycket mer moderat idag \u00e4n 1991.<\/p>\n<p> &#8211; Vi har l\u00e4rt oss en l\u00e4xa, s\u00e4ger han.  Jordanien straffades sv\u00e5rt under 90-talet f\u00f6r st\u00f6det till Irak, b\u00e5de p\u00e5 ekonomisk och diplomatisk niv\u00e5. Nyligen gick landets kung ut med en kampanj under parollen &#8220;Jordanien f\u00f6rst&#8221;. Anai s\u00e4ger att kampanjen beh\u00f6vs f\u00f6r att det finns m\u00e5nga &#8220;utl\u00e4ndska krafter&#8221; som f\u00f6rs\u00f6ker p\u00e5verka de jordanska partier och grupperna. Kampanjen ses som en varning till jordanierna, varav m\u00e5nga har palestinskt p\u00e5br\u00e5, f\u00f6r att inte bli allt f\u00f6r engagerade i problemen i Palestina och i Irak.  Den jordanske aff\u00e4rsmannen Labib Kamhawi var tidigare engagerad i solidaritetsr\u00f6relsen som st\u00f6djer Irak men tar nu avst\u00e5nd fr\u00e5n den. Han \u00e4r dock kritisk till kungens &#8220;Jordanien f\u00f6rst- kampanj&#8221; som han ser som ett slag mot arabisk solidaritet och enhet.<\/p>\n<p> Kampanjen har skapat ilska, s\u00e4ger han och menar att det finns en v\u00e4xande klyfta mellan regeringen och folket i Jordanien.<\/p>\n<p>I de palestinska omr\u00e5dena p\u00e5g\u00e5r konfrontationen med Israel f\u00f6r fullt och den palestinska myndigheten har i praktiken slutat att fungera. Men de palestinska politikerna tror inte att ett krig mot Irak skulle inneb\u00e4ra att v\u00e5ldet i de palestinska omr\u00e5dena skulle \u00f6ka.<\/p>\n<p> &#8211; Palestinierna har nog med sina problem och vill inte ge Israel en urs\u00e4kt f\u00f6r att driva en \u00e4nd\u00e5 h\u00e5rdare politik, s\u00e4ger Ziad Abu Amr, ordf\u00f6rande f\u00f6r den politiska kommitt\u00e9n inom det palestinska lagstiftande r\u00e5det.  Han utesluter dock inte en upptrappning av v\u00e5ldet, s\u00e4rskilt inte om kriget mot Irak blir l\u00e5ngdraget och m\u00e5nga civila irakier d\u00f6das.<\/p>\n<p> &#8211; Det g\u00e5r inte att utesluta att grupper som k\u00e4nner samh\u00f6righet med al-Qaida f\u00f6rs\u00f6ker genomf\u00f6ra n\u00e5got spektakul\u00e4rt, s\u00e4ger han.  Det \u00e4r inte heller uteslutet att amerikanska m\u00e5l i arabv\u00e4lden kan uts\u00e4ttas f\u00f6r attacker. Attentat har redan genomf\u00f6rts i Jordanien och Kuwait men palestinierna har aldrig haft amerikanska medborgare som m\u00e5l, s\u00e4ger Abu Amr.<\/p>\n<p> Hisham Qassem, chefredakt\u00f6r f\u00f6r den engelskspr\u00e5kiga egyptiska tidningen Cairo Times, tonar ner vikten av folkliga protester mot en eventuell invasion av Irak i regionen men s\u00e4ger att hans regim oroar sig f\u00f6r vad USA har f\u00f6r planer i Mellan\u00f6stern.  &#8211; Folkopinionen \u00e4r apatisk till Irakfr\u00e5gan och hur som helst s\u00e5 har gatuaktioner aldrig st\u00f6rtat n\u00e5gra regimer h\u00e4r, s\u00e4ger Qassem.<\/p>\n<p> Regeringen under ledning av Hosni Mubarak oroar sig inte f\u00f6r demonstrationer eftersom den k\u00e4nner sig \u00f6vertygad om att den har kontroll \u00f6ver de olikt\u00e4nkande i landet. Det regeringen oroar sig f\u00f6r \u00e4r vad Bush har f\u00f6r planer f\u00f6r regionen, enligt Qassem.  &#8211; Regeringen h\u00e4r och i hela regionen \u00e4r emot ett angrepp p\u00e5 Irak eftersom de blir mycket nerv\u00f6sa \u00f6ver frasen &#8220;regimskifte&#8221;. De fruktar att om USA lyckas i Irak ska samma sak g\u00f6ras mot andra stater, s\u00e4ger han och p\u00e5pekar att inget av de 22 medlemsl\u00e4nderna i Arabf\u00f6rbundet \u00e4r en demokrati.  Syrien \u00e4r verkligen ingen demokrati, och landet har stor anledning att oroa sig f\u00f6r USA:s planer eftersom landet finns uppsatt p\u00e5 USA:s lista \u00f6ver l\u00e4nder som st\u00f6djer terrorism.<\/p>\n<p> Den syriska regimen, som leds av den unge, oerfarne presidenten Bashar Assad, har varit mycket samarbetsv\u00e4nlig mot USA i kampen mot al-Qaida, s\u00e4ger Farid Al-Khazen, statsvetare vid det amerikanska universitetet i Beirut. Anledningen \u00e4r att Syrien vet att landet st\u00e5r n\u00e4st p\u00e5 tur efter Irak, menar han.  Men att samarbeta i kampen mot al-Qaida kanske inte r\u00e4cker eftersom Syrien forts\u00e4tter att st\u00f6dja den militanta r\u00f6relsen Hizbollah. Landet st\u00f6djer \u00e4ven militanta palestinska organisationer och dessutom bryter Syrien mot sanktionerna mot Irak. Enligt vissa rykten har landet \u00e4ven bist\u00e5tt Irak milit\u00e4rt. Al-Khazen tror att regimen i Damaskus kommer att f\u00f6rs\u00f6ka blidka amerikanerna genom att h\u00e5lla Hizbollah lugna under ett eventuellt krig.<\/p>\n","protected":false},"excerpt":{"rendered":"<p>Amman, 030123 (IPS) &#8211; Klockor med Saddam Hussein p\u00e5? \u00c4garen till klockaff\u00e4ren i det palestinska flyktingl\u00e4gret Baka&#39;a utanf\u00f6r Jordaniens huvudstad Amman blir full i skratt.<\/p>\n","protected":false},"author":35,"featured_media":0,"comment_status":"open","ping_status":"open","sticky":false,"template":"","format":"standard","meta":{"footnotes":""},"categories":[1,17,7],"tags":[],"class_list":["post-1156","post","type-post","status-publish","format-standard","hentry","category-headlines","category-mellanostern","category-politik"],"_links":{"self":[{"href":"http:\/\/ipsnews.net\/svenska\/wp-json\/wp\/v2\/posts\/1156","targetHints":{"allow":["GET"]}}],"collection":[{"href":"http:\/\/ipsnews.net\/svenska\/wp-json\/wp\/v2\/posts"}],"about":[{"href":"http:\/\/ipsnews.net\/svenska\/wp-json\/wp\/v2\/types\/post"}],"author":[{"embeddable":true,"href":"http:\/\/ipsnews.net\/svenska\/wp-json\/wp\/v2\/users\/35"}],"replies":[{"embeddable":true,"href":"http:\/\/ipsnews.net\/svenska\/wp-json\/wp\/v2\/comments?post=1156"}],"version-history":[{"count":0,"href":"http:\/\/ipsnews.net\/svenska\/wp-json\/wp\/v2\/posts\/1156\/revisions"}],"wp:attachment":[{"href":"http:\/\/ipsnews.net\/svenska\/wp-json\/wp\/v2\/media?parent=1156"}],"wp:term":[{"taxonomy":"category","embeddable":true,"href":"http:\/\/ipsnews.net\/svenska\/wp-json\/wp\/v2\/categories?post=1156"},{"taxonomy":"post_tag","embeddable":true,"href":"http:\/\/ipsnews.net\/svenska\/wp-json\/wp\/v2\/tags?post=1156"}],"curies":[{"name":"wp","href":"https:\/\/api.w.org\/{rel}","templated":true}]}}