{"id":1108,"date":"2003-01-09T13:40:01","date_gmt":"2003-01-09T13:40:01","guid":{"rendered":"http:\/\/ipsnews.net\/svenska\/2003\/01\/09\/usa-och-centralamerika-inleder-diskussioner-om-frihandelsavtal\/"},"modified":"2003-01-09T13:40:01","modified_gmt":"2003-01-09T13:40:01","slug":"usa-och-centralamerika-inleder-diskussioner-om-frihandelsavtal","status":"publish","type":"post","link":"http:\/\/ipsnews.net\/svenska\/2003\/01\/09\/usa-och-centralamerika-inleder-diskussioner-om-frihandelsavtal\/","title":{"rendered":"USA och Centralamerika inleder diskussioner om frihandelsavtal"},"content":{"rendered":"<p>Washington, 030109 (IPS) &#8211; P\u00e5 onsdagen inleddes diskussionen om ett frihandelsavtal mellan USA och flera centralamerikanska l\u00e4nder. Men kritiker menar att avtalet kan komma att drabba Centralamerika h\u00e5rt. <\/p>\n<p><!--more--><\/p>\n<p> USA:s handelsansvarige, Robert Zoellick, lanserade tillsammans med ministrar fr\u00e5n Costa Rica, El Salvador, Guatemala, Honduras och Nicaragua diskussioner om att slopa tullar och andra barri\u00e4rer f\u00f6r handel med varor, jordbruksprodukter, tj\u00e4nster samt investeringar mellan USA och Centralamerika.  Enligt USA kommer f\u00f6rhandlingarna om avtalet mellan USA och Centralamerika, kallat Cafta, att starta i Costa Rica i slutet av januari. F\u00f6rhandlingarna ber\u00e4knas vara slutf\u00f6rda i slutet av \u00e5ret.<\/p>\n<p> &#8211; Cafta kommer att ge amerikanerna st\u00f6rre tillg\u00e5ng till billiga varor och \u00f6ka exporten och antalet arbetstillf\u00e4llen, samtidigt som det bidrar till Centralamerikas utvecklingsm\u00f6jligheter, s\u00e4ger Zoellick.  USA arbetar samtidigt h\u00e5rt f\u00f6r att skapa ett frihandelsavtal f\u00f6r hela Amerika, FTAA, som kan komma att skapa det st\u00f6rsta frihandelsomr\u00e5det i v\u00e4rlden.  Men kritiker menar att Cafta tycks ha samma brister som redan existerande avtal. Dit h\u00f6r Nafta &#8211; frihandelsavtalet mellan USA, Kanada och Mexiko. Kritiker menar att det avtalet missgynnar det minst utvecklade av l\u00e4nderna, Mexiko.<\/p>\n<p> &#8211; Om de planerar att \u00e5terupprepa samma sak kommer det att inneb\u00e4ra en katastrof f\u00f6r m\u00e5nga centralamerikanska l\u00e4nder, i synnerhet n\u00e4r det g\u00e4ller jordbruk och arbetsmarknad, s\u00e4ger Karen Hansen-Kuhn, som \u00e4r handelsansvarig vid organisationen Development GAP som har sitt s\u00e4te i Washington.  \u00c4ven m\u00e5nga andra ickestatliga organisationer i s\u00e5v\u00e4l Centralamerika som USA har uttryckt sin oro inf\u00f6r avtalet. De menar att en \u00f6verenskommelse av Caftas typ inte kommer att skapa vare sig mer arbetstillf\u00e4llen eller leda till utveckling. &#8220;Tv\u00e4rtom, de \u00f6kar de offentliga skulderna, hotar v\u00e5r historiska, kulturella och nationella rikedom och krossar den nationella suver\u00e4niteten och livsmedelss\u00e4kerheten&#8221;, skriver flera organisationer i ett gemensamt uttalande.<\/p>\n<p> M\u00e5nga organisationer anser ocks\u00e5 att USA, i synnerhet under den nuvarande presidenten George W. Bushs administration, arbetar f\u00f6r skapa internationella avtal som gynnar f\u00f6retag och aff\u00e4rsm\u00e4n, samtidigt som lokala politikers f\u00f6rm\u00e5ga att skydda milj\u00f6 och h\u00e4lsov\u00e5rd undergr\u00e4vs.<\/p>\n<p> De detaljer om avtalet som hittills tillk\u00e4nnagetts har inte lugnat dessa organisationers oro. Nio f\u00f6rhandlingsrundor \u00e4r inplanerade under \u00e5ret. Och de fr\u00e5gor som st\u00e5r p\u00e5 schemat \u00e4r mycket lika de som ing\u00e5r i Nafta och det f\u00f6reslagna FTTA.<\/p>\n<p> USA f\u00f6rv\u00e4ntas bland annat kr\u00e4va djupg\u00e5ende marknadsliberaliseringar av varor och tj\u00e4nster samt ett starkt skydd f\u00f6r intellektuell egendom &#8211; vilket f\u00f6rv\u00e4ntas gagna amerikanska f\u00f6retag i f\u00f6rsta hand.<\/p>\n<p> Vissa analytiker menar att Bushadministrationen oroas \u00f6ver att USA:s intressen kan hotas av att v\u00e4nsterpolitiker haft framg\u00e5ngar i Latinamerika p\u00e5 senare tid, och att man d\u00e4rf\u00f6r snabbt vill \u00e5stadkomma avtal som l\u00e5ser politiken i en nyliberal inriktning.<\/p>\n<p> &#8211; Avtalen anv\u00e4nds ocks\u00e5 f\u00f6r att pressa l\u00e4nder som exempelvis Brasilien, som s\u00e4ger sig vilja \u00e5stadkomma n\u00e5got annorlunda, s\u00e4ger Hansen-Kuhn.<\/p>\n","protected":false},"excerpt":{"rendered":"<p>Washington, 030109 (IPS) &#8211; P\u00e5 onsdagen inleddes diskussionen om ett frihandelsavtal mellan USA och flera centralamerikanska l\u00e4nder. Men kritiker menar att avtalet kan komma att drabba Centralamerika h\u00e5rt.<\/p>\n","protected":false},"author":54,"featured_media":0,"comment_status":"open","ping_status":"open","sticky":false,"template":"","format":"standard","meta":{"footnotes":""},"categories":[6,1,15,7],"tags":[],"class_list":["post-1108","post","type-post","status-publish","format-standard","hentry","category-ekonomi","category-headlines","category-latinamerika","category-politik"],"_links":{"self":[{"href":"http:\/\/ipsnews.net\/svenska\/wp-json\/wp\/v2\/posts\/1108","targetHints":{"allow":["GET"]}}],"collection":[{"href":"http:\/\/ipsnews.net\/svenska\/wp-json\/wp\/v2\/posts"}],"about":[{"href":"http:\/\/ipsnews.net\/svenska\/wp-json\/wp\/v2\/types\/post"}],"author":[{"embeddable":true,"href":"http:\/\/ipsnews.net\/svenska\/wp-json\/wp\/v2\/users\/54"}],"replies":[{"embeddable":true,"href":"http:\/\/ipsnews.net\/svenska\/wp-json\/wp\/v2\/comments?post=1108"}],"version-history":[{"count":0,"href":"http:\/\/ipsnews.net\/svenska\/wp-json\/wp\/v2\/posts\/1108\/revisions"}],"wp:attachment":[{"href":"http:\/\/ipsnews.net\/svenska\/wp-json\/wp\/v2\/media?parent=1108"}],"wp:term":[{"taxonomy":"category","embeddable":true,"href":"http:\/\/ipsnews.net\/svenska\/wp-json\/wp\/v2\/categories?post=1108"},{"taxonomy":"post_tag","embeddable":true,"href":"http:\/\/ipsnews.net\/svenska\/wp-json\/wp\/v2\/tags?post=1108"}],"curies":[{"name":"wp","href":"https:\/\/api.w.org\/{rel}","templated":true}]}}