{"id":15757,"date":"2026-08-10T07:11:44","date_gmt":"2026-08-10T07:11:44","guid":{"rendered":"https:\/\/ipsnews.net\/suomi\/?p=15757"},"modified":"2026-08-10T07:11:45","modified_gmt":"2026-08-10T07:11:45","slug":"keiko-fujimor-astui-valtaan-perussa-kansalaisliikkeet-huolissaan","status":"publish","type":"post","link":"http:\/\/ipsnews.net\/suomi\/2026\/08\/10\/keiko-fujimor-astui-valtaan-perussa-kansalaisliikkeet-huolissaan\/","title":{"rendered":"Keiko Fujimor astui valtaan Perussa \u2013 kansalaisliikkeet huolissaan"},"content":{"rendered":"\n<p class=\"wp-block-paragraph\"><em>Keiko Fujimorin nousu Perun presidentiksi on her\u00e4tt\u00e4nyt huolta alkuper\u00e4iskansojen, ihmisoikeusj\u00e4rjest\u00f6jen ja ymp\u00e4rist\u00f6liikkeiden keskuudessa. Ne pelk\u00e4\u00e4v\u00e4t kansalaisoikeuksien kaventuvan ja rakentavat vastaukseksi aiempaa tiiviimp\u00e4\u00e4 yhteisty\u00f6t\u00e4.<\/em><\/p>\n\n\n\n<p class=\"wp-block-paragraph\">LIMA, Peru 10.08.2026 (IPS) Keiko Fujimorin nousu Perun presidentiksi hein\u00e4kuussa on lis\u00e4nnyt huolta alkuper\u00e4iskansojen j\u00e4rjest\u00f6iss\u00e4 ja ihmisoikeusliikkeess\u00e4. Ne pelk\u00e4\u00e4v\u00e4t kansalaisoikeuksien kaventuvan entisest\u00e4\u00e4n h\u00e4nen hallintonsa aikana.<\/p>\n\n\n\n<p class=\"wp-block-paragraph\">\u201dTunnemme itsemme haavoittuviksi ja pelk\u00e4\u00e4mme, mit\u00e4 kansalaisliikkeiden aktiiveille tapahtuu. Presidentiksi nousi henkil\u00f6, joka on k\u00e4yt\u00e4nn\u00f6ss\u00e4 hallinnut maata jo pitk\u00e4\u00e4n kulissien takaa\u201d, sanoo Sadam Cha\u00f1i, ket\u0161ua-maanviljelij\u00e4 ja yhteis\u00f6johtaja Etel\u00e4-Perun Cuscon alueen Espinarista.<\/p>\n\n\n\n<p class=\"wp-block-paragraph\">Huoli perustuu kongressin viiden viime vuoden aikana hyv\u00e4ksymiin lakeihin. Fujimorilainen enemmist\u00f6 ja muut konservatiiviset ryhm\u00e4t ajoivat l\u00e4pi lains\u00e4\u00e4d\u00e4nt\u00f6\u00e4, jonka ihmisoikeusj\u00e4rjest\u00f6t katsovat kaventaneen oikeutta osoittaa mielt\u00e4, heikent\u00e4neen ymp\u00e4rist\u00f6nsuojelua ja kansalaisyhteiskunnan toimintatilaa sek\u00e4 vaikeuttaneen oikeuden toteutumista.<\/p>\n\n\n\n<p class=\"wp-block-paragraph\">Fujimori nousi presidentiksi oikeistopopulistisen Fuerza Popular -puolueensa johdossa nelj\u00e4nnell\u00e4 yrityksell\u00e4\u00e4n. H\u00e4nen is\u00e4ns\u00e4 Alberto Fujimori hallitsi Perua vuosina 1990\u20132000 ja sai vuonna 2009 korruptiosta ja rikoksista ihmisyytt\u00e4 vastaan 25 vuoden vankeustuomion .<\/p>\n\n\n\n<p class=\"wp-block-paragraph\"><strong>Uudet lait lis\u00e4\u00e4v\u00e4t rankaisemattomuuden pelkoa<\/strong><\/p>\n\n\n\n<p class=\"wp-block-paragraph\">Cha\u00f1ia huolestuttavat lait, jotka vaikeuttavat ymp\u00e4rist\u00f6n puolustajien ja kansalaisaktivistien toimintaa.<\/p>\n\n\n\n<p class=\"wp-block-paragraph\">Yksi niist\u00e4 on laki, jonka mukaan sotilaiden ja poliisien virkateht\u00e4viss\u00e4 tekem\u00e4t rikokset k\u00e4sitell\u00e4\u00e4n jatkossa sotilas- ja poliisituomioistuimissa tavallisten siviilituomioistuinten sijaan.<\/p>\n\n\n\n<p class=\"wp-block-paragraph\">\u201dJos meit\u00e4 pahoinpidell\u00e4\u00e4n mielenosoituksissa, turvallisuusjoukkojen toimet k\u00e4sitell\u00e4\u00e4n sotilas- ja poliisituomioistuimissa. Kollegat puolustavat toisiaan, ja seurauksena on rankaisemattomuus\u201d, h\u00e4n sanoo.<\/p>\n\n\n\n<p class=\"wp-block-paragraph\">Cha\u00f1in mukaan muutos lis\u00e4\u00e4 riski\u00e4, ett\u00e4 viranomaisten tekem\u00e4t ihmisoikeusloukkaukset j\u00e4\u00e4v\u00e4t rankaisematta. H\u00e4n viittaa l\u00e4hes viiteenkymmeneen siviiliin, jotka saivat surmansa 2022\u20132023 vuodenvaihteen mielenosoituksissa.<\/p>\n\n\n\n<p class=\"wp-block-paragraph\">\u201dKaikki nuo kuolemat odottavat yh\u00e4 oikeutta. Siksi pelk\u00e4\u00e4mme, ett\u00e4 oikeuttamme puolustaa maatamme ja hyvinvointiamme rajoitetaan entisest\u00e4\u00e4n\u201d, Cha\u00f1i sanoo.<\/p>\n\n\n\n<p class=\"wp-block-paragraph\">H\u00e4n toimii Espinarin alueella Revoluci\u00f3n Cana -kansanliikkeen p\u00e4\u00e4sihteerin\u00e4. Alueella kaivostoiminta on saastuttanut vesist\u00f6j\u00e4 ja ilmaa sek\u00e4 heikent\u00e4nyt maanviljelyn ja karjanhoidon edellytyksi\u00e4.<\/p>\n\n\n\n<p class=\"wp-block-paragraph\">\u201dEniten k\u00e4rsiv\u00e4t lapset. Meill\u00e4 kaikilla on elimist\u00f6ss\u00e4mme raskasmetalleja, ja vaadimme t\u00e4m\u00e4n loppuvan\u201d, Cha\u00f1i sanoo.<\/p>\n\n\n\n<p class=\"wp-block-paragraph\"><strong>Pakkosterilisaatioiden pitk\u00e4 varjo<\/strong><\/p>\n\n\n\n<p class=\"wp-block-paragraph\">Keiko Fujimorin valtaannousu her\u00e4tt\u00e4\u00e4 erityist\u00e4 huolta feministi- ja ihmisoikeusaktivistien keskuudessa. Monille h\u00e4nen nimens\u00e4 tuo mieleen Alberto Fujimorin hallinnon aikana toteutetut pakkosterilisaatiot, joiden uhreiksi joutui l\u00e4hes 300 000 naista.<\/p>\n\n\n\n<p class=\"wp-block-paragraph\">Uhrit olivat p\u00e4\u00e4osin k\u00f6yhi\u00e4, ket\u0161uaa puhuvia maaseudun ja alkuper\u00e4iskansojen naisia. Pakkosterilisaatiot toteutettiin valtion perhesuunnitteluohjelman nimiss\u00e4, ja niiden oikeudellinen k\u00e4sittely on yh\u00e4 kesken.<\/p>\n\n\n\n<p class=\"wp-block-paragraph\">\u201dSe oli rasistinen ja h\u00e4ik\u00e4ilem\u00e4t\u00f6n rikos ihmisyytt\u00e4 vastaan, jota Peru ei ole koskaan k\u00e4sitellyt kunnolla. Sama ongelma n\u00e4kyy my\u00f6s nykyisess\u00e4 hallinnossa\u201d, sosiologi ja ihmisoikeusaktivisti Urpi Castro sanoo.<\/p>\n\n\n\n<p class=\"wp-block-paragraph\"><strong>Kansalaisj\u00e4rjest\u00f6t rakentavat yhteist\u00e4 rintamaa<\/strong><\/p>\n\n\n\n<p class=\"wp-block-paragraph\">Sek\u00e4 Cha\u00f1i ett\u00e4 Castro korostavat, ettei uusi poliittinen tilanne saa lamauttaa kansalaisyhteiskuntaa.<\/p>\n\n\n\n<p class=\"wp-block-paragraph\">Cha\u00f1in j\u00e4rjest\u00f6 osallistuu Kansojen reitti -aloitteeseen, jossa alkuper\u00e4iskansojen j\u00e4rjest\u00f6t, ymp\u00e4rist\u00f6liikkeet ja kansalaisj\u00e4rjest\u00f6t ovat laatineet yhteisen ohjelman ymp\u00e4rist\u00f6oikeudenmukaisuuden, demokratian ja ihmisoikeuksien puolustamiseksi.<\/p>\n\n\n\n<p class=\"wp-block-paragraph\">Hein\u00e4kuussa Limassa j\u00e4rjestetyss\u00e4 kokouksessa Amazonian, rannikon ja Andien alueiden j\u00e4rjest\u00f6t sopivat yhteisist\u00e4 tavoitteista uuden hallinnon varalle ja vaativat demokraattisilta puolueilta tiiviimp\u00e4\u00e4 yhteisty\u00f6t\u00e4 kaksikamarisessa kongressissa.<\/p>\n\n\n\n<p class=\"wp-block-paragraph\">Fuerza Popularilla ei ole yksin enemmist\u00f6\u00e4 kongressissa, mutta se voi saavuttaa sen liittoutumalla muiden oikeistopuolueiden kanssa. Vasemmistopuolueet ovat puolestaan ilmoittaneet rakentavansa yhteist\u00e4 rintamaa.<\/p>\n\n\n\n<p class=\"wp-block-paragraph\">\u201dMeid\u00e4n on pysytt\u00e4v\u00e4 yhdess\u00e4. Toivomme, ett\u00e4 my\u00f6s demokraattiset puolueet muodostavat yhteisen rintaman. Muuten olemme entist\u00e4 alttiimpia uusille ihmisoikeusloukkauksille\u201d, Cha\u00f1i sanoo.<\/p>\n\n\n\n<p class=\"wp-block-paragraph\">Castron mukaan my\u00f6s kansalaisliikkeiden tulee tehd\u00e4 entist\u00e4 laajempaa yhteisty\u00f6t\u00e4.<\/p>\n\n\n\n<p class=\"wp-block-paragraph\">\u201dMeid\u00e4n on rakennettava uusia liittoumia, lis\u00e4tt\u00e4v\u00e4 vuoropuhelua ja oltava niiden rinnalla, jotka ovat suurimmassa vaarassa. Pessimismi turruttaa ihmiset ja saa uskomaan, ettei mit\u00e4\u00e4n ole en\u00e4\u00e4 teht\u00e4viss\u00e4\u201d, h\u00e4n sanoo.<\/p>\n\n\n\n<p class=\"wp-block-paragraph\"><em>(Inter Press Service)<\/em><strong><\/strong><\/p>\n","protected":false},"excerpt":{"rendered":"<p>Keiko Fujimorin nousu Perun presidentiksi on her\u00e4tt\u00e4nyt huolta alkuper\u00e4iskansojen, ihmisoikeusj\u00e4rjest\u00f6jen ja ymp\u00e4rist\u00f6liikkeiden keskuudessa. Ne pelk\u00e4\u00e4v\u00e4t kansalaisoikeuksien kaventuvan ja rakentavat vastaukseksi aiempaa tiiviimp\u00e4\u00e4 yhteisty\u00f6t\u00e4. LIMA, Peru 10.08.2026 (IPS) Keiko Fujimorin nousu Perun presidentiksi hein\u00e4kuussa on lis\u00e4nnyt huolta alkuper\u00e4iskansojen j\u00e4rjest\u00f6iss\u00e4 ja ihmisoikeusliikkeess\u00e4.&hellip; <a href=\"http:\/\/ipsnews.net\/suomi\/2026\/08\/10\/keiko-fujimor-astui-valtaan-perussa-kansalaisliikkeet-huolissaan\/\" class=\"more-link\">Continue Reading <span class=\"meta-nav\">&rarr;<\/span><\/a><\/p>\n","protected":false},"author":1046,"featured_media":15758,"comment_status":"closed","ping_status":"open","sticky":false,"template":"","format":"standard","meta":{"footnotes":""},"categories":[15,9],"tags":[],"coauthors":[798],"class_list":["post-15757","post","type-post","status-publish","format-standard","has-post-thumbnail","hentry","category-latinalainen-amerikka","category-politiikka"],"yoast_head":"<!-- This site is optimized with the Yoast SEO plugin v24.8.1 - https:\/\/yoast.com\/wordpress\/plugins\/seo\/ -->\n<title>Keiko Fujimor astui valtaan Perussa \u2013 kansalaisliikkeet huolissaan - INTER PRESS SERVICE<\/title>\n<meta name=\"robots\" content=\"index, follow, max-snippet:-1, max-image-preview:large, max-video-preview:-1\" \/>\n<link rel=\"canonical\" href=\"https:\/\/ipsnews.net\/suomi\/2026\/08\/10\/keiko-fujimor-astui-valtaan-perussa-kansalaisliikkeet-huolissaan\/\" \/>\n<meta property=\"og:locale\" content=\"en_US\" \/>\n<meta property=\"og:type\" content=\"article\" \/>\n<meta property=\"og:title\" content=\"Keiko Fujimor astui valtaan Perussa \u2013 kansalaisliikkeet huolissaan - INTER PRESS SERVICE\" \/>\n<meta property=\"og:description\" content=\"Keiko Fujimorin nousu Perun presidentiksi on her\u00e4tt\u00e4nyt huolta alkuper\u00e4iskansojen, ihmisoikeusj\u00e4rjest\u00f6jen ja ymp\u00e4rist\u00f6liikkeiden keskuudessa. Ne pelk\u00e4\u00e4v\u00e4t kansalaisoikeuksien kaventuvan ja rakentavat vastaukseksi aiempaa tiiviimp\u00e4\u00e4 yhteisty\u00f6t\u00e4. LIMA, Peru 10.08.2026 (IPS) Keiko Fujimorin nousu Perun presidentiksi hein\u00e4kuussa on lis\u00e4nnyt huolta alkuper\u00e4iskansojen j\u00e4rjest\u00f6iss\u00e4 ja ihmisoikeusliikkeess\u00e4.&hellip; Continue Reading &rarr;\" \/>\n<meta property=\"og:url\" content=\"https:\/\/ipsnews.net\/suomi\/2026\/08\/10\/keiko-fujimor-astui-valtaan-perussa-kansalaisliikkeet-huolissaan\/\" \/>\n<meta property=\"og:site_name\" content=\"INTER PRESS SERVICE\" \/>\n<meta property=\"article:published_time\" content=\"2026-08-10T07:11:44+00:00\" \/>\n<meta property=\"article:modified_time\" content=\"2026-08-10T07:11:45+00:00\" \/>\n<meta property=\"og:image\" content=\"https:\/\/ipsnews.net\/suomi\/wp-content\/uploads\/2026\/08\/55423576905_4c4ab64f1c_o.jpg\" \/>\n\t<meta property=\"og:image:width\" content=\"2048\" \/>\n\t<meta property=\"og:image:height\" content=\"1365\" \/>\n\t<meta property=\"og:image:type\" content=\"image\/jpeg\" \/>\n<meta name=\"author\" content=\"Mariela Jara\" \/>\n<meta name=\"twitter:card\" content=\"summary_large_image\" \/>\n<meta name=\"twitter:label1\" content=\"Written by\" \/>\n\t<meta name=\"twitter:data1\" content=\"Mariela Jara\" \/>\n\t<meta name=\"twitter:label2\" content=\"Est. reading time\" \/>\n\t<meta name=\"twitter:data2\" content=\"3 minutes\" \/>\n<script type=\"application\/ld+json\" class=\"yoast-schema-graph\">{\"@context\":\"https:\/\/schema.org\",\"@graph\":[{\"@type\":\"WebPage\",\"@id\":\"https:\/\/ipsnews.net\/suomi\/2026\/08\/10\/keiko-fujimor-astui-valtaan-perussa-kansalaisliikkeet-huolissaan\/\",\"url\":\"https:\/\/ipsnews.net\/suomi\/2026\/08\/10\/keiko-fujimor-astui-valtaan-perussa-kansalaisliikkeet-huolissaan\/\",\"name\":\"Keiko Fujimor astui valtaan Perussa \u2013 kansalaisliikkeet huolissaan - INTER PRESS SERVICE\",\"isPartOf\":{\"@id\":\"https:\/\/ipsnews.net\/suomi\/#website\"},\"primaryImageOfPage\":{\"@id\":\"https:\/\/ipsnews.net\/suomi\/2026\/08\/10\/keiko-fujimor-astui-valtaan-perussa-kansalaisliikkeet-huolissaan\/#primaryimage\"},\"image\":{\"@id\":\"https:\/\/ipsnews.net\/suomi\/2026\/08\/10\/keiko-fujimor-astui-valtaan-perussa-kansalaisliikkeet-huolissaan\/#primaryimage\"},\"thumbnailUrl\":\"http:\/\/ipsnews.net\/suomi\/wp-content\/uploads\/2026\/08\/55423576905_4c4ab64f1c_o.jpg\",\"datePublished\":\"2026-08-10T07:11:44+00:00\",\"dateModified\":\"2026-08-10T07:11:45+00:00\",\"author\":{\"@id\":\"https:\/\/ipsnews.net\/suomi\/#\/schema\/person\/6557e4eff4f62786c4afe8130a46291d\"},\"breadcrumb\":{\"@id\":\"https:\/\/ipsnews.net\/suomi\/2026\/08\/10\/keiko-fujimor-astui-valtaan-perussa-kansalaisliikkeet-huolissaan\/#breadcrumb\"},\"inLanguage\":\"en-US\",\"potentialAction\":[{\"@type\":\"ReadAction\",\"target\":[\"https:\/\/ipsnews.net\/suomi\/2026\/08\/10\/keiko-fujimor-astui-valtaan-perussa-kansalaisliikkeet-huolissaan\/\"]}]},{\"@type\":\"ImageObject\",\"inLanguage\":\"en-US\",\"@id\":\"https:\/\/ipsnews.net\/suomi\/2026\/08\/10\/keiko-fujimor-astui-valtaan-perussa-kansalaisliikkeet-huolissaan\/#primaryimage\",\"url\":\"http:\/\/ipsnews.net\/suomi\/wp-content\/uploads\/2026\/08\/55423576905_4c4ab64f1c_o.jpg\",\"contentUrl\":\"http:\/\/ipsnews.net\/suomi\/wp-content\/uploads\/2026\/08\/55423576905_4c4ab64f1c_o.jpg\",\"width\":2048,\"height\":1365,\"caption\":\"Ihmisoikeusaktivistit kokoontuvat Limassa oikeuspalatsin edustalle vaatimaan oikeutta valtion ihmisoikeusloukkausten uhreille. Alberto Fujimorin hallinnon aikana tehdyist\u00e4 rikoksista kaikki eiv\u00e4t ole viel\u00e4k\u00e4\u00e4n johtaneet oikeudelliseen vastuuseen. Kuva: Walter Hupiu\/IPS\"},{\"@type\":\"BreadcrumbList\",\"@id\":\"https:\/\/ipsnews.net\/suomi\/2026\/08\/10\/keiko-fujimor-astui-valtaan-perussa-kansalaisliikkeet-huolissaan\/#breadcrumb\",\"itemListElement\":[{\"@type\":\"ListItem\",\"position\":1,\"name\":\"Home\",\"item\":\"https:\/\/ipsnews.net\/suomi\/\"},{\"@type\":\"ListItem\",\"position\":2,\"name\":\"Keiko Fujimor astui valtaan Perussa \u2013 kansalaisliikkeet huolissaan\"}]},{\"@type\":\"WebSite\",\"@id\":\"https:\/\/ipsnews.net\/suomi\/#website\",\"url\":\"https:\/\/ipsnews.net\/suomi\/\",\"name\":\"INTER PRESS SERVICE\",\"description\":\"Uutistoimisto\",\"potentialAction\":[{\"@type\":\"SearchAction\",\"target\":{\"@type\":\"EntryPoint\",\"urlTemplate\":\"https:\/\/ipsnews.net\/suomi\/?s={search_term_string}\"},\"query-input\":{\"@type\":\"PropertyValueSpecification\",\"valueRequired\":true,\"valueName\":\"search_term_string\"}}],\"inLanguage\":\"en-US\"},{\"@type\":\"Person\",\"@id\":\"https:\/\/ipsnews.net\/suomi\/#\/schema\/person\/6557e4eff4f62786c4afe8130a46291d\",\"name\":\"Mariela Jara\",\"image\":{\"@type\":\"ImageObject\",\"inLanguage\":\"en-US\",\"@id\":\"https:\/\/ipsnews.net\/suomi\/#\/schema\/person\/image\/3401cc0781df1de279e52fb37dbc7a41\",\"url\":\"https:\/\/secure.gravatar.com\/avatar\/49f15f6db545f103958c4667783c8930f0899f96c6be21daafe0a87388722448?s=96&d=mm&r=g\",\"contentUrl\":\"https:\/\/secure.gravatar.com\/avatar\/49f15f6db545f103958c4667783c8930f0899f96c6be21daafe0a87388722448?s=96&d=mm&r=g\",\"caption\":\"Mariela Jara\"},\"sameAs\":[\"http:\/\/ipsinternational.org\/fi\/\"],\"url\":\"http:\/\/ipsnews.net\/suomi\/author\/mariela-jara\/\"}]}<\/script>\n<!-- \/ Yoast SEO plugin. -->","yoast_head_json":{"title":"Keiko Fujimor astui valtaan Perussa \u2013 kansalaisliikkeet huolissaan - INTER PRESS SERVICE","robots":{"index":"index","follow":"follow","max-snippet":"max-snippet:-1","max-image-preview":"max-image-preview:large","max-video-preview":"max-video-preview:-1"},"canonical":"https:\/\/ipsnews.net\/suomi\/2026\/08\/10\/keiko-fujimor-astui-valtaan-perussa-kansalaisliikkeet-huolissaan\/","og_locale":"en_US","og_type":"article","og_title":"Keiko Fujimor astui valtaan Perussa \u2013 kansalaisliikkeet huolissaan - INTER PRESS SERVICE","og_description":"Keiko Fujimorin nousu Perun presidentiksi on her\u00e4tt\u00e4nyt huolta alkuper\u00e4iskansojen, ihmisoikeusj\u00e4rjest\u00f6jen ja ymp\u00e4rist\u00f6liikkeiden keskuudessa. Ne pelk\u00e4\u00e4v\u00e4t kansalaisoikeuksien kaventuvan ja rakentavat vastaukseksi aiempaa tiiviimp\u00e4\u00e4 yhteisty\u00f6t\u00e4. LIMA, Peru 10.08.2026 (IPS) Keiko Fujimorin nousu Perun presidentiksi hein\u00e4kuussa on lis\u00e4nnyt huolta alkuper\u00e4iskansojen j\u00e4rjest\u00f6iss\u00e4 ja ihmisoikeusliikkeess\u00e4.&hellip; Continue Reading &rarr;","og_url":"https:\/\/ipsnews.net\/suomi\/2026\/08\/10\/keiko-fujimor-astui-valtaan-perussa-kansalaisliikkeet-huolissaan\/","og_site_name":"INTER PRESS SERVICE","article_published_time":"2026-08-10T07:11:44+00:00","article_modified_time":"2026-08-10T07:11:45+00:00","og_image":[{"width":2048,"height":1365,"url":"https:\/\/ipsnews.net\/suomi\/wp-content\/uploads\/2026\/08\/55423576905_4c4ab64f1c_o.jpg","type":"image\/jpeg"}],"author":"Mariela Jara","twitter_card":"summary_large_image","twitter_misc":{"Written by":"Mariela Jara","Est. reading time":"3 minutes"},"schema":{"@context":"https:\/\/schema.org","@graph":[{"@type":"WebPage","@id":"https:\/\/ipsnews.net\/suomi\/2026\/08\/10\/keiko-fujimor-astui-valtaan-perussa-kansalaisliikkeet-huolissaan\/","url":"https:\/\/ipsnews.net\/suomi\/2026\/08\/10\/keiko-fujimor-astui-valtaan-perussa-kansalaisliikkeet-huolissaan\/","name":"Keiko Fujimor astui valtaan Perussa \u2013 kansalaisliikkeet huolissaan - INTER PRESS SERVICE","isPartOf":{"@id":"https:\/\/ipsnews.net\/suomi\/#website"},"primaryImageOfPage":{"@id":"https:\/\/ipsnews.net\/suomi\/2026\/08\/10\/keiko-fujimor-astui-valtaan-perussa-kansalaisliikkeet-huolissaan\/#primaryimage"},"image":{"@id":"https:\/\/ipsnews.net\/suomi\/2026\/08\/10\/keiko-fujimor-astui-valtaan-perussa-kansalaisliikkeet-huolissaan\/#primaryimage"},"thumbnailUrl":"http:\/\/ipsnews.net\/suomi\/wp-content\/uploads\/2026\/08\/55423576905_4c4ab64f1c_o.jpg","datePublished":"2026-08-10T07:11:44+00:00","dateModified":"2026-08-10T07:11:45+00:00","author":{"@id":"https:\/\/ipsnews.net\/suomi\/#\/schema\/person\/6557e4eff4f62786c4afe8130a46291d"},"breadcrumb":{"@id":"https:\/\/ipsnews.net\/suomi\/2026\/08\/10\/keiko-fujimor-astui-valtaan-perussa-kansalaisliikkeet-huolissaan\/#breadcrumb"},"inLanguage":"en-US","potentialAction":[{"@type":"ReadAction","target":["https:\/\/ipsnews.net\/suomi\/2026\/08\/10\/keiko-fujimor-astui-valtaan-perussa-kansalaisliikkeet-huolissaan\/"]}]},{"@type":"ImageObject","inLanguage":"en-US","@id":"https:\/\/ipsnews.net\/suomi\/2026\/08\/10\/keiko-fujimor-astui-valtaan-perussa-kansalaisliikkeet-huolissaan\/#primaryimage","url":"http:\/\/ipsnews.net\/suomi\/wp-content\/uploads\/2026\/08\/55423576905_4c4ab64f1c_o.jpg","contentUrl":"http:\/\/ipsnews.net\/suomi\/wp-content\/uploads\/2026\/08\/55423576905_4c4ab64f1c_o.jpg","width":2048,"height":1365,"caption":"Ihmisoikeusaktivistit kokoontuvat Limassa oikeuspalatsin edustalle vaatimaan oikeutta valtion ihmisoikeusloukkausten uhreille. Alberto Fujimorin hallinnon aikana tehdyist\u00e4 rikoksista kaikki eiv\u00e4t ole viel\u00e4k\u00e4\u00e4n johtaneet oikeudelliseen vastuuseen. Kuva: Walter Hupiu\/IPS"},{"@type":"BreadcrumbList","@id":"https:\/\/ipsnews.net\/suomi\/2026\/08\/10\/keiko-fujimor-astui-valtaan-perussa-kansalaisliikkeet-huolissaan\/#breadcrumb","itemListElement":[{"@type":"ListItem","position":1,"name":"Home","item":"https:\/\/ipsnews.net\/suomi\/"},{"@type":"ListItem","position":2,"name":"Keiko Fujimor astui valtaan Perussa \u2013 kansalaisliikkeet huolissaan"}]},{"@type":"WebSite","@id":"https:\/\/ipsnews.net\/suomi\/#website","url":"https:\/\/ipsnews.net\/suomi\/","name":"INTER PRESS SERVICE","description":"Uutistoimisto","potentialAction":[{"@type":"SearchAction","target":{"@type":"EntryPoint","urlTemplate":"https:\/\/ipsnews.net\/suomi\/?s={search_term_string}"},"query-input":{"@type":"PropertyValueSpecification","valueRequired":true,"valueName":"search_term_string"}}],"inLanguage":"en-US"},{"@type":"Person","@id":"https:\/\/ipsnews.net\/suomi\/#\/schema\/person\/6557e4eff4f62786c4afe8130a46291d","name":"Mariela Jara","image":{"@type":"ImageObject","inLanguage":"en-US","@id":"https:\/\/ipsnews.net\/suomi\/#\/schema\/person\/image\/3401cc0781df1de279e52fb37dbc7a41","url":"https:\/\/secure.gravatar.com\/avatar\/49f15f6db545f103958c4667783c8930f0899f96c6be21daafe0a87388722448?s=96&d=mm&r=g","contentUrl":"https:\/\/secure.gravatar.com\/avatar\/49f15f6db545f103958c4667783c8930f0899f96c6be21daafe0a87388722448?s=96&d=mm&r=g","caption":"Mariela Jara"},"sameAs":["http:\/\/ipsinternational.org\/fi\/"],"url":"http:\/\/ipsnews.net\/suomi\/author\/mariela-jara\/"}]}},"_links":{"self":[{"href":"http:\/\/ipsnews.net\/suomi\/wp-json\/wp\/v2\/posts\/15757","targetHints":{"allow":["GET"]}}],"collection":[{"href":"http:\/\/ipsnews.net\/suomi\/wp-json\/wp\/v2\/posts"}],"about":[{"href":"http:\/\/ipsnews.net\/suomi\/wp-json\/wp\/v2\/types\/post"}],"author":[{"embeddable":true,"href":"http:\/\/ipsnews.net\/suomi\/wp-json\/wp\/v2\/users\/1046"}],"replies":[{"embeddable":true,"href":"http:\/\/ipsnews.net\/suomi\/wp-json\/wp\/v2\/comments?post=15757"}],"version-history":[{"count":1,"href":"http:\/\/ipsnews.net\/suomi\/wp-json\/wp\/v2\/posts\/15757\/revisions"}],"predecessor-version":[{"id":15759,"href":"http:\/\/ipsnews.net\/suomi\/wp-json\/wp\/v2\/posts\/15757\/revisions\/15759"}],"wp:featuredmedia":[{"embeddable":true,"href":"http:\/\/ipsnews.net\/suomi\/wp-json\/wp\/v2\/media\/15758"}],"wp:attachment":[{"href":"http:\/\/ipsnews.net\/suomi\/wp-json\/wp\/v2\/media?parent=15757"}],"wp:term":[{"taxonomy":"category","embeddable":true,"href":"http:\/\/ipsnews.net\/suomi\/wp-json\/wp\/v2\/categories?post=15757"},{"taxonomy":"post_tag","embeddable":true,"href":"http:\/\/ipsnews.net\/suomi\/wp-json\/wp\/v2\/tags?post=15757"},{"taxonomy":"author","embeddable":true,"href":"http:\/\/ipsnews.net\/suomi\/wp-json\/wp\/v2\/coauthors?post=15757"}],"curies":[{"name":"wp","href":"https:\/\/api.w.org\/{rel}","templated":true}]}}