{"id":15541,"date":"2026-04-28T12:46:08","date_gmt":"2026-04-28T12:46:08","guid":{"rendered":"https:\/\/ipsnews.net\/suomi\/?p=15541"},"modified":"2026-04-28T12:46:09","modified_gmt":"2026-04-28T12:46:09","slug":"maanpakoon-ajetut-naiset-kantavat-moninkertaisen-taakan-keski-amerikassa","status":"publish","type":"post","link":"http:\/\/ipsnews.net\/suomi\/2026\/04\/28\/maanpakoon-ajetut-naiset-kantavat-moninkertaisen-taakan-keski-amerikassa\/","title":{"rendered":"Maanpakoon ajetut naiset kantavat moninkertaisen taakan Keski-Amerikassa\u00a0"},"content":{"rendered":"\n<p><em>Keski-Amerikassa maanpako ei ole vain poliittisten kriisien seuraus vaan usein my\u00f6s vallank\u00e4yt\u00f6n v\u00e4line, sanovat asiantuntijat ja maanpakoon ajetut. Erityisesti se osuu naisiin.<\/em><\/p>\n\n\n\n<p>San Jos\u00e9, Costa Rica 28.4.2026 (IPS) Nicaragualainen sosiologi ja Keski-Amerikan poikkitieteellisen tutkimuksen keskuksen johtaja Elvira Cuadra karkotettiin Nicaraguasta vuonna 2023.<\/p>\n\n\n\n<p>\u201dEn ole siirtolainen vaan maanpaossa. Olen nicaragualainen, joka on pakotettu pois kotoaan ja maastaan. Maanpako ei ole vain oikeudellinen tai humanitaarinen k\u00e4site, vaan ennen kaikkea poliittinen\u201d, Cuadra sanoo.<\/p>\n\n\n\n<p>J\u00e4rjest\u00f6jen ja asiantuntijoiden mukaan tuhansien keskiamerikkalaisten maanpakoa ei voida en\u00e4\u00e4 pit\u00e4\u00e4 pelkk\u00e4n\u00e4 alueen poliittisten kriisien sivuvaikutuksena, vaan kyse on my\u00f6s tietoisesta valtiollisesta politiikasta, jonka tavoitteena on murtaa ihmisten el\u00e4m\u00e4, vaientaa heid\u00e4t ja sys\u00e4t\u00e4 heid\u00e4t yhteiskunnan ulkopuolelle. Erityisen raskaasti se osuu naisiin, jotka joutuvat rakentamaan el\u00e4m\u00e4ns\u00e4 uudelleen k\u00f6yhyyden, ep\u00e4varmojen lupa-asioiden, syrjinn\u00e4n, traumojen ja hoivavastuun keskell\u00e4.<\/p>\n\n\n\n<p>Nicaraguassa, El Salvadorissa ja Guatemalassa pakotetussa karkottamisessa kietoutuvat yhteen politiikka, sukupuoli ja yhteiskuntaluokka. Maanpakoon joutuvat toimittajat, ihmisoikeuksien puolustajat, tutkijat, oikeuslaitoksen ty\u00f6ntekij\u00e4t ja yhteis\u00f6jen johtajat.<\/p>\n\n\n\n<p>Nicaragualaiset muodostavat yhden viime vuosien n\u00e4kyvimmist\u00e4 maanpaossa el\u00e4vist\u00e4 ryhmist\u00e4 Keski-Amerikassa. YK:n pakolaisj\u00e4rjest\u00f6n Acnurin mukaan Costa Ricassa oli vuoden 2024 lopussa yli 240 000 pakolaista ja turvapaikanhakijaa. Heist\u00e4 noin 83 prosenttia oli nicaragualaisia.<\/p>\n\n\n\n<p>Costa Rica on t\u00e4rkein vastaanottajamaa nicaragualaisille, jotka pakenevat presidenttipari Daniel Ortegan ja Rosario Murillon hallinnon vainoa. Hallinto on ollut vallassa vuodesta 2007, ja sen autoritaarinen luonne k\u00e4rjistyi vuoden 2018 yhteiskunnallisten protestien j\u00e4lkeen.<\/p>\n\n\n\n<p>Maanpakoon Nicaraguasta on viime vuosina liittynyt my\u00f6s kansalaisuuden riist\u00e4minen ja kansalaisuudettomuus, jota on m\u00e4\u00e4r\u00e4tty opposition edustajille, toimittajille ja ihmisoikeusaktivisteille.&nbsp;<\/p>\n\n\n\n<p>N\u00e4in k\u00e4vi my\u00f6s Elvira Cuadralle. Diktatuuri tuomitsi h\u00e4net salaisessa oikeudenk\u00e4ynniss\u00e4, riisti h\u00e4nen kansalaisuutensa ja takavarikoi h\u00e4nen omaisuutensa. Cuadralle t\u00e4m\u00e4 osoittaa, ettei vainon tarkoituksena ole ainoastaan ajaa toisinajattelijoita pois maasta vaan my\u00f6s mit\u00e4t\u00f6id\u00e4 heid\u00e4n kansalaisuutensa ja mahdollisuutensa rakentaa el\u00e4m\u00e4\u00e4ns\u00e4 uudelleen.&nbsp;<\/p>\n\n\n\n<p><strong>Naiset etulinjassa<\/strong><\/p>\n\n\n\n<p>Costa Rican turvapaikanhakijoista 52 prosenttia on naisia. Heist\u00e4 38 prosentilla on huollettavanaan v\u00e4hint\u00e4\u00e4n yksi alaik\u00e4inen lapsi. Kolme nelj\u00e4st\u00e4 naisesta on perheens\u00e4 p\u00e4\u00e4asiallisia el\u00e4tt\u00e4ji\u00e4. 60 prosenttia kertoo, ettei saa apua lasten tai muiden huollettavien hoitoon.<\/p>\n\n\n\n<p>Luvut kertovat taakasta, jota maanpaossa el\u00e4v\u00e4t naiset kantavat. He vastaavat perheen toimeentulosta, huolehtivat lapsista ja muista l\u00e4heisist\u00e4\u00e4n ja yritt\u00e4v\u00e4t samalla selviyty\u00e4 hitaasti etenev\u00e4ss\u00e4 maahanmuuttobyrokratiassa. Vaikka Costa Rica on lyhent\u00e4nyt k\u00e4sittelyaikoja ja laajentanut ty\u00f6nteko-oikeuksia, hakemuksen rekister\u00f6innin ja ensimm\u00e4isen p\u00e4\u00e4t\u00f6ksen v\u00e4linen keskim\u00e4\u00e4r\u00e4inen aika on yh\u00e4 yli tuhat p\u00e4iv\u00e4\u00e4.<\/p>\n\n\n\n<p>Katherine (nimi muutettu) on nicaragualainen maanpaossa el\u00e4v\u00e4 entinen oikeustieteen opiskelija ja seksuaaliv\u00e4hemmist\u00f6\u00f6n kuuluva nainen. H\u00e4n odotti San Jos\u00e9ssa yli kolme vuotta p\u00e4\u00e4st\u00e4kseen turvapaikkakelpoisuuden arviointiin.&nbsp;<\/p>\n\n\n\n<p>Pitk\u00e4 odotus merkitsi h\u00e4nelle ep\u00e4varmaa v\u00e4litilaa. Ilman pysyvi\u00e4 asiakirjoja h\u00e4nen oli vaikea vuokrata asuntoa, saada virallista ty\u00f6t\u00e4, avata pankkitili\u00e4 tai p\u00e4\u00e4st\u00e4 palveluihin.<\/p>\n\n\n\n<p>\u201dIhmisoikeusaktivistit ja costaricalainen feministinen ryhm\u00e4 pelastivat minut. Muuten en tied\u00e4, mit\u00e4 olisin tehnyt\u201d, h\u00e4n sanoo.<\/p>\n\n\n\n<h3 class=\"wp-block-heading\">Syrjint\u00e4 kasautuu naisille, alkuper\u00e4iskansoille ja seksuaaliv\u00e4hemmist\u00f6ille<\/h3>\n\n\n\n<p>J\u00e4rjest\u00f6jen mukaan alkuper\u00e4iskansojen naiset kuuluvat Keski-Amerikan pakotetun maanpaon haavoittuvimpiin ryhmiin. Keski-Amerikan poikkitieteellisen tutkimuskeskuksen (Cetcam) mukaan yhteis\u00f6jen johtajat ja maa-alueitaan puolustavat naiset joutuvat autoritaarisissa j\u00e4rjestelmiss\u00e4 erityisen vainon kohteiksi.&nbsp;<\/p>\n\n\n\n<p>He eiv\u00e4t menet\u00e4 ainoastaan turvallisuuden tunnettaan ja vakaata el\u00e4m\u00e4\u00e4, vaan my\u00f6s kulttuurisen, kielellisen ja hengellisen yhteyden omaan alueeseensa. Kun heid\u00e4t ajetaan pois, side yhteis\u00f6ihin, omiin tapoihin ja perinteisiin katkeaa. Siksi maanpaon vaikutukset ulottuvat paljon aineellista menetyst\u00e4 syvemm\u00e4lle.<\/p>\n\n\n\n<p>Afrikkalaistaustaisten naisten kohdalla Cetcam tunnistaa rasistisia piirteit\u00e4 sis\u00e4lt\u00e4v\u00e4n syrjinn\u00e4n, joka voimistuu vastaanottajamaissa. Maahanmuuton ep\u00e4varmuuden lis\u00e4ksi he kohtaavat syrjint\u00e4\u00e4 alkuper\u00e4n, puhetavan ja tapojen vuoksi, mik\u00e4 vaikeuttaa heid\u00e4n asemaansa yhteiskunnassa ja ty\u00f6el\u00e4m\u00e4ss\u00e4.<\/p>\n\n\n\n<p>My\u00f6s transnaiset sek\u00e4 muut seksuaali- ja sukupuoliv\u00e4hemmist\u00f6ihin kuuluvat ihmiset kohtaavat moninaista v\u00e4kivaltaa, jossa yhdistyv\u00e4t poliittinen vaino ja sukupuolinormien rikkomisesta seuraava leimaaminen.<\/p>\n\n\n\n<p>Viha ulottuu silti kaikkiin naisiin. Keski-Amerikan Journalistiverkoston johtaja&nbsp;Ang\u00e9lica&nbsp;C\u00e1rcamon mukaan naistoimittajiin, ihmisoikeuksien puolustajiin ja aktivisteihin kohdistuu seksuaaliss\u00e4vytteist\u00e4 vihapuhetta ja naisvihamielisi\u00e4 kampanjoita.<\/p>\n\n\n\n<p>\u201dKyse ei ole vain heid\u00e4n ty\u00f6ns\u00e4 mustamaalaamisesta, vaan heid\u00e4n kehoonsa ja julkiseen uskottavuuteensa kohdistuvista loukkauksista, uhkauksista ja digitaalisista kampanjoista, joiden tarkoituksena on ajaa heid\u00e4t ulos julkisesta tilasta\u201d, h\u00e4n sanoo.<\/p>\n\n\n\n<h3 class=\"wp-block-heading\"><strong>Naiset verkostoituvat<\/strong><\/h3>\n\n\n\n<p>San Jos\u00e9ssa toimivan Ilmaisunvapauden instituutin (Iplex) raportti kuvaa keskiamerikkalaisten naisten kokemuksia Costa Ricassa, Guatemalassa ja Meksikossa \u2013 kolmessa t\u00e4rkeimm\u00e4ss\u00e4 vastaanottajamaassa.<\/p>\n\n\n\n<p>Raportin mukaan 75 prosenttia haastatelluista kertoo ostovoimansa heikentyneen merkitt\u00e4v\u00e4sti. Per\u00e4ti 87 prosenttia sanoo kokeneensa ahdistusta tai syv\u00e4\u00e4 surua kotimaasta l\u00e4hd\u00f6n j\u00e4lkeen, ja 49 prosenttia arvioi mielenterveytens\u00e4 heikentyneen pakotetun muuton seurauksena.<\/p>\n\n\n\n<p>Tutkimus nostaa esiin my\u00f6s ammatillisen identiteetin menetyksen. Monet naiset lakkaavat olemasta opettajia, toimittajia, juristeja tai yritt\u00e4ji\u00e4 ja p\u00e4\u00e4tyv\u00e4t ep\u00e4varmoihin tai ep\u00e4virallisiin t\u00f6ihin, jotka eiv\u00e4t vastaa heid\u00e4n koulutustaan ja kokemustaan.<\/p>\n\n\n\n<p>Iplexin tutkimuksen mukaan 82 prosenttia maanpaossa el\u00e4vist\u00e4 naisista ei p\u00e4\u00e4se huolehtimaan omasta hyvinvoinnistaan tai virkistym\u00e4\u00e4n, ja 59 prosenttia ei k\u00e4y s\u00e4\u00e4nn\u00f6llisiss\u00e4 terveystarkastuksissa.<\/p>\n\n\n\n<p>Maanpako on synnytt\u00e4nyt my\u00f6s uusia j\u00e4rjest\u00e4ytymisen ja vastarinnan muotoja. Costa Ricaan, Yhdysvaltoihin ja Eurooppaan asettuneet nicaragualaiset, salvadorilaiset ja guatemalalaiset maanpaossa el\u00e4v\u00e4t naiset ovat perustaneet Keski-Amerikan maanpaossa el\u00e4vien naisten verkoston. Verkoston tarkoituksena on luoda tukea, turvallisuutta ja poliittista vaikutusvaltaa niille, jotka ovat pakotettu l\u00e4htem\u00e4\u00e4n kotimaastaan.&nbsp;<\/p>\n\n\n\n<p>\u201dVerkoston naisten tavoitteena on siirty\u00e4 pelk\u00e4st\u00e4 uhrin roolista aktiivisiksi toimijoiksi: naiset haluavat vakiinnuttaa asemansa globaaleina poliittisina vaikuttajina ja jatkaa maidensa historian kirjoittamista my\u00f6s maanpaosta k\u00e4sin\u201d, guatemalalainen maanpaossa el\u00e4v\u00e4 sosiologi Carmen Rosa de Le\u00f3n sanoo.&nbsp;<\/p>\n\n\n\n<p>(Inter Press Service)<\/p>\n","protected":false},"excerpt":{"rendered":"<p>Keski-Amerikassa maanpako ei ole vain poliittisten kriisien seuraus vaan usein my\u00f6s vallank\u00e4yt\u00f6n v\u00e4line, sanovat asiantuntijat ja maanpakoon ajetut. Erityisesti se osuu naisiin. San Jos\u00e9, Costa Rica 28.4.2026 (IPS) Nicaragualainen sosiologi ja Keski-Amerikan poikkitieteellisen tutkimuksen keskuksen johtaja Elvira Cuadra karkotettiin Nicaraguasta&hellip; <a href=\"http:\/\/ipsnews.net\/suomi\/2026\/04\/28\/maanpakoon-ajetut-naiset-kantavat-moninkertaisen-taakan-keski-amerikassa\/\" class=\"more-link\">Continue Reading <span class=\"meta-nav\">&rarr;<\/span><\/a><\/p>\n","protected":false},"author":1585,"featured_media":15542,"comment_status":"closed","ping_status":"open","sticky":false,"template":"","format":"standard","meta":{"footnotes":""},"categories":[1668,11,1428,17,1669,1390,9,1489,21],"tags":[],"coauthors":[1625],"class_list":["post-15541","post","type-post","status-publish","format-standard","has-post-thumbnail","hentry","category-feminismi","category-ihmisoikeudet","category-keski-amerikka","category-media","category-naisten-oikeudet","category-pakolaisuus","category-politiikka","category-siirtolaisuus","category-tyoelama"],"yoast_head":"<!-- This site is optimized with the Yoast SEO plugin v24.8.1 - https:\/\/yoast.com\/wordpress\/plugins\/seo\/ -->\n<title>Maanpakoon ajetut naiset kantavat moninkertaisen taakan Keski-Amerikassa\u00a0 - INTER PRESS SERVICE<\/title>\n<meta name=\"robots\" content=\"index, follow, max-snippet:-1, max-image-preview:large, max-video-preview:-1\" \/>\n<link rel=\"canonical\" href=\"https:\/\/ipsnews.net\/suomi\/2026\/04\/28\/maanpakoon-ajetut-naiset-kantavat-moninkertaisen-taakan-keski-amerikassa\/\" \/>\n<meta property=\"og:locale\" content=\"en_US\" \/>\n<meta property=\"og:type\" content=\"article\" \/>\n<meta property=\"og:title\" content=\"Maanpakoon ajetut naiset kantavat moninkertaisen taakan Keski-Amerikassa\u00a0 - INTER PRESS SERVICE\" \/>\n<meta property=\"og:description\" content=\"Keski-Amerikassa maanpako ei ole vain poliittisten kriisien seuraus vaan usein my\u00f6s vallank\u00e4yt\u00f6n v\u00e4line, sanovat asiantuntijat ja maanpakoon ajetut. Erityisesti se osuu naisiin. San Jos\u00e9, Costa Rica 28.4.2026 (IPS) Nicaragualainen sosiologi ja Keski-Amerikan poikkitieteellisen tutkimuksen keskuksen johtaja Elvira Cuadra karkotettiin Nicaraguasta&hellip; Continue Reading &rarr;\" \/>\n<meta property=\"og:url\" content=\"https:\/\/ipsnews.net\/suomi\/2026\/04\/28\/maanpakoon-ajetut-naiset-kantavat-moninkertaisen-taakan-keski-amerikassa\/\" \/>\n<meta property=\"og:site_name\" content=\"INTER PRESS SERVICE\" \/>\n<meta property=\"article:published_time\" content=\"2026-04-28T12:46:08+00:00\" \/>\n<meta property=\"article:modified_time\" content=\"2026-04-28T12:46:09+00:00\" \/>\n<meta property=\"og:image\" content=\"http:\/\/ipsnews.net\/suomi\/wp-content\/uploads\/2026\/04\/55219232411_38dc9f0cbe_o-scaled.jpg\" \/>\n\t<meta property=\"og:image:width\" content=\"2560\" \/>\n\t<meta property=\"og:image:height\" content=\"1707\" \/>\n\t<meta property=\"og:image:type\" content=\"image\/jpeg\" \/>\n<meta name=\"author\" content=\"Jos\u00e9 Mendieta\" \/>\n<meta name=\"twitter:card\" content=\"summary_large_image\" \/>\n<meta name=\"twitter:label1\" content=\"Written by\" \/>\n\t<meta name=\"twitter:data1\" content=\"Jos\u00e9 Mendieta\" \/>\n\t<meta name=\"twitter:label2\" content=\"Est. reading time\" \/>\n\t<meta name=\"twitter:data2\" content=\"4 minutes\" \/>\n<script type=\"application\/ld+json\" class=\"yoast-schema-graph\">{\"@context\":\"https:\/\/schema.org\",\"@graph\":[{\"@type\":\"WebPage\",\"@id\":\"https:\/\/ipsnews.net\/suomi\/2026\/04\/28\/maanpakoon-ajetut-naiset-kantavat-moninkertaisen-taakan-keski-amerikassa\/\",\"url\":\"https:\/\/ipsnews.net\/suomi\/2026\/04\/28\/maanpakoon-ajetut-naiset-kantavat-moninkertaisen-taakan-keski-amerikassa\/\",\"name\":\"Maanpakoon ajetut naiset kantavat moninkertaisen taakan Keski-Amerikassa\u00a0 - INTER PRESS SERVICE\",\"isPartOf\":{\"@id\":\"https:\/\/ipsnews.net\/suomi\/#website\"},\"primaryImageOfPage\":{\"@id\":\"https:\/\/ipsnews.net\/suomi\/2026\/04\/28\/maanpakoon-ajetut-naiset-kantavat-moninkertaisen-taakan-keski-amerikassa\/#primaryimage\"},\"image\":{\"@id\":\"https:\/\/ipsnews.net\/suomi\/2026\/04\/28\/maanpakoon-ajetut-naiset-kantavat-moninkertaisen-taakan-keski-amerikassa\/#primaryimage\"},\"thumbnailUrl\":\"http:\/\/ipsnews.net\/suomi\/wp-content\/uploads\/2026\/04\/55219232411_38dc9f0cbe_o-scaled.jpg\",\"datePublished\":\"2026-04-28T12:46:08+00:00\",\"dateModified\":\"2026-04-28T12:46:09+00:00\",\"author\":{\"@id\":\"https:\/\/ipsnews.net\/suomi\/#\/schema\/person\/7d5d5deba6358fcef2215cd81ac21bb6\"},\"breadcrumb\":{\"@id\":\"https:\/\/ipsnews.net\/suomi\/2026\/04\/28\/maanpakoon-ajetut-naiset-kantavat-moninkertaisen-taakan-keski-amerikassa\/#breadcrumb\"},\"inLanguage\":\"en-US\",\"potentialAction\":[{\"@type\":\"ReadAction\",\"target\":[\"https:\/\/ipsnews.net\/suomi\/2026\/04\/28\/maanpakoon-ajetut-naiset-kantavat-moninkertaisen-taakan-keski-amerikassa\/\"]}]},{\"@type\":\"ImageObject\",\"inLanguage\":\"en-US\",\"@id\":\"https:\/\/ipsnews.net\/suomi\/2026\/04\/28\/maanpakoon-ajetut-naiset-kantavat-moninkertaisen-taakan-keski-amerikassa\/#primaryimage\",\"url\":\"http:\/\/ipsnews.net\/suomi\/wp-content\/uploads\/2026\/04\/55219232411_38dc9f0cbe_o-scaled.jpg\",\"contentUrl\":\"http:\/\/ipsnews.net\/suomi\/wp-content\/uploads\/2026\/04\/55219232411_38dc9f0cbe_o-scaled.jpg\",\"width\":2560,\"height\":1707,\"caption\":\"https:\/\/www.flickr.com\/photos\/ipsnews\/55219232411\/sizes\/o\/\"},{\"@type\":\"BreadcrumbList\",\"@id\":\"https:\/\/ipsnews.net\/suomi\/2026\/04\/28\/maanpakoon-ajetut-naiset-kantavat-moninkertaisen-taakan-keski-amerikassa\/#breadcrumb\",\"itemListElement\":[{\"@type\":\"ListItem\",\"position\":1,\"name\":\"Home\",\"item\":\"https:\/\/ipsnews.net\/suomi\/\"},{\"@type\":\"ListItem\",\"position\":2,\"name\":\"Maanpakoon ajetut naiset kantavat moninkertaisen taakan Keski-Amerikassa\u00a0\"}]},{\"@type\":\"WebSite\",\"@id\":\"https:\/\/ipsnews.net\/suomi\/#website\",\"url\":\"https:\/\/ipsnews.net\/suomi\/\",\"name\":\"INTER PRESS SERVICE\",\"description\":\"Uutistoimisto\",\"potentialAction\":[{\"@type\":\"SearchAction\",\"target\":{\"@type\":\"EntryPoint\",\"urlTemplate\":\"https:\/\/ipsnews.net\/suomi\/?s={search_term_string}\"},\"query-input\":{\"@type\":\"PropertyValueSpecification\",\"valueRequired\":true,\"valueName\":\"search_term_string\"}}],\"inLanguage\":\"en-US\"},{\"@type\":\"Person\",\"@id\":\"https:\/\/ipsnews.net\/suomi\/#\/schema\/person\/7d5d5deba6358fcef2215cd81ac21bb6\",\"name\":\"Jos\u00e9 Mendieta\",\"image\":{\"@type\":\"ImageObject\",\"inLanguage\":\"en-US\",\"@id\":\"https:\/\/ipsnews.net\/suomi\/#\/schema\/person\/image\/b1b9f197b2782d7fa559b0b76521b5f1\",\"url\":\"https:\/\/secure.gravatar.com\/avatar\/8fe7420ceae7bad06ce9769f36984a3829959d63782e20beb7626f3dba0270d2?s=96&d=mm&r=g\",\"contentUrl\":\"https:\/\/secure.gravatar.com\/avatar\/8fe7420ceae7bad06ce9769f36984a3829959d63782e20beb7626f3dba0270d2?s=96&d=mm&r=g\",\"caption\":\"Jos\u00e9 Mendieta\"},\"url\":\"http:\/\/ipsnews.net\/suomi\/author\/jose\/\"}]}<\/script>\n<!-- \/ Yoast SEO plugin. -->","yoast_head_json":{"title":"Maanpakoon ajetut naiset kantavat moninkertaisen taakan Keski-Amerikassa\u00a0 - INTER PRESS SERVICE","robots":{"index":"index","follow":"follow","max-snippet":"max-snippet:-1","max-image-preview":"max-image-preview:large","max-video-preview":"max-video-preview:-1"},"canonical":"https:\/\/ipsnews.net\/suomi\/2026\/04\/28\/maanpakoon-ajetut-naiset-kantavat-moninkertaisen-taakan-keski-amerikassa\/","og_locale":"en_US","og_type":"article","og_title":"Maanpakoon ajetut naiset kantavat moninkertaisen taakan Keski-Amerikassa\u00a0 - INTER PRESS SERVICE","og_description":"Keski-Amerikassa maanpako ei ole vain poliittisten kriisien seuraus vaan usein my\u00f6s vallank\u00e4yt\u00f6n v\u00e4line, sanovat asiantuntijat ja maanpakoon ajetut. Erityisesti se osuu naisiin. San Jos\u00e9, Costa Rica 28.4.2026 (IPS) Nicaragualainen sosiologi ja Keski-Amerikan poikkitieteellisen tutkimuksen keskuksen johtaja Elvira Cuadra karkotettiin Nicaraguasta&hellip; Continue Reading &rarr;","og_url":"https:\/\/ipsnews.net\/suomi\/2026\/04\/28\/maanpakoon-ajetut-naiset-kantavat-moninkertaisen-taakan-keski-amerikassa\/","og_site_name":"INTER PRESS SERVICE","article_published_time":"2026-04-28T12:46:08+00:00","article_modified_time":"2026-04-28T12:46:09+00:00","og_image":[{"width":2560,"height":1707,"url":"http:\/\/ipsnews.net\/suomi\/wp-content\/uploads\/2026\/04\/55219232411_38dc9f0cbe_o-scaled.jpg","type":"image\/jpeg"}],"author":"Jos\u00e9 Mendieta","twitter_card":"summary_large_image","twitter_misc":{"Written by":"Jos\u00e9 Mendieta","Est. reading time":"4 minutes"},"schema":{"@context":"https:\/\/schema.org","@graph":[{"@type":"WebPage","@id":"https:\/\/ipsnews.net\/suomi\/2026\/04\/28\/maanpakoon-ajetut-naiset-kantavat-moninkertaisen-taakan-keski-amerikassa\/","url":"https:\/\/ipsnews.net\/suomi\/2026\/04\/28\/maanpakoon-ajetut-naiset-kantavat-moninkertaisen-taakan-keski-amerikassa\/","name":"Maanpakoon ajetut naiset kantavat moninkertaisen taakan Keski-Amerikassa\u00a0 - INTER PRESS SERVICE","isPartOf":{"@id":"https:\/\/ipsnews.net\/suomi\/#website"},"primaryImageOfPage":{"@id":"https:\/\/ipsnews.net\/suomi\/2026\/04\/28\/maanpakoon-ajetut-naiset-kantavat-moninkertaisen-taakan-keski-amerikassa\/#primaryimage"},"image":{"@id":"https:\/\/ipsnews.net\/suomi\/2026\/04\/28\/maanpakoon-ajetut-naiset-kantavat-moninkertaisen-taakan-keski-amerikassa\/#primaryimage"},"thumbnailUrl":"http:\/\/ipsnews.net\/suomi\/wp-content\/uploads\/2026\/04\/55219232411_38dc9f0cbe_o-scaled.jpg","datePublished":"2026-04-28T12:46:08+00:00","dateModified":"2026-04-28T12:46:09+00:00","author":{"@id":"https:\/\/ipsnews.net\/suomi\/#\/schema\/person\/7d5d5deba6358fcef2215cd81ac21bb6"},"breadcrumb":{"@id":"https:\/\/ipsnews.net\/suomi\/2026\/04\/28\/maanpakoon-ajetut-naiset-kantavat-moninkertaisen-taakan-keski-amerikassa\/#breadcrumb"},"inLanguage":"en-US","potentialAction":[{"@type":"ReadAction","target":["https:\/\/ipsnews.net\/suomi\/2026\/04\/28\/maanpakoon-ajetut-naiset-kantavat-moninkertaisen-taakan-keski-amerikassa\/"]}]},{"@type":"ImageObject","inLanguage":"en-US","@id":"https:\/\/ipsnews.net\/suomi\/2026\/04\/28\/maanpakoon-ajetut-naiset-kantavat-moninkertaisen-taakan-keski-amerikassa\/#primaryimage","url":"http:\/\/ipsnews.net\/suomi\/wp-content\/uploads\/2026\/04\/55219232411_38dc9f0cbe_o-scaled.jpg","contentUrl":"http:\/\/ipsnews.net\/suomi\/wp-content\/uploads\/2026\/04\/55219232411_38dc9f0cbe_o-scaled.jpg","width":2560,"height":1707,"caption":"https:\/\/www.flickr.com\/photos\/ipsnews\/55219232411\/sizes\/o\/"},{"@type":"BreadcrumbList","@id":"https:\/\/ipsnews.net\/suomi\/2026\/04\/28\/maanpakoon-ajetut-naiset-kantavat-moninkertaisen-taakan-keski-amerikassa\/#breadcrumb","itemListElement":[{"@type":"ListItem","position":1,"name":"Home","item":"https:\/\/ipsnews.net\/suomi\/"},{"@type":"ListItem","position":2,"name":"Maanpakoon ajetut naiset kantavat moninkertaisen taakan Keski-Amerikassa\u00a0"}]},{"@type":"WebSite","@id":"https:\/\/ipsnews.net\/suomi\/#website","url":"https:\/\/ipsnews.net\/suomi\/","name":"INTER PRESS SERVICE","description":"Uutistoimisto","potentialAction":[{"@type":"SearchAction","target":{"@type":"EntryPoint","urlTemplate":"https:\/\/ipsnews.net\/suomi\/?s={search_term_string}"},"query-input":{"@type":"PropertyValueSpecification","valueRequired":true,"valueName":"search_term_string"}}],"inLanguage":"en-US"},{"@type":"Person","@id":"https:\/\/ipsnews.net\/suomi\/#\/schema\/person\/7d5d5deba6358fcef2215cd81ac21bb6","name":"Jos\u00e9 Mendieta","image":{"@type":"ImageObject","inLanguage":"en-US","@id":"https:\/\/ipsnews.net\/suomi\/#\/schema\/person\/image\/b1b9f197b2782d7fa559b0b76521b5f1","url":"https:\/\/secure.gravatar.com\/avatar\/8fe7420ceae7bad06ce9769f36984a3829959d63782e20beb7626f3dba0270d2?s=96&d=mm&r=g","contentUrl":"https:\/\/secure.gravatar.com\/avatar\/8fe7420ceae7bad06ce9769f36984a3829959d63782e20beb7626f3dba0270d2?s=96&d=mm&r=g","caption":"Jos\u00e9 Mendieta"},"url":"http:\/\/ipsnews.net\/suomi\/author\/jose\/"}]}},"_links":{"self":[{"href":"http:\/\/ipsnews.net\/suomi\/wp-json\/wp\/v2\/posts\/15541","targetHints":{"allow":["GET"]}}],"collection":[{"href":"http:\/\/ipsnews.net\/suomi\/wp-json\/wp\/v2\/posts"}],"about":[{"href":"http:\/\/ipsnews.net\/suomi\/wp-json\/wp\/v2\/types\/post"}],"author":[{"embeddable":true,"href":"http:\/\/ipsnews.net\/suomi\/wp-json\/wp\/v2\/users\/1585"}],"replies":[{"embeddable":true,"href":"http:\/\/ipsnews.net\/suomi\/wp-json\/wp\/v2\/comments?post=15541"}],"version-history":[{"count":1,"href":"http:\/\/ipsnews.net\/suomi\/wp-json\/wp\/v2\/posts\/15541\/revisions"}],"predecessor-version":[{"id":15543,"href":"http:\/\/ipsnews.net\/suomi\/wp-json\/wp\/v2\/posts\/15541\/revisions\/15543"}],"wp:featuredmedia":[{"embeddable":true,"href":"http:\/\/ipsnews.net\/suomi\/wp-json\/wp\/v2\/media\/15542"}],"wp:attachment":[{"href":"http:\/\/ipsnews.net\/suomi\/wp-json\/wp\/v2\/media?parent=15541"}],"wp:term":[{"taxonomy":"category","embeddable":true,"href":"http:\/\/ipsnews.net\/suomi\/wp-json\/wp\/v2\/categories?post=15541"},{"taxonomy":"post_tag","embeddable":true,"href":"http:\/\/ipsnews.net\/suomi\/wp-json\/wp\/v2\/tags?post=15541"},{"taxonomy":"author","embeddable":true,"href":"http:\/\/ipsnews.net\/suomi\/wp-json\/wp\/v2\/coauthors?post=15541"}],"curies":[{"name":"wp","href":"https:\/\/api.w.org\/{rel}","templated":true}]}}