{"id":15538,"date":"2026-04-28T12:39:38","date_gmt":"2026-04-28T12:39:38","guid":{"rendered":"https:\/\/ipsnews.net\/suomi\/?p=15538"},"modified":"2026-04-28T12:39:39","modified_gmt":"2026-04-28T12:39:39","slug":"13-vuotias-nooria-naamioitui-pojaksi-ruokkiakseen-perheensa-talibanin-vallan-alla","status":"publish","type":"post","link":"http:\/\/ipsnews.net\/suomi\/2026\/04\/28\/13-vuotias-nooria-naamioitui-pojaksi-ruokkiakseen-perheensa-talibanin-vallan-alla\/","title":{"rendered":"13-vuotias Nooria naamioitui pojaksi ruokkiakseen perheens\u00e4 Talibanin vallan alla"},"content":{"rendered":"\n<p><em>Nooria pukeutui vuosien ajan pojaksi voidakseen ty\u00f6skennell\u00e4 ja el\u00e4tt\u00e4\u00e4 perheens\u00e4. Lopulta Taliban otti h\u00e4net kiinni. Sosiaalisessa mediassa levinnyt kuulusteluvideo n\u00e4ytt\u00e4\u00e4, miten lasta kohdellaan rikollisena.<\/em><\/p>\n\n\n\n<p>Ghor, Afganistan 28.2.2026 (IPS) Nooria on 13-vuotias tytt\u00f6, joka el\u00e4\u00e4 k\u00f6yhyydess\u00e4 Afganistanissa. H\u00e4nen perheess\u00e4\u00e4n ei ole is\u00e4\u00e4 eik\u00e4 muuta miespuolista huoltajaa. Selviyty\u00e4kseen h\u00e4n pukeutui pojan vaatteisiin ja teki t\u00f6it\u00e4 el\u00e4tt\u00e4\u00e4kseen \u00e4itins\u00e4 ja siskonsa. Ratkaisu ei ollut h\u00e4nen oma valintansa, vaan pakon sanelema keino selviyty\u00e4.<\/p>\n\n\n\n<p>Helmikuussa sosiaalisessa mediassa alkoi levit\u00e4 video Noorian kuulustelusta. Sen tarkkaa kuvausajankohtaa ei tiedet\u00e4, mutta monien mukaan se on tuore. Videolta k\u00e4y ilmi, ett\u00e4 Nooria oli pukeutunut pojaksi noin nelj\u00e4n vuoden ajan \u2013 k\u00e4yt\u00e4nn\u00f6ss\u00e4 siit\u00e4 l\u00e4htien, kun Taliban palasi valtaan.<\/p>\n\n\n\n<p>Kuulusteluissa 13-vuotiasta Nooriaa kohdellaan rikollisena, ei lapsena. H\u00e4nelt\u00e4 kysyt\u00e4\u00e4n toistuvasti, ovatko h\u00e4nen vaatteensa ja hiuksensa miehen vai naisen. Nooria vastaa hiljaisella ja alistuvalla \u00e4\u00e4nell\u00e4. H\u00e4n kertoo, ettei h\u00e4nell\u00e4 ollut vaihtoehtoa ja ett\u00e4 h\u00e4n teki kaiken \u00e4itins\u00e4 ja siskojensa vuoksi. H\u00e4n halusi vain tehd\u00e4 t\u00f6it\u00e4 el\u00e4tt\u00e4\u00e4kseen heid\u00e4t, koska perheell\u00e4 ei ole ket\u00e4\u00e4n muuta.<\/p>\n\n\n\n<p>Videolla Talibanin poliisi ja Nooria puhuvat pa\u0161tun kielt\u00e4. Videoon on lis\u00e4tty tekstitys dariksi, joka on Afganistanin toinen virallinen kieli. Nooria istuu pime\u00e4ss\u00e4 nurkassa ja n\u00e4ytt\u00e4\u00e4 hyvin nuorelta ja haavoittuvaiselta. Kameraa pitelev\u00e4 poliisi osoittaa h\u00e4nt\u00e4 kirkkaalla valolla ja kuulustelee uhkaavaan s\u00e4vyyn. Keskustelun aikana Nooria yritt\u00e4\u00e4 saada h\u00e4net ymm\u00e4rt\u00e4m\u00e4\u00e4n, ett\u00e4 h\u00e4n on toiminut olosuhteiden pakosta.<\/p>\n\n\n\n<h3 class=\"wp-block-heading\"><strong>\u201dEn tehnyt t\u00e4t\u00e4 halusta\u201d<\/strong><strong><\/strong><\/h3>\n\n\n\n<p>Yhdess\u00e4 kuulustelun kohdassa keskustelu etenee n\u00e4in:<\/p>\n\n\n\n<p>Taliban-poliisi: Mik\u00e4 on nimesi?<\/p>\n\n\n\n<p>Nooria: Pit\u00e4isik\u00f6 minun kertoa sinulle nimesi?<\/p>\n\n\n\n<p><em>Nooria vastaa arasti, silm\u00e4t t\u00e4ynn\u00e4 pelkoa.&nbsp;<\/em><\/p>\n\n\n\n<p>Taliban-poliisi: Kerro nimesi, mik\u00e4 on oikea nimesi, ja mill\u00e4 nimell\u00e4 sinut tunnetaan?<br><em>Poliisi vakavalla \u00e4\u00e4nens\u00e4vyll\u00e4.<br><\/em>Nooria: Nooria.<\/p>\n\n\n\n<p>Taliban-poliisi: Onko Nooria oikea nimesi?&nbsp;<\/p>\n\n\n\n<p>Nooria: Kyll\u00e4.<\/p>\n\n\n\n<p>Taliban-poliisi: Mist\u00e4 maakunnasta olet kotoisin?<\/p>\n\n\n\n<p>Nooria: Olen kotoisin Ghorin maakunnasta.<\/p>\n\n\n\n<p>Taliban-poliisi: Milt\u00e4 alueelta? N\u00e4yt\u00e4 minulle.<\/p>\n\n\n\n<p>Nooria: Nad Alin alueelta.<\/p>\n\n\n\n<p>Taliban-poliisi: Mist\u00e4 sielt\u00e4 tarkalleen?<\/p>\n\n\n\n<p>Noria: Olen Zarghunista. T\u00e4ll\u00e4 hetkell\u00e4 olen t\u00e4\u00e4ll\u00e4 torilla.<\/p>\n\n\n\n<p>Taliban-poliisi: Mill\u00e4 nimell\u00e4 sinut tunnetaan t\u00e4\u00e4ll\u00e4?<\/p>\n\n\n\n<p>Nooria: T\u00e4\u00e4ll\u00e4?<\/p>\n\n\n\n<p>Taliban-poliisi: Kyll\u00e4.<\/p>\n\n\n\n<p>Nooria: T\u00e4\u00e4ll\u00e4 torilla ihmiset tuntevat minut nimell\u00e4 Noor Ahmad.<\/p>\n\n\n\n<p>Taliban-poliisi: Oletko pukeutunut miesten vaatteisiin?<\/p>\n\n\n\n<p>Nooria: Kyll\u00e4.<\/p>\n\n\n\n<p>Taliban-poliisi: Oletko nyt mies vai nainen? Selit\u00e4 tilanteesi omin sanoin.<\/p>\n\n\n\n<p>Nooria: Olen nainen, mutta joudun pukeutumaan miesten vaatteisiin olosuhteiden pakosta.<\/p>\n\n\n\n<p>Minulla ei ole ket\u00e4\u00e4n muuta. Puen miesten vaatteet, koska minun t\u00e4ytyy, minun t\u00e4ytyy pit\u00e4\u00e4<\/p>\n\n\n\n<p>huolta kodistani ja siskoistani. Minulla ei ole ket\u00e4\u00e4n. Pakon edest\u00e4 ja selviytymisen takia<\/p>\n\n\n\n<p>joudun pukemaan t\u00e4m\u00e4n paidan.<\/p>\n\n\n\n<p>Taliban-poliisi: Kauanko olet ty\u00f6skennellyt kahvilassa?<\/p>\n\n\n\n<p>Nooria: Kolme vuotta.<\/p>\n\n\n\n<p>Taliban-poliisi: Kolme vuotta? Kenen kanssa teet t\u00f6it\u00e4?<\/p>\n\n\n\n<p>Nooria: Hikmatullahin kanssa.<\/p>\n\n\n\n<p>Taliban-poliisi: Paljonko Hikmatullah antaa sinulle palkkaa per kuukausi?<\/p>\n\n\n\n<p>Nooria: Ensin h\u00e4n antoi seitsem\u00e4n tuhatta. My\u00f6hemmin pyysin h\u00e4nt\u00e4 maksamaan lis\u00e4\u00e4, koska se ei ollut tarpeeksi. H\u00e4n lis\u00e4si kolme tuhatta, joten nyt palkka on kymmenentuhatta.&nbsp;<\/p>\n\n\n\n<p>Kahdeksan viime kuukauden aikana h\u00e4n on antanut kymmenentuhatta, summa sis\u00e4lt\u00e4\u00e4 h\u00e4nen<\/p>\n\n\n\n<p>avustuksensa perheelleni.<\/p>\n\n\n\n<p>Taliban-poliisi: Selv\u00e4, joten n\u00e4m\u00e4 vaatteet, jotka ovat yll\u00e4si, ovatko ne miehen vai naisen?<\/p>\n\n\n\n<p>Katso itse\u00e4si \u2013 ovatko ne miehen vai naisen?<\/p>\n\n\n\n<p>Nooria: Minulla ei ole ket\u00e4\u00e4n muuta kuin Jumala. En tehnyt t\u00e4t\u00e4 halusta vaan pakosta. Is\u00e4ni<\/p>\n\n\n\n<p>on kuollut.<\/p>\n\n\n\n<p>Noorian pakotetusta tunnustuksesta kuvattu video on levinnyt laajasti sosiaalisessa mediassa ja her\u00e4tt\u00e4nyt runsaasti reaktioita eri alustoilla.<\/p>\n\n\n\n<p>\u201dT\u00e4m\u00e4 kuva on huutava v\u00e4\u00e4ryys. Tytt\u00f6 on pakotettu piilottamaan itsens\u00e4 yli kolmen vuoden ajan ja tekem\u00e4\u00e4n t\u00f6it\u00e4 terroristisen ja naisvihamielisen Talibanin hallinnon alla. H\u00e4n joutui naamioitumaan pelastaakseen is\u00e4tt\u00f6m\u00e4n perheens\u00e4 n\u00e4lkiintymiselt\u00e4. Kielt\u00e4m\u00e4ll\u00e4 naisilta oikeuden koulutukseen, ty\u00f6h\u00f6n ja julkiseen el\u00e4m\u00e4\u00e4n Taliban on ty\u00f6nt\u00e4nyt heid\u00e4t varjoihin ja riist\u00e4nyt heilt\u00e4 mahdollisuuden el\u00e4\u00e4 arvokasta el\u00e4m\u00e4\u00e4\u201d, Alankomaissa asuva naisasia-aktivisti Gulchera Yaftali kirjoitti jakaessaan Noorian kuvan omalla tilill\u00e4\u00e4n.<\/p>\n\n\n\n<h3 class=\"wp-block-heading\"><strong>Ilmi\u00f6 ei ole uusi<\/strong><strong><\/strong><\/h3>\n\n\n\n<p>Noorian tapaus ei ole ensimm\u00e4inen laatuaan Afganistanissa. Jo Talibanin edellisen valtakauden aikana monet is\u00e4tt\u00f6m\u00e4t perheet pukivat tytt\u00e4rens\u00e4 pojiksi, jotta n\u00e4m\u00e4 voisivat liikkua kodin ulkopuolella turvallisesti ja jotta perhe saisi miespuolisen suojelijan. Usein taustalla oli my\u00f6s tarve tehd\u00e4 t\u00f6it\u00e4 perheen el\u00e4tt\u00e4miseksi. Nykyisenk\u00e4\u00e4n Taliban-hallinnon aikana Nooria ei ole ainoa tytt\u00f6, joka on pakotettu valeasuun selviyty\u00e4kseen.<\/p>\n\n\n\n<p>Yrityksist\u00e4ni huolimatta en onnistunut haastattelemaan Noorian sukulaisia tai tuttavia. Talibanin hallintoon liittyviss\u00e4 tapauksissa ihmiset ovat usein liian peloissaan puhuakseen eiv\u00e4tk\u00e4 halua vaarantaa omaa tilannettaan kertomalla asioista medialle.<\/p>\n\n\n\n<p>Onnistuin kuitenkin keskustelemaan Noorullahin (nimi muutettu) kanssa. H\u00e4n on kotoisin Ghorin maakunnasta.<\/p>\n\n\n\n<p>\u201dSen j\u00e4lkeen kun Noorian \u00e4iti menetti miehens\u00e4, h\u00e4n l\u00e4hti Nad Alin kyl\u00e4st\u00e4 tytt\u00e4riens\u00e4 kanssa ja tuli Ghoriin. T\u00e4\u00e4ll\u00e4 kukaan ei tuntenut heit\u00e4 hyvin. Koska perheell\u00e4 ei ollut miespuolista huoltajaa, \u00e4iti puki tytt\u00e4rens\u00e4 pojaksi ja l\u00e4hetti h\u00e4net t\u00f6ihin torille. Aluksi h\u00e4n ty\u00f6skenteli maitokaupassa ja my\u00f6hemmin Hikmatullahin ravintolassa. Hikmatullah oli hyv\u00e4 mies. H\u00e4n vei Noorian iltaisin kotiin moottoripy\u00f6r\u00e4ll\u00e4\u00e4n. Aina kun h\u00e4n vei omat lapsensa kouluun, h\u00e4n antoi Noorialle kyydin ravintolaan\u201d, Noorullah kertoo.<\/p>\n\n\n\n<p>Media yritt\u00e4\u00e4 toistuvasti kysy\u00e4 hallinnon n\u00e4kemyksi\u00e4, mutta j\u00e4\u00e4 usein ilman vastauksia. Taliban ei juuri kommentoi, etenk\u00e4\u00e4n naisiin liittyvi\u00e4 tapauksia.&nbsp;<\/p>\n\n\n\n<p>Videon lopussa Nooria kertoo, ettei ravintolan omistaja Hikmatullah tiennyt h\u00e4nen olevan tytt\u00f6. Hikmatullahin kohtalosta ei ole tietoa, eik\u00e4 ole selv\u00e4\u00e4, mit\u00e4 Taliban on tehnyt h\u00e4nelle.<\/p>\n\n\n\n<p>My\u00f6sk\u00e4\u00e4n Noorian tilanteesta ei ole tietoa videon julkaisun j\u00e4lkeen. Kukaan ei tied\u00e4, miss\u00e4 kunnossa h\u00e4n on kuulustelun j\u00e4lkeen. Monet ihmisoikeusaktivistit ja sosiaalisen median k\u00e4ytt\u00e4j\u00e4t uskovat, ett\u00e4 Taliban on pakottanut h\u00e4net avioliittoon. Niin tehtiin useille tyt\u00f6ille edellisen valtakauden aikana.<\/p>\n\n\n\n<p>Kuulustelu on her\u00e4tt\u00e4nyt laajaa tuomiota. Sit\u00e4 ovat arvostelleet muun muassa Talibanin kriitikot, feministiaktivistit, entiset virkamiehet, ihmisoikeusaktivistit ja sosiaalisen median k\u00e4ytt\u00e4j\u00e4t. He muistuttavat, ett\u00e4 Taliban k\u00e4ytti aiemmin naisten vaatteita naamioitumiseen terrori-iskuissa. Nyt, kun tytt\u00f6 pukeutuu pojaksi el\u00e4tt\u00e4\u00e4kseen perheens\u00e4 Talibanin rajoitusten pakottamana, h\u00e4nt\u00e4 kohdellaan tavalla, jota on mahdotonta hyv\u00e4ksy\u00e4.<\/p>\n\n\n\n<p>(Inter Press Service\/Learning Together)<\/p>\n\n\n\n<p>Artikkelin on tuottanut Learning Together -verkosto. Verkoston suomalaiset naistoimittajat ovat kouluttaneet afgaaninaistoimittajia vapaaehtoisty\u00f6n\u00e4 vuodesta 2009. Kirjoittajat ovat Afganistanissa asuvia, Suomen tuella koulutettuja naistoimittajia, joiden henkil\u00f6llisyys salataan turvallisuussyist\u00e4, samoin haastateltavien oikeat nimet.<\/p>\n","protected":false},"excerpt":{"rendered":"<p>Nooria pukeutui vuosien ajan pojaksi voidakseen ty\u00f6skennell\u00e4 ja el\u00e4tt\u00e4\u00e4 perheens\u00e4. Lopulta Taliban otti h\u00e4net kiinni. Sosiaalisessa mediassa levinnyt kuulusteluvideo n\u00e4ytt\u00e4\u00e4, miten lasta kohdellaan rikollisena. Ghor, Afganistan 28.2.2026 (IPS) Nooria on 13-vuotias tytt\u00f6, joka el\u00e4\u00e4 k\u00f6yhyydess\u00e4 Afganistanissa. H\u00e4nen perheess\u00e4\u00e4n ei ole&hellip; <a href=\"http:\/\/ipsnews.net\/suomi\/2026\/04\/28\/13-vuotias-nooria-naamioitui-pojaksi-ruokkiakseen-perheensa-talibanin-vallan-alla\/\" class=\"more-link\">Continue Reading <span class=\"meta-nav\">&rarr;<\/span><\/a><\/p>\n","protected":false},"author":1359,"featured_media":15539,"comment_status":"closed","ping_status":"open","sticky":false,"template":"","format":"standard","meta":{"footnotes":""},"categories":[12,1668,11,1669],"tags":[],"coauthors":[1682],"class_list":["post-15538","post","type-post","status-publish","format-standard","has-post-thumbnail","hentry","category-aasia-ja-tyynimeri","category-feminismi","category-ihmisoikeudet","category-naisten-oikeudet"],"yoast_head":"<!-- This site is optimized with the Yoast SEO plugin v24.8.1 - https:\/\/yoast.com\/wordpress\/plugins\/seo\/ -->\n<title>13-vuotias Nooria naamioitui pojaksi ruokkiakseen perheens\u00e4 Talibanin vallan alla - INTER PRESS SERVICE<\/title>\n<meta name=\"robots\" content=\"index, follow, max-snippet:-1, max-image-preview:large, max-video-preview:-1\" \/>\n<link rel=\"canonical\" href=\"https:\/\/ipsnews.net\/suomi\/2026\/04\/28\/13-vuotias-nooria-naamioitui-pojaksi-ruokkiakseen-perheensa-talibanin-vallan-alla\/\" \/>\n<meta property=\"og:locale\" content=\"en_US\" \/>\n<meta property=\"og:type\" content=\"article\" \/>\n<meta property=\"og:title\" content=\"13-vuotias Nooria naamioitui pojaksi ruokkiakseen perheens\u00e4 Talibanin vallan alla - INTER PRESS SERVICE\" \/>\n<meta property=\"og:description\" content=\"Nooria pukeutui vuosien ajan pojaksi voidakseen ty\u00f6skennell\u00e4 ja el\u00e4tt\u00e4\u00e4 perheens\u00e4. Lopulta Taliban otti h\u00e4net kiinni. Sosiaalisessa mediassa levinnyt kuulusteluvideo n\u00e4ytt\u00e4\u00e4, miten lasta kohdellaan rikollisena. Ghor, Afganistan 28.2.2026 (IPS) Nooria on 13-vuotias tytt\u00f6, joka el\u00e4\u00e4 k\u00f6yhyydess\u00e4 Afganistanissa. H\u00e4nen perheess\u00e4\u00e4n ei ole&hellip; Continue Reading &rarr;\" \/>\n<meta property=\"og:url\" content=\"https:\/\/ipsnews.net\/suomi\/2026\/04\/28\/13-vuotias-nooria-naamioitui-pojaksi-ruokkiakseen-perheensa-talibanin-vallan-alla\/\" \/>\n<meta property=\"og:site_name\" content=\"INTER PRESS SERVICE\" \/>\n<meta property=\"article:published_time\" content=\"2026-04-28T12:39:38+00:00\" \/>\n<meta property=\"article:modified_time\" content=\"2026-04-28T12:39:39+00:00\" \/>\n<meta property=\"og:image\" content=\"http:\/\/ipsnews.net\/suomi\/wp-content\/uploads\/2026\/04\/Nooria-screenshot-from-the-video.png\" \/>\n\t<meta property=\"og:image:width\" content=\"1612\" \/>\n\t<meta property=\"og:image:height\" content=\"938\" \/>\n\t<meta property=\"og:image:type\" content=\"image\/png\" \/>\n<meta name=\"author\" content=\"Learning Together\" \/>\n<meta name=\"twitter:card\" content=\"summary_large_image\" \/>\n<meta name=\"twitter:label1\" content=\"Written by\" \/>\n\t<meta name=\"twitter:data1\" content=\"Learning Together\" \/>\n\t<meta name=\"twitter:label2\" content=\"Est. reading time\" \/>\n\t<meta name=\"twitter:data2\" content=\"5 minutes\" \/>\n<script type=\"application\/ld+json\" class=\"yoast-schema-graph\">{\"@context\":\"https:\/\/schema.org\",\"@graph\":[{\"@type\":\"WebPage\",\"@id\":\"https:\/\/ipsnews.net\/suomi\/2026\/04\/28\/13-vuotias-nooria-naamioitui-pojaksi-ruokkiakseen-perheensa-talibanin-vallan-alla\/\",\"url\":\"https:\/\/ipsnews.net\/suomi\/2026\/04\/28\/13-vuotias-nooria-naamioitui-pojaksi-ruokkiakseen-perheensa-talibanin-vallan-alla\/\",\"name\":\"13-vuotias Nooria naamioitui pojaksi ruokkiakseen perheens\u00e4 Talibanin vallan alla - INTER PRESS SERVICE\",\"isPartOf\":{\"@id\":\"https:\/\/ipsnews.net\/suomi\/#website\"},\"primaryImageOfPage\":{\"@id\":\"https:\/\/ipsnews.net\/suomi\/2026\/04\/28\/13-vuotias-nooria-naamioitui-pojaksi-ruokkiakseen-perheensa-talibanin-vallan-alla\/#primaryimage\"},\"image\":{\"@id\":\"https:\/\/ipsnews.net\/suomi\/2026\/04\/28\/13-vuotias-nooria-naamioitui-pojaksi-ruokkiakseen-perheensa-talibanin-vallan-alla\/#primaryimage\"},\"thumbnailUrl\":\"http:\/\/ipsnews.net\/suomi\/wp-content\/uploads\/2026\/04\/Nooria-screenshot-from-the-video.png\",\"datePublished\":\"2026-04-28T12:39:38+00:00\",\"dateModified\":\"2026-04-28T12:39:39+00:00\",\"author\":{\"@id\":\"https:\/\/ipsnews.net\/suomi\/#\/schema\/person\/59f832c1d660af63b2eea0e93a30a1d2\"},\"breadcrumb\":{\"@id\":\"https:\/\/ipsnews.net\/suomi\/2026\/04\/28\/13-vuotias-nooria-naamioitui-pojaksi-ruokkiakseen-perheensa-talibanin-vallan-alla\/#breadcrumb\"},\"inLanguage\":\"en-US\",\"potentialAction\":[{\"@type\":\"ReadAction\",\"target\":[\"https:\/\/ipsnews.net\/suomi\/2026\/04\/28\/13-vuotias-nooria-naamioitui-pojaksi-ruokkiakseen-perheensa-talibanin-vallan-alla\/\"]}]},{\"@type\":\"ImageObject\",\"inLanguage\":\"en-US\",\"@id\":\"https:\/\/ipsnews.net\/suomi\/2026\/04\/28\/13-vuotias-nooria-naamioitui-pojaksi-ruokkiakseen-perheensa-talibanin-vallan-alla\/#primaryimage\",\"url\":\"http:\/\/ipsnews.net\/suomi\/wp-content\/uploads\/2026\/04\/Nooria-screenshot-from-the-video.png\",\"contentUrl\":\"http:\/\/ipsnews.net\/suomi\/wp-content\/uploads\/2026\/04\/Nooria-screenshot-from-the-video.png\",\"width\":1612,\"height\":938,\"caption\":\"Kuvateksti: Kuvakaappaus kuulusteluvideosta, jossa n\u00e4kyy 13-vuotias Nooria. Kuva: Learning Together\"},{\"@type\":\"BreadcrumbList\",\"@id\":\"https:\/\/ipsnews.net\/suomi\/2026\/04\/28\/13-vuotias-nooria-naamioitui-pojaksi-ruokkiakseen-perheensa-talibanin-vallan-alla\/#breadcrumb\",\"itemListElement\":[{\"@type\":\"ListItem\",\"position\":1,\"name\":\"Home\",\"item\":\"https:\/\/ipsnews.net\/suomi\/\"},{\"@type\":\"ListItem\",\"position\":2,\"name\":\"13-vuotias Nooria naamioitui pojaksi ruokkiakseen perheens\u00e4 Talibanin vallan alla\"}]},{\"@type\":\"WebSite\",\"@id\":\"https:\/\/ipsnews.net\/suomi\/#website\",\"url\":\"https:\/\/ipsnews.net\/suomi\/\",\"name\":\"INTER PRESS SERVICE\",\"description\":\"Uutistoimisto\",\"potentialAction\":[{\"@type\":\"SearchAction\",\"target\":{\"@type\":\"EntryPoint\",\"urlTemplate\":\"https:\/\/ipsnews.net\/suomi\/?s={search_term_string}\"},\"query-input\":{\"@type\":\"PropertyValueSpecification\",\"valueRequired\":true,\"valueName\":\"search_term_string\"}}],\"inLanguage\":\"en-US\"},{\"@type\":\"Person\",\"@id\":\"https:\/\/ipsnews.net\/suomi\/#\/schema\/person\/59f832c1d660af63b2eea0e93a30a1d2\",\"name\":\"Suomi Finland\",\"image\":{\"@type\":\"ImageObject\",\"inLanguage\":\"en-US\",\"@id\":\"https:\/\/ipsnews.net\/suomi\/#\/schema\/person\/image\/45fb3c2f6289a25f892eb9cf3eb00760\",\"url\":\"https:\/\/secure.gravatar.com\/avatar\/de0e0dca59616ea2dc28dda2e39a46020d482ef7ea3960233fd537e7d981194b?s=96&d=mm&r=g\",\"contentUrl\":\"https:\/\/secure.gravatar.com\/avatar\/de0e0dca59616ea2dc28dda2e39a46020d482ef7ea3960233fd537e7d981194b?s=96&d=mm&r=g\",\"caption\":\"Suomi Finland\"},\"url\":\"http:\/\/ipsnews.net\/suomi\/author\/suomi\/\"}]}<\/script>\n<!-- \/ Yoast SEO plugin. -->","yoast_head_json":{"title":"13-vuotias Nooria naamioitui pojaksi ruokkiakseen perheens\u00e4 Talibanin vallan alla - INTER PRESS SERVICE","robots":{"index":"index","follow":"follow","max-snippet":"max-snippet:-1","max-image-preview":"max-image-preview:large","max-video-preview":"max-video-preview:-1"},"canonical":"https:\/\/ipsnews.net\/suomi\/2026\/04\/28\/13-vuotias-nooria-naamioitui-pojaksi-ruokkiakseen-perheensa-talibanin-vallan-alla\/","og_locale":"en_US","og_type":"article","og_title":"13-vuotias Nooria naamioitui pojaksi ruokkiakseen perheens\u00e4 Talibanin vallan alla - INTER PRESS SERVICE","og_description":"Nooria pukeutui vuosien ajan pojaksi voidakseen ty\u00f6skennell\u00e4 ja el\u00e4tt\u00e4\u00e4 perheens\u00e4. Lopulta Taliban otti h\u00e4net kiinni. Sosiaalisessa mediassa levinnyt kuulusteluvideo n\u00e4ytt\u00e4\u00e4, miten lasta kohdellaan rikollisena. Ghor, Afganistan 28.2.2026 (IPS) Nooria on 13-vuotias tytt\u00f6, joka el\u00e4\u00e4 k\u00f6yhyydess\u00e4 Afganistanissa. H\u00e4nen perheess\u00e4\u00e4n ei ole&hellip; Continue Reading &rarr;","og_url":"https:\/\/ipsnews.net\/suomi\/2026\/04\/28\/13-vuotias-nooria-naamioitui-pojaksi-ruokkiakseen-perheensa-talibanin-vallan-alla\/","og_site_name":"INTER PRESS SERVICE","article_published_time":"2026-04-28T12:39:38+00:00","article_modified_time":"2026-04-28T12:39:39+00:00","og_image":[{"width":1612,"height":938,"url":"http:\/\/ipsnews.net\/suomi\/wp-content\/uploads\/2026\/04\/Nooria-screenshot-from-the-video.png","type":"image\/png"}],"author":"Learning Together","twitter_card":"summary_large_image","twitter_misc":{"Written by":"Learning Together","Est. reading time":"5 minutes"},"schema":{"@context":"https:\/\/schema.org","@graph":[{"@type":"WebPage","@id":"https:\/\/ipsnews.net\/suomi\/2026\/04\/28\/13-vuotias-nooria-naamioitui-pojaksi-ruokkiakseen-perheensa-talibanin-vallan-alla\/","url":"https:\/\/ipsnews.net\/suomi\/2026\/04\/28\/13-vuotias-nooria-naamioitui-pojaksi-ruokkiakseen-perheensa-talibanin-vallan-alla\/","name":"13-vuotias Nooria naamioitui pojaksi ruokkiakseen perheens\u00e4 Talibanin vallan alla - INTER PRESS SERVICE","isPartOf":{"@id":"https:\/\/ipsnews.net\/suomi\/#website"},"primaryImageOfPage":{"@id":"https:\/\/ipsnews.net\/suomi\/2026\/04\/28\/13-vuotias-nooria-naamioitui-pojaksi-ruokkiakseen-perheensa-talibanin-vallan-alla\/#primaryimage"},"image":{"@id":"https:\/\/ipsnews.net\/suomi\/2026\/04\/28\/13-vuotias-nooria-naamioitui-pojaksi-ruokkiakseen-perheensa-talibanin-vallan-alla\/#primaryimage"},"thumbnailUrl":"http:\/\/ipsnews.net\/suomi\/wp-content\/uploads\/2026\/04\/Nooria-screenshot-from-the-video.png","datePublished":"2026-04-28T12:39:38+00:00","dateModified":"2026-04-28T12:39:39+00:00","author":{"@id":"https:\/\/ipsnews.net\/suomi\/#\/schema\/person\/59f832c1d660af63b2eea0e93a30a1d2"},"breadcrumb":{"@id":"https:\/\/ipsnews.net\/suomi\/2026\/04\/28\/13-vuotias-nooria-naamioitui-pojaksi-ruokkiakseen-perheensa-talibanin-vallan-alla\/#breadcrumb"},"inLanguage":"en-US","potentialAction":[{"@type":"ReadAction","target":["https:\/\/ipsnews.net\/suomi\/2026\/04\/28\/13-vuotias-nooria-naamioitui-pojaksi-ruokkiakseen-perheensa-talibanin-vallan-alla\/"]}]},{"@type":"ImageObject","inLanguage":"en-US","@id":"https:\/\/ipsnews.net\/suomi\/2026\/04\/28\/13-vuotias-nooria-naamioitui-pojaksi-ruokkiakseen-perheensa-talibanin-vallan-alla\/#primaryimage","url":"http:\/\/ipsnews.net\/suomi\/wp-content\/uploads\/2026\/04\/Nooria-screenshot-from-the-video.png","contentUrl":"http:\/\/ipsnews.net\/suomi\/wp-content\/uploads\/2026\/04\/Nooria-screenshot-from-the-video.png","width":1612,"height":938,"caption":"Kuvateksti: Kuvakaappaus kuulusteluvideosta, jossa n\u00e4kyy 13-vuotias Nooria. Kuva: Learning Together"},{"@type":"BreadcrumbList","@id":"https:\/\/ipsnews.net\/suomi\/2026\/04\/28\/13-vuotias-nooria-naamioitui-pojaksi-ruokkiakseen-perheensa-talibanin-vallan-alla\/#breadcrumb","itemListElement":[{"@type":"ListItem","position":1,"name":"Home","item":"https:\/\/ipsnews.net\/suomi\/"},{"@type":"ListItem","position":2,"name":"13-vuotias Nooria naamioitui pojaksi ruokkiakseen perheens\u00e4 Talibanin vallan alla"}]},{"@type":"WebSite","@id":"https:\/\/ipsnews.net\/suomi\/#website","url":"https:\/\/ipsnews.net\/suomi\/","name":"INTER PRESS SERVICE","description":"Uutistoimisto","potentialAction":[{"@type":"SearchAction","target":{"@type":"EntryPoint","urlTemplate":"https:\/\/ipsnews.net\/suomi\/?s={search_term_string}"},"query-input":{"@type":"PropertyValueSpecification","valueRequired":true,"valueName":"search_term_string"}}],"inLanguage":"en-US"},{"@type":"Person","@id":"https:\/\/ipsnews.net\/suomi\/#\/schema\/person\/59f832c1d660af63b2eea0e93a30a1d2","name":"Suomi Finland","image":{"@type":"ImageObject","inLanguage":"en-US","@id":"https:\/\/ipsnews.net\/suomi\/#\/schema\/person\/image\/45fb3c2f6289a25f892eb9cf3eb00760","url":"https:\/\/secure.gravatar.com\/avatar\/de0e0dca59616ea2dc28dda2e39a46020d482ef7ea3960233fd537e7d981194b?s=96&d=mm&r=g","contentUrl":"https:\/\/secure.gravatar.com\/avatar\/de0e0dca59616ea2dc28dda2e39a46020d482ef7ea3960233fd537e7d981194b?s=96&d=mm&r=g","caption":"Suomi Finland"},"url":"http:\/\/ipsnews.net\/suomi\/author\/suomi\/"}]}},"_links":{"self":[{"href":"http:\/\/ipsnews.net\/suomi\/wp-json\/wp\/v2\/posts\/15538","targetHints":{"allow":["GET"]}}],"collection":[{"href":"http:\/\/ipsnews.net\/suomi\/wp-json\/wp\/v2\/posts"}],"about":[{"href":"http:\/\/ipsnews.net\/suomi\/wp-json\/wp\/v2\/types\/post"}],"author":[{"embeddable":true,"href":"http:\/\/ipsnews.net\/suomi\/wp-json\/wp\/v2\/users\/1359"}],"replies":[{"embeddable":true,"href":"http:\/\/ipsnews.net\/suomi\/wp-json\/wp\/v2\/comments?post=15538"}],"version-history":[{"count":1,"href":"http:\/\/ipsnews.net\/suomi\/wp-json\/wp\/v2\/posts\/15538\/revisions"}],"predecessor-version":[{"id":15540,"href":"http:\/\/ipsnews.net\/suomi\/wp-json\/wp\/v2\/posts\/15538\/revisions\/15540"}],"wp:featuredmedia":[{"embeddable":true,"href":"http:\/\/ipsnews.net\/suomi\/wp-json\/wp\/v2\/media\/15539"}],"wp:attachment":[{"href":"http:\/\/ipsnews.net\/suomi\/wp-json\/wp\/v2\/media?parent=15538"}],"wp:term":[{"taxonomy":"category","embeddable":true,"href":"http:\/\/ipsnews.net\/suomi\/wp-json\/wp\/v2\/categories?post=15538"},{"taxonomy":"post_tag","embeddable":true,"href":"http:\/\/ipsnews.net\/suomi\/wp-json\/wp\/v2\/tags?post=15538"},{"taxonomy":"author","embeddable":true,"href":"http:\/\/ipsnews.net\/suomi\/wp-json\/wp\/v2\/coauthors?post=15538"}],"curies":[{"name":"wp","href":"https:\/\/api.w.org\/{rel}","templated":true}]}}