{"id":15535,"date":"2026-04-28T10:56:43","date_gmt":"2026-04-28T10:56:43","guid":{"rendered":"https:\/\/ipsnews.net\/suomi\/?p=15535"},"modified":"2026-04-28T10:56:44","modified_gmt":"2026-04-28T10:56:44","slug":"kuuba-hollentaa-maataloustuotteiden-kauppaa-ruokapulan-keskella","status":"publish","type":"post","link":"http:\/\/ipsnews.net\/suomi\/2026\/04\/28\/kuuba-hollentaa-maataloustuotteiden-kauppaa-ruokapulan-keskella\/","title":{"rendered":"Kuuba h\u00f6llent\u00e4\u00e4 maataloustuotteiden kauppaa ruokapulan keskell\u00e4"},"content":{"rendered":"\n<p><em>Kuuba avaa maataloustuotteiden jakelua yksityisille yrityksille ja tuottajille. Tavoitteena on lis\u00e4t\u00e4 kotimaista ruoantuotantoa maassa, joka joutuu tuomaan yli 80 prosenttia elintarvikkeistaan ulkomailta.<\/em><\/p>\n\n\n\n<p>Havanna, Kuuba 28.4.2026 (IPS)\u00a0Kuuba h\u00f6llent\u00e4\u00e4 maa- ja mets\u00e4taloustuotteiden myynti\u00e4 ja jakelua vauhdittaakseen kotimaista tuotantoa. Samalla tavoitteena on v\u00e4hent\u00e4\u00e4 valtion m\u00e4\u00e4r\u00e4ysvaltaa elintarvikkeiden jakelussa ja lis\u00e4t\u00e4 yksityisen sektorin roolia.<\/p>\n\n\n\n<p>K\u00e4yt\u00e4nn\u00f6ss\u00e4 uusi s\u00e4\u00e4d\u00f6s antaa mikro-, pien- ja keskisuurille yrityksille, osuuskunnille, yksityisyritt\u00e4jille ja maanomistajille oikeuden osallistua maataloustuotteiden jakeluun ja myyntiin.<\/p>\n\n\n\n<p>Yksityiset toimijat voivat nyt p\u00e4\u00e4st\u00e4 tukku- ja v\u00e4hitt\u00e4ismarkkinoille ilman valtiollisen Acopio-yhti\u00f6n v\u00e4lik\u00e4si\u00e4. Acopio on t\u00e4h\u00e4n asti hallinnut suurta osaa maataloustuotteiden keruusta ja jakelusta.<\/p>\n\n\n\n<p>Muutos on osa viime kuukausien toimia, joilla Kuuban kiristyv\u00e4\u00e4 tilannetta yritet\u00e4\u00e4n helpottaa. Helmikuussa hallitus salli esimerkiksi yksityisten yritysten perustaa vanhusten ja vammaisten hoivapalveluja.<\/p>\n\n\n\n<p>Kuubassa on kuusi miljoonaa hehtaaria maatalousmaata, josta 79 prosenttia on valtion omistuksessa, 13 prosenttia yksityisess\u00e4 omistuksessa ja seitsem\u00e4n prosenttia osuuskunnilla. Maatalouden tuottavuus on kuitenkin heikentynyt jatkuvasti. Yli 80 prosenttia Kuuban elintarvikkeista tulee ulkomailta.<\/p>\n\n\n\n<p>Havannalainen pienyritt\u00e4j\u00e4 Ricardo D\u00edaz ei ole viel\u00e4 varma, hy\u00f6dytt\u00e4\u00e4k\u00f6 muutos h\u00e4nen liiketoimintaansa. H\u00e4n myy liikkeess\u00e4\u00e4n enimm\u00e4kseen tuontiruokaa ja juomia.&nbsp;<\/p>\n\n\n\n<p>\u201dEhk\u00e4 voisin myyd\u00e4 tuoreita hedelmi\u00e4 myyntipisteess\u00e4ni tai sijoittaa uuteen liikkeeseen, jossa olisi pelk\u00e4st\u00e4\u00e4n maataloustuotteita\u201d, h\u00e4n sanoo.<\/p>\n\n\n\n<h3 class=\"wp-block-heading\"><strong>Viljelij\u00e4t ovat vaatineet Acopion vallan purkamista<\/strong><\/h3>\n\n\n\n<p>Aiempi, vuonna 2021 annettu s\u00e4\u00e4d\u00f6s asetti valtion hankintayksik\u00f6t tukkukaupan keskeisiksi toimijoiksi ja piti k\u00e4yt\u00e4nn\u00f6ss\u00e4 yll\u00e4 valtionyhti\u00f6n vahvaa asemaa.<\/p>\n\n\n\n<p>Uuden s\u00e4\u00e4d\u00f6ksen mukaan valtion hankintayksik\u00f6t vastaanottavat maatalous- ja mets\u00e4tuotteita tuottajilta vain silloin, jos n\u00e4m\u00e4 eiv\u00e4t ole itse sopineet tuotteilleen lopullista ostajaa.<\/p>\n\n\n\n<p>Teoriassa vanha malli murtuu. Yksityisest\u00e4 sektorista tulee valtionyhti\u00f6n kilpailija, ja pitk\u00e4\u00e4n tehottomana pidettyyn jakeluketjuun syntyy uusi vaihtoehto.<\/p>\n\n\n\n<p>\u201dOn todella raskasta kuulla, ettei lapsille ole hedelm\u00e4sosetta, kun tied\u00e4mme, ett\u00e4 t\u00e4\u00e4ll\u00e4 osuuskunnassa menet\u00e4mme joskus 80 prosenttia mangosadosta\u201d, sanoo Emilio Interi\u00e1n, havannalaisen Sabino Pupo Mili\u00e1n -osuuskunnan puheenjohtaja.<\/p>\n\n\n\n<p>Osuuskunnalla on pitk\u00e4 perinne hedelmien ja karjan tuotannossa. Interi\u00e1nin mukaan valtion jalostuslaitoksilla ei usein ole tarvittavia v\u00e4lineit\u00e4 sadon k\u00e4sittelyyn. Vaikka osuuskunnan mangotuotannon tavoite on noin 100 tonnia vuodessa, valtionyhti\u00f6 ostaa siit\u00e4 vain osan.&nbsp;<\/p>\n\n\n\n<p>Vuonna 2025 se osti 50 tonnia, ja loput myytiin l\u00e4hialueilla tai j\u00e4iv\u00e4t pilaantumaan.<\/p>\n\n\n\n<p>My\u00f6s sadon nouto ja maksut ovat usein viiv\u00e4styneet kuukausia.<\/p>\n\n\n\n<p>\u201dMangon ostamiseen ei ole vakaata j\u00e4rjestelm\u00e4\u00e4\u201d, Interi\u00e1n sanoo.<\/p>\n\n\n\n<h3 class=\"wp-block-heading\"><strong>Keskitetty j\u00e4rjestelm\u00e4 pahentaa ruokapulaa<\/strong><\/h3>\n\n\n\n<p>Taloustieteilij\u00e4 Pedro Monreal arvioi viestipalvelu X:ss\u00e4, ett\u00e4 Acopion tehottomuus on lopulta pakottanut viranomaiset sallimaan kilpailun muiden toimijoiden kanssa.<\/p>\n\n\n\n<p>H\u00e4nen mukaansa kilpailu ei kuitenkaan k\u00e4ynnisty tasavertaisista l\u00e4ht\u00f6kohdista. Acopiolla on edelleen etunaan laaja alueellinen verkosto: ker\u00e4yspisteit\u00e4, markkinoita, myyntipisteit\u00e4, tukkuvarastoja ja jakelukeskuksia.<\/p>\n\n\n\n<p>Silti Acopion yksinvallan purkaminen on ollut kuubalaisten viljelij\u00f6iden pitk\u00e4aikainen vaatimus. Tuottajat ovat halunneet p\u00e4\u00e4tt\u00e4\u00e4 itse, kenelle myyv\u00e4t tuotteensa ja miten ne kuljetetaan markkinoille.<\/p>\n\n\n\n<p>Acopion maksuviiveet ja muu tehottomuus ovat heikent\u00e4neet paitsi tuottajien taloutta my\u00f6s v\u00e4est\u00f6n peruselintarvikkeiden saatavuutta.<\/p>\n\n\n\n<p>Tilannetta on pahentanut Yhdysvaltojen \u00f6ljysaarron aiheuttama polttoainepula. Valtion kuljetusverkot ovat k\u00e4rsineet, ja osa jakeluteht\u00e4vist\u00e4 n\u00e4ytt\u00e4\u00e4 siirtyv\u00e4n yksityisille toimijoille, joilla on mahdollisuus tuoda polttoainetta.<\/p>\n\n\n\n<h3 class=\"wp-block-heading\"><strong>Hinnat siirtyv\u00e4t neuvottelup\u00f6ytiin<\/strong><\/h3>\n\n\n\n<p>Kuubalaisille uusi s\u00e4\u00e4d\u00f6s voi tarkoittaa parempaa ruoan saatavuutta. Jakelua hajautetaan, kun maakunta- ja kuntatasolle perustetaan sopimuskomiteoita. Niit\u00e4 johtavat kuvern\u00f6\u00f6rit ja kunnanjohtajat, ja mukana on my\u00f6s muita toimijoita, kuten yksityisi\u00e4 yritt\u00e4ji\u00e4 sek\u00e4 pankki- ja rahoitusalan edustajia.<\/p>\n\n\n\n<p>Komiteat ovat olleet olemassa jo vuodesta 2021, mutta niiden rooli j\u00e4i pitk\u00e4lti muodolliseksi, koska kaiken piti kulkea Acopion kautta. Nyt ne voivat m\u00e4\u00e4ritell\u00e4 muiden kuin keskitetysti hinnoiteltujen tuotteiden hinnat hyv\u00e4ksyttyjen myyntikatteiden puitteissa.<\/p>\n\n\n\n<p>Teoriassa kunnanjohtaja ja paikalliset tuottajat voivat nyt istua samaan neuvottelup\u00f6yt\u00e4\u00e4n ja sopia esimerkiksi tomaatin kilohinnasta tuotantokustannusten ja paikallisen tarjonnan perusteella. Vuoden 2021 s\u00e4\u00e4d\u00f6s ei antanut alueille n\u00e4in selke\u00e4\u00e4 p\u00e4\u00e4t\u00f6svaltaa.<\/p>\n\n\n\n<p>Monreal kuitenkin varoittaa, ett\u00e4 valtio s\u00e4ilytt\u00e4\u00e4 k\u00e4yt\u00e4nn\u00f6ss\u00e4 edelleen keskeisen vallan hintojen muodostamisessa. H\u00e4nen mukaansa t\u00e4m\u00e4 v\u00e4\u00e4rist\u00e4\u00e4 markkinoiden toimintaa.<\/p>\n\n\n\n<p>\u201dKun valtio m\u00e4\u00e4ritt\u00e4\u00e4 keskitetyt hinnat, sovitut hinnat ja enimm\u00e4ishinnat, tuottajilla on vain v\u00e4h\u00e4n neuvotteluvaraa. Hinnat j\u00e4\u00e4v\u00e4t usein mataliksi, eiv\u00e4t vastaa todellisia kustannuksia eiv\u00e4tk\u00e4 vapaata kysynt\u00e4\u00e4 ja tarjontaa, ja ne heikent\u00e4v\u00e4t kannustimia\u201d, Monreal kirjoittaa.<\/p>\n\n\n\n<p>(Inter Press Service)<\/p>\n","protected":false},"excerpt":{"rendered":"<p>Kuuba avaa maataloustuotteiden jakelua yksityisille yrityksille ja tuottajille. Tavoitteena on lis\u00e4t\u00e4 kotimaista ruoantuotantoa maassa, joka joutuu tuomaan yli 80 prosenttia elintarvikkeistaan ulkomailta. Havanna, Kuuba 28.4.2026 (IPS)\u00a0Kuuba h\u00f6llent\u00e4\u00e4 maa- ja mets\u00e4taloustuotteiden myynti\u00e4 ja jakelua vauhdittaakseen kotimaista tuotantoa. Samalla tavoitteena on v\u00e4hent\u00e4\u00e4&hellip; <a href=\"http:\/\/ipsnews.net\/suomi\/2026\/04\/28\/kuuba-hollentaa-maataloustuotteiden-kauppaa-ruokapulan-keskella\/\" class=\"more-link\">Continue Reading <span class=\"meta-nav\">&rarr;<\/span><\/a><\/p>\n","protected":false},"author":1597,"featured_media":15536,"comment_status":"closed","ping_status":"open","sticky":false,"template":"","format":"standard","meta":{"footnotes":""},"categories":[10,1388,9,1542,3,22],"tags":[],"coauthors":[1638],"class_list":["post-15535","post","type-post","status-publish","format-standard","has-post-thumbnail","hentry","category-karibia","category-maatalous","category-politiikka","category-ruoka","category-talous","category-vaesto"],"yoast_head":"<!-- This site is optimized with the Yoast SEO plugin v24.8.1 - https:\/\/yoast.com\/wordpress\/plugins\/seo\/ -->\n<title>Kuuba h\u00f6llent\u00e4\u00e4 maataloustuotteiden kauppaa ruokapulan keskell\u00e4 - INTER PRESS SERVICE<\/title>\n<meta name=\"robots\" content=\"index, follow, max-snippet:-1, max-image-preview:large, max-video-preview:-1\" \/>\n<link rel=\"canonical\" href=\"https:\/\/ipsnews.net\/suomi\/2026\/04\/28\/kuuba-hollentaa-maataloustuotteiden-kauppaa-ruokapulan-keskella\/\" \/>\n<meta property=\"og:locale\" content=\"en_US\" \/>\n<meta property=\"og:type\" content=\"article\" \/>\n<meta property=\"og:title\" content=\"Kuuba h\u00f6llent\u00e4\u00e4 maataloustuotteiden kauppaa ruokapulan keskell\u00e4 - INTER PRESS SERVICE\" \/>\n<meta property=\"og:description\" content=\"Kuuba avaa maataloustuotteiden jakelua yksityisille yrityksille ja tuottajille. Tavoitteena on lis\u00e4t\u00e4 kotimaista ruoantuotantoa maassa, joka joutuu tuomaan yli 80 prosenttia elintarvikkeistaan ulkomailta. Havanna, Kuuba 28.4.2026 (IPS)\u00a0Kuuba h\u00f6llent\u00e4\u00e4 maa- ja mets\u00e4taloustuotteiden myynti\u00e4 ja jakelua vauhdittaakseen kotimaista tuotantoa. Samalla tavoitteena on v\u00e4hent\u00e4\u00e4&hellip; Continue Reading &rarr;\" \/>\n<meta property=\"og:url\" content=\"https:\/\/ipsnews.net\/suomi\/2026\/04\/28\/kuuba-hollentaa-maataloustuotteiden-kauppaa-ruokapulan-keskella\/\" \/>\n<meta property=\"og:site_name\" content=\"INTER PRESS SERVICE\" \/>\n<meta property=\"article:published_time\" content=\"2026-04-28T10:56:43+00:00\" \/>\n<meta property=\"article:modified_time\" content=\"2026-04-28T10:56:44+00:00\" \/>\n<meta property=\"og:image\" content=\"http:\/\/ipsnews.net\/suomi\/wp-content\/uploads\/2026\/04\/55219211056_9610b571f9_z.jpg\" \/>\n\t<meta property=\"og:image:width\" content=\"640\" \/>\n\t<meta property=\"og:image:height\" content=\"360\" \/>\n\t<meta property=\"og:image:type\" content=\"image\/jpeg\" \/>\n<meta name=\"author\" content=\"Dariel Pradas\" \/>\n<meta name=\"twitter:card\" content=\"summary_large_image\" \/>\n<meta name=\"twitter:label1\" content=\"Written by\" \/>\n\t<meta name=\"twitter:data1\" content=\"Dariel Pradas\" \/>\n\t<meta name=\"twitter:label2\" content=\"Est. reading time\" \/>\n\t<meta name=\"twitter:data2\" content=\"3 minutes\" \/>\n<script type=\"application\/ld+json\" class=\"yoast-schema-graph\">{\"@context\":\"https:\/\/schema.org\",\"@graph\":[{\"@type\":\"WebPage\",\"@id\":\"https:\/\/ipsnews.net\/suomi\/2026\/04\/28\/kuuba-hollentaa-maataloustuotteiden-kauppaa-ruokapulan-keskella\/\",\"url\":\"https:\/\/ipsnews.net\/suomi\/2026\/04\/28\/kuuba-hollentaa-maataloustuotteiden-kauppaa-ruokapulan-keskella\/\",\"name\":\"Kuuba h\u00f6llent\u00e4\u00e4 maataloustuotteiden kauppaa ruokapulan keskell\u00e4 - INTER PRESS SERVICE\",\"isPartOf\":{\"@id\":\"https:\/\/ipsnews.net\/suomi\/#website\"},\"primaryImageOfPage\":{\"@id\":\"https:\/\/ipsnews.net\/suomi\/2026\/04\/28\/kuuba-hollentaa-maataloustuotteiden-kauppaa-ruokapulan-keskella\/#primaryimage\"},\"image\":{\"@id\":\"https:\/\/ipsnews.net\/suomi\/2026\/04\/28\/kuuba-hollentaa-maataloustuotteiden-kauppaa-ruokapulan-keskella\/#primaryimage\"},\"thumbnailUrl\":\"http:\/\/ipsnews.net\/suomi\/wp-content\/uploads\/2026\/04\/55219211056_9610b571f9_z.jpg\",\"datePublished\":\"2026-04-28T10:56:43+00:00\",\"dateModified\":\"2026-04-28T10:56:44+00:00\",\"author\":{\"@id\":\"https:\/\/ipsnews.net\/suomi\/#\/schema\/person\/5419225c52087f06bf1ac37b228d811a\"},\"breadcrumb\":{\"@id\":\"https:\/\/ipsnews.net\/suomi\/2026\/04\/28\/kuuba-hollentaa-maataloustuotteiden-kauppaa-ruokapulan-keskella\/#breadcrumb\"},\"inLanguage\":\"en-US\",\"potentialAction\":[{\"@type\":\"ReadAction\",\"target\":[\"https:\/\/ipsnews.net\/suomi\/2026\/04\/28\/kuuba-hollentaa-maataloustuotteiden-kauppaa-ruokapulan-keskella\/\"]}]},{\"@type\":\"ImageObject\",\"inLanguage\":\"en-US\",\"@id\":\"https:\/\/ipsnews.net\/suomi\/2026\/04\/28\/kuuba-hollentaa-maataloustuotteiden-kauppaa-ruokapulan-keskella\/#primaryimage\",\"url\":\"http:\/\/ipsnews.net\/suomi\/wp-content\/uploads\/2026\/04\/55219211056_9610b571f9_z.jpg\",\"contentUrl\":\"http:\/\/ipsnews.net\/suomi\/wp-content\/uploads\/2026\/04\/55219211056_9610b571f9_z.jpg\",\"width\":640,\"height\":360,\"caption\":\"Myyj\u00e4 odottaa asiakkaita yksityisell\u00e4 myyntipisteell\u00e4 Havannassa. Uusi s\u00e4\u00e4d\u00f6s joustavoittaa kuubalaisten maataloustuotteiden jakelua. Kuva: Jorge Luis Ba\u00f1os\/IPS\"},{\"@type\":\"BreadcrumbList\",\"@id\":\"https:\/\/ipsnews.net\/suomi\/2026\/04\/28\/kuuba-hollentaa-maataloustuotteiden-kauppaa-ruokapulan-keskella\/#breadcrumb\",\"itemListElement\":[{\"@type\":\"ListItem\",\"position\":1,\"name\":\"Home\",\"item\":\"https:\/\/ipsnews.net\/suomi\/\"},{\"@type\":\"ListItem\",\"position\":2,\"name\":\"Kuuba h\u00f6llent\u00e4\u00e4 maataloustuotteiden kauppaa ruokapulan keskell\u00e4\"}]},{\"@type\":\"WebSite\",\"@id\":\"https:\/\/ipsnews.net\/suomi\/#website\",\"url\":\"https:\/\/ipsnews.net\/suomi\/\",\"name\":\"INTER PRESS SERVICE\",\"description\":\"Uutistoimisto\",\"potentialAction\":[{\"@type\":\"SearchAction\",\"target\":{\"@type\":\"EntryPoint\",\"urlTemplate\":\"https:\/\/ipsnews.net\/suomi\/?s={search_term_string}\"},\"query-input\":{\"@type\":\"PropertyValueSpecification\",\"valueRequired\":true,\"valueName\":\"search_term_string\"}}],\"inLanguage\":\"en-US\"},{\"@type\":\"Person\",\"@id\":\"https:\/\/ipsnews.net\/suomi\/#\/schema\/person\/5419225c52087f06bf1ac37b228d811a\",\"name\":\"Dariel Pradas\",\"image\":{\"@type\":\"ImageObject\",\"inLanguage\":\"en-US\",\"@id\":\"https:\/\/ipsnews.net\/suomi\/#\/schema\/person\/image\/1e121a9f0e83dea2e8a5d66e8a1ec39e\",\"url\":\"https:\/\/secure.gravatar.com\/avatar\/328ab4f24fbad390de9f9e95d888acd6fcb5370884320d60e2b4b0afc8e6b912?s=96&d=mm&r=g\",\"contentUrl\":\"https:\/\/secure.gravatar.com\/avatar\/328ab4f24fbad390de9f9e95d888acd6fcb5370884320d60e2b4b0afc8e6b912?s=96&d=mm&r=g\",\"caption\":\"Dariel Pradas\"},\"url\":\"http:\/\/ipsnews.net\/suomi\/author\/dariel-pradas\/\"}]}<\/script>\n<!-- \/ Yoast SEO plugin. -->","yoast_head_json":{"title":"Kuuba h\u00f6llent\u00e4\u00e4 maataloustuotteiden kauppaa ruokapulan keskell\u00e4 - INTER PRESS SERVICE","robots":{"index":"index","follow":"follow","max-snippet":"max-snippet:-1","max-image-preview":"max-image-preview:large","max-video-preview":"max-video-preview:-1"},"canonical":"https:\/\/ipsnews.net\/suomi\/2026\/04\/28\/kuuba-hollentaa-maataloustuotteiden-kauppaa-ruokapulan-keskella\/","og_locale":"en_US","og_type":"article","og_title":"Kuuba h\u00f6llent\u00e4\u00e4 maataloustuotteiden kauppaa ruokapulan keskell\u00e4 - INTER PRESS SERVICE","og_description":"Kuuba avaa maataloustuotteiden jakelua yksityisille yrityksille ja tuottajille. Tavoitteena on lis\u00e4t\u00e4 kotimaista ruoantuotantoa maassa, joka joutuu tuomaan yli 80 prosenttia elintarvikkeistaan ulkomailta. Havanna, Kuuba 28.4.2026 (IPS)\u00a0Kuuba h\u00f6llent\u00e4\u00e4 maa- ja mets\u00e4taloustuotteiden myynti\u00e4 ja jakelua vauhdittaakseen kotimaista tuotantoa. Samalla tavoitteena on v\u00e4hent\u00e4\u00e4&hellip; Continue Reading &rarr;","og_url":"https:\/\/ipsnews.net\/suomi\/2026\/04\/28\/kuuba-hollentaa-maataloustuotteiden-kauppaa-ruokapulan-keskella\/","og_site_name":"INTER PRESS SERVICE","article_published_time":"2026-04-28T10:56:43+00:00","article_modified_time":"2026-04-28T10:56:44+00:00","og_image":[{"width":640,"height":360,"url":"http:\/\/ipsnews.net\/suomi\/wp-content\/uploads\/2026\/04\/55219211056_9610b571f9_z.jpg","type":"image\/jpeg"}],"author":"Dariel Pradas","twitter_card":"summary_large_image","twitter_misc":{"Written by":"Dariel Pradas","Est. reading time":"3 minutes"},"schema":{"@context":"https:\/\/schema.org","@graph":[{"@type":"WebPage","@id":"https:\/\/ipsnews.net\/suomi\/2026\/04\/28\/kuuba-hollentaa-maataloustuotteiden-kauppaa-ruokapulan-keskella\/","url":"https:\/\/ipsnews.net\/suomi\/2026\/04\/28\/kuuba-hollentaa-maataloustuotteiden-kauppaa-ruokapulan-keskella\/","name":"Kuuba h\u00f6llent\u00e4\u00e4 maataloustuotteiden kauppaa ruokapulan keskell\u00e4 - INTER PRESS SERVICE","isPartOf":{"@id":"https:\/\/ipsnews.net\/suomi\/#website"},"primaryImageOfPage":{"@id":"https:\/\/ipsnews.net\/suomi\/2026\/04\/28\/kuuba-hollentaa-maataloustuotteiden-kauppaa-ruokapulan-keskella\/#primaryimage"},"image":{"@id":"https:\/\/ipsnews.net\/suomi\/2026\/04\/28\/kuuba-hollentaa-maataloustuotteiden-kauppaa-ruokapulan-keskella\/#primaryimage"},"thumbnailUrl":"http:\/\/ipsnews.net\/suomi\/wp-content\/uploads\/2026\/04\/55219211056_9610b571f9_z.jpg","datePublished":"2026-04-28T10:56:43+00:00","dateModified":"2026-04-28T10:56:44+00:00","author":{"@id":"https:\/\/ipsnews.net\/suomi\/#\/schema\/person\/5419225c52087f06bf1ac37b228d811a"},"breadcrumb":{"@id":"https:\/\/ipsnews.net\/suomi\/2026\/04\/28\/kuuba-hollentaa-maataloustuotteiden-kauppaa-ruokapulan-keskella\/#breadcrumb"},"inLanguage":"en-US","potentialAction":[{"@type":"ReadAction","target":["https:\/\/ipsnews.net\/suomi\/2026\/04\/28\/kuuba-hollentaa-maataloustuotteiden-kauppaa-ruokapulan-keskella\/"]}]},{"@type":"ImageObject","inLanguage":"en-US","@id":"https:\/\/ipsnews.net\/suomi\/2026\/04\/28\/kuuba-hollentaa-maataloustuotteiden-kauppaa-ruokapulan-keskella\/#primaryimage","url":"http:\/\/ipsnews.net\/suomi\/wp-content\/uploads\/2026\/04\/55219211056_9610b571f9_z.jpg","contentUrl":"http:\/\/ipsnews.net\/suomi\/wp-content\/uploads\/2026\/04\/55219211056_9610b571f9_z.jpg","width":640,"height":360,"caption":"Myyj\u00e4 odottaa asiakkaita yksityisell\u00e4 myyntipisteell\u00e4 Havannassa. Uusi s\u00e4\u00e4d\u00f6s joustavoittaa kuubalaisten maataloustuotteiden jakelua. Kuva: Jorge Luis Ba\u00f1os\/IPS"},{"@type":"BreadcrumbList","@id":"https:\/\/ipsnews.net\/suomi\/2026\/04\/28\/kuuba-hollentaa-maataloustuotteiden-kauppaa-ruokapulan-keskella\/#breadcrumb","itemListElement":[{"@type":"ListItem","position":1,"name":"Home","item":"https:\/\/ipsnews.net\/suomi\/"},{"@type":"ListItem","position":2,"name":"Kuuba h\u00f6llent\u00e4\u00e4 maataloustuotteiden kauppaa ruokapulan keskell\u00e4"}]},{"@type":"WebSite","@id":"https:\/\/ipsnews.net\/suomi\/#website","url":"https:\/\/ipsnews.net\/suomi\/","name":"INTER PRESS SERVICE","description":"Uutistoimisto","potentialAction":[{"@type":"SearchAction","target":{"@type":"EntryPoint","urlTemplate":"https:\/\/ipsnews.net\/suomi\/?s={search_term_string}"},"query-input":{"@type":"PropertyValueSpecification","valueRequired":true,"valueName":"search_term_string"}}],"inLanguage":"en-US"},{"@type":"Person","@id":"https:\/\/ipsnews.net\/suomi\/#\/schema\/person\/5419225c52087f06bf1ac37b228d811a","name":"Dariel Pradas","image":{"@type":"ImageObject","inLanguage":"en-US","@id":"https:\/\/ipsnews.net\/suomi\/#\/schema\/person\/image\/1e121a9f0e83dea2e8a5d66e8a1ec39e","url":"https:\/\/secure.gravatar.com\/avatar\/328ab4f24fbad390de9f9e95d888acd6fcb5370884320d60e2b4b0afc8e6b912?s=96&d=mm&r=g","contentUrl":"https:\/\/secure.gravatar.com\/avatar\/328ab4f24fbad390de9f9e95d888acd6fcb5370884320d60e2b4b0afc8e6b912?s=96&d=mm&r=g","caption":"Dariel Pradas"},"url":"http:\/\/ipsnews.net\/suomi\/author\/dariel-pradas\/"}]}},"_links":{"self":[{"href":"http:\/\/ipsnews.net\/suomi\/wp-json\/wp\/v2\/posts\/15535","targetHints":{"allow":["GET"]}}],"collection":[{"href":"http:\/\/ipsnews.net\/suomi\/wp-json\/wp\/v2\/posts"}],"about":[{"href":"http:\/\/ipsnews.net\/suomi\/wp-json\/wp\/v2\/types\/post"}],"author":[{"embeddable":true,"href":"http:\/\/ipsnews.net\/suomi\/wp-json\/wp\/v2\/users\/1597"}],"replies":[{"embeddable":true,"href":"http:\/\/ipsnews.net\/suomi\/wp-json\/wp\/v2\/comments?post=15535"}],"version-history":[{"count":1,"href":"http:\/\/ipsnews.net\/suomi\/wp-json\/wp\/v2\/posts\/15535\/revisions"}],"predecessor-version":[{"id":15537,"href":"http:\/\/ipsnews.net\/suomi\/wp-json\/wp\/v2\/posts\/15535\/revisions\/15537"}],"wp:featuredmedia":[{"embeddable":true,"href":"http:\/\/ipsnews.net\/suomi\/wp-json\/wp\/v2\/media\/15536"}],"wp:attachment":[{"href":"http:\/\/ipsnews.net\/suomi\/wp-json\/wp\/v2\/media?parent=15535"}],"wp:term":[{"taxonomy":"category","embeddable":true,"href":"http:\/\/ipsnews.net\/suomi\/wp-json\/wp\/v2\/categories?post=15535"},{"taxonomy":"post_tag","embeddable":true,"href":"http:\/\/ipsnews.net\/suomi\/wp-json\/wp\/v2\/tags?post=15535"},{"taxonomy":"author","embeddable":true,"href":"http:\/\/ipsnews.net\/suomi\/wp-json\/wp\/v2\/coauthors?post=15535"}],"curies":[{"name":"wp","href":"https:\/\/api.w.org\/{rel}","templated":true}]}}