{"id":15532,"date":"2026-04-28T10:44:40","date_gmt":"2026-04-28T10:44:40","guid":{"rendered":"https:\/\/ipsnews.net\/suomi\/?p=15532"},"modified":"2026-04-28T10:44:41","modified_gmt":"2026-04-28T10:44:41","slug":"joka-kolmas-latinalaisessa-amerikassa-asuva-venezuelalainen-harkitsee-kotiinpaluuta","status":"publish","type":"post","link":"http:\/\/ipsnews.net\/suomi\/2026\/04\/28\/joka-kolmas-latinalaisessa-amerikassa-asuva-venezuelalainen-harkitsee-kotiinpaluuta\/","title":{"rendered":"Joka kolmas Latinalaisessa Amerikassa asuva venezuelalainen harkitsee kotiinpaluuta"},"content":{"rendered":"\n<p><em>Jos olosuhteet Venezuelassa paranevat, yh\u00e4 useampi maasta paennut pohtii paluuta. Valtaosa aikoo kuitenkin j\u00e4\u00e4d\u00e4 uusiin asuinmaihinsa, joissa he rakentavat uutta el\u00e4m\u00e4\u00e4.<\/em><\/p>\n\n\n\n<p>Geneve, Sveitsi (IPS) Yli kolmannes Venezuelasta muihin Latinalaisen Amerikan ja Karibian alueen maihin muuttaneista harkitsee paluuta kotimaahansa, jos maan sosioekonomiset ja poliittiset olosuhteet kohenevat. Yhdeks\u00e4n prosenttia voisi tehd\u00e4 sen jo vuoden sis\u00e4ll\u00e4, toteaa YK:n pakolaisj\u00e4rjest\u00f6 UNHCR:n tuore kysely.<\/p>\n\n\n\n<p>Alkuvuodesta 2026 toteutettuun kyselyyn osallistui 1 288 venezuelalaista Brasiliassa, Chiless\u00e4, Kolumbiassa, Ecuadorissa, Guatemalassa ja Perussa.<\/p>\n\n\n\n<p>Vahvin yksitt\u00e4inen syy paluuhalukkuuteen on perheen j\u00e4lleenyhdist\u00e4minen. P\u00e4\u00e4t\u00f6kseen vaikuttavat kuitenkin ratkaisevasti kotimaan olosuhteet.<\/p>\n\n\n\n<p>Paluuaikeet riippuvat muun muassa Venezuelan ty\u00f6markkinoiden elpymisest\u00e4, turvallisuustilanteesta sek\u00e4 terveydenhuollon, koulutuksen, s\u00e4hk\u00f6n ja juomaveden kaltaisten peruspalvelujen saatavuudesta.<\/p>\n\n\n\n<p>L\u00e4hes kaksi kolmasosaa vastaajista ei t\u00e4ll\u00e4 hetkell\u00e4 suunnittele paluuta.<\/p>\n\n\n\n<p>\u201cMiljoonat venezuelalaiset rakentavat el\u00e4m\u00e4\u00e4ns\u00e4 uudelleen ja osallistuvat vastaanottavien yhteis\u00f6jen hyvinvointiin\u201d, UNHCR:n tiedottaja&nbsp;Matthew Saltmarsh sanoo.<\/p>\n\n\n\n<p>My\u00f6s vastaanottajamaiden olosuhteet vaikuttavat valintoihin. Osa vastaajista kertoi parempien ty\u00f6- ja turvallisuusolojen kannustavan j\u00e4\u00e4m\u00e4\u00e4n, kun taas toiset mainitsivat paikalliset sosioekonomiset vaikeudet syyksi harkita paluuta.<\/p>\n\n\n\n<p><strong>Syv\u00e4 kriisi varjostaa Venezuelan tulevaisuutta<\/strong><\/p>\n\n\n\n<p>Venezuela on k\u00e4rsinyt yli vuosikymmenen ajan vakavasta humanitaarisesta kriisist\u00e4. Terveydenhuolto, koulutus, s\u00e4hk\u00f6- ja vesihuolto ovat osin romahtaneet.<\/p>\n\n\n\n<p>Noin 70 prosenttia maan 29 miljoonasta asukkaasta el\u00e4\u00e4 k\u00f6yhyydess\u00e4, ja osa v\u00e4est\u00f6st\u00e4 k\u00e4rsii ruokaturvattomuudesta. Maa koki hyperinflaation vuosina 2017\u20132020, ja inflaatio on yh\u00e4 maailman korkeimpia, noin 500 prosenttia vuodessa.<\/p>\n\n\n\n<p>Suurin osa ty\u00f6st\u00e4 on ep\u00e4virallista, eiv\u00e4tk\u00e4 ansiot riit\u00e4 kattamaan elinkustannuksia.<\/p>\n\n\n\n<p>Ep\u00e4varmuutta lis\u00e4\u00e4 my\u00f6s tiedon puute: l\u00e4hes 60 prosenttia kyselyyn vastanneista piti paluuolosuhteita koskevan luotettavan tiedon puutetta merkitt\u00e4v\u00e4n\u00e4 esteen\u00e4 paluulle. My\u00f6s huoli oikeudellisesta asemasta vastaanottajamaissa vaikeuttaa p\u00e4\u00e4t\u00f6ksentekoa.<\/p>\n\n\n\n<p><strong>Miljoonien liike ja poliittiset j\u00e4nnitteet<\/strong><\/p>\n\n\n\n<p>Yli kahdeksan miljoonaa venezuelalaista on l\u00e4htenyt kotimaastaan viimeisten kahden vuosikymmenen aikana. Latinalaisessa Amerikassa ja Karibialla heist\u00e4 asuu l\u00e4hes seitsem\u00e4n miljoonaa, joista yli viidelle miljoonalle on my\u00f6nnetty oleskelulupa.<\/p>\n\n\n\n<p>Eniten venezuelalaisia asuu Kolumbiassa, Perussa ja Brasiliassa.<\/p>\n\n\n\n<p>J\u00e4rjest\u00f6jen arvioiden mukaan noin nelj\u00e4 miljoonaa Latinalaisessa Amerikassa asuvasta venezuelalaisesta tarvitsee humanitaarista apua.&nbsp;<\/p>\n\n\n\n<p>Useissa maissa siirtolaiskysymys on noussut my\u00f6s poliittiseksi kiistaksi. Esimerkiksi Chiless\u00e4 ja Perussa on vaalikampanjoiden yhteydess\u00e4 esitetty venezuelalaisten massapalautuksia.<\/p>\n\n\n\n<p>Samaan aikaan Venezuelan poliittinen tilanne on muuttunut nopeasti. Presidentti&nbsp;Nicol\u00e1s Maduron kaappaamisen j\u00e4lkeen oppositiojohtaja&nbsp;Mar\u00eda Corina Machado&nbsp;on nostanut siirtolaisten paluun keskeiseksi poliittiseksi teemaksi.<\/p>\n\n\n\n<p>UNHCR korostaa, ett\u00e4 paluun tulee olla vapaaehtoista, turvallista ja ihmisarvoista.<\/p>\n\n\n\n<p>\u201cJatkamme sek\u00e4 tukeamme vastaanottajamaissa ett\u00e4 tuemme rahoitustilanteemme sallimissa rajoissa vapaaehtoisten paluuta Venezuelaan\u201d, Saltmarsh sanoi.<\/p>\n\n\n\n<p>Aiemmat seurannat osoittavat, ett\u00e4 suurin osa palanneista \u2013 noin 80 prosenttia \u2013 aikoo j\u00e4\u00e4d\u00e4 Venezuelaan pysyv\u00e4sti.<\/p>\n\n\n\n<p>(Inter Press Service)<\/p>\n","protected":false},"excerpt":{"rendered":"<p>Jos olosuhteet Venezuelassa paranevat, yh\u00e4 useampi maasta paennut pohtii paluuta. Valtaosa aikoo kuitenkin j\u00e4\u00e4d\u00e4 uusiin asuinmaihinsa, joissa he rakentavat uutta el\u00e4m\u00e4\u00e4. Geneve, Sveitsi (IPS) Yli kolmannes Venezuelasta muihin Latinalaisen Amerikan ja Karibian alueen maihin muuttaneista harkitsee paluuta kotimaahansa, jos maan&hellip; <a href=\"http:\/\/ipsnews.net\/suomi\/2026\/04\/28\/joka-kolmas-latinalaisessa-amerikassa-asuva-venezuelalainen-harkitsee-kotiinpaluuta\/\" class=\"more-link\">Continue Reading <span class=\"meta-nav\">&rarr;<\/span><\/a><\/p>\n","protected":false},"author":1359,"featured_media":15533,"comment_status":"closed","ping_status":"open","sticky":false,"template":"","format":"standard","meta":{"footnotes":""},"categories":[15,1390,9,1489,22,1389],"tags":[],"coauthors":[1393],"class_list":["post-15532","post","type-post","status-publish","format-standard","has-post-thumbnail","hentry","category-latinalainen-amerikka","category-pakolaisuus","category-politiikka","category-siirtolaisuus","category-vaesto","category-yk"],"yoast_head":"<!-- This site is optimized with the Yoast SEO plugin v24.8.1 - https:\/\/yoast.com\/wordpress\/plugins\/seo\/ -->\n<title>Joka kolmas Latinalaisessa Amerikassa asuva venezuelalainen harkitsee kotiinpaluuta - INTER PRESS SERVICE<\/title>\n<meta name=\"robots\" content=\"index, follow, max-snippet:-1, max-image-preview:large, max-video-preview:-1\" \/>\n<link rel=\"canonical\" href=\"https:\/\/ipsnews.net\/suomi\/2026\/04\/28\/joka-kolmas-latinalaisessa-amerikassa-asuva-venezuelalainen-harkitsee-kotiinpaluuta\/\" \/>\n<meta property=\"og:locale\" content=\"en_US\" \/>\n<meta property=\"og:type\" content=\"article\" \/>\n<meta property=\"og:title\" content=\"Joka kolmas Latinalaisessa Amerikassa asuva venezuelalainen harkitsee kotiinpaluuta - INTER PRESS SERVICE\" \/>\n<meta property=\"og:description\" content=\"Jos olosuhteet Venezuelassa paranevat, yh\u00e4 useampi maasta paennut pohtii paluuta. Valtaosa aikoo kuitenkin j\u00e4\u00e4d\u00e4 uusiin asuinmaihinsa, joissa he rakentavat uutta el\u00e4m\u00e4\u00e4. Geneve, Sveitsi (IPS) Yli kolmannes Venezuelasta muihin Latinalaisen Amerikan ja Karibian alueen maihin muuttaneista harkitsee paluuta kotimaahansa, jos maan&hellip; Continue Reading &rarr;\" \/>\n<meta property=\"og:url\" content=\"https:\/\/ipsnews.net\/suomi\/2026\/04\/28\/joka-kolmas-latinalaisessa-amerikassa-asuva-venezuelalainen-harkitsee-kotiinpaluuta\/\" \/>\n<meta property=\"og:site_name\" content=\"INTER PRESS SERVICE\" \/>\n<meta property=\"article:published_time\" content=\"2026-04-28T10:44:40+00:00\" \/>\n<meta property=\"article:modified_time\" content=\"2026-04-28T10:44:41+00:00\" \/>\n<meta property=\"og:image\" content=\"http:\/\/ipsnews.net\/suomi\/wp-content\/uploads\/2026\/04\/33511213738_4160188348_z.jpg\" \/>\n\t<meta property=\"og:image:width\" content=\"640\" \/>\n\t<meta property=\"og:image:height\" content=\"360\" \/>\n\t<meta property=\"og:image:type\" content=\"image\/jpeg\" \/>\n<meta name=\"author\" content=\"Suomi Finland\" \/>\n<meta name=\"twitter:card\" content=\"summary_large_image\" \/>\n<meta name=\"twitter:label1\" content=\"Written by\" \/>\n\t<meta name=\"twitter:data1\" content=\"Suomi Finland\" \/>\n\t<meta name=\"twitter:label2\" content=\"Est. reading time\" \/>\n\t<meta name=\"twitter:data2\" content=\"2 minutes\" \/>\n<script type=\"application\/ld+json\" class=\"yoast-schema-graph\">{\"@context\":\"https:\/\/schema.org\",\"@graph\":[{\"@type\":\"WebPage\",\"@id\":\"https:\/\/ipsnews.net\/suomi\/2026\/04\/28\/joka-kolmas-latinalaisessa-amerikassa-asuva-venezuelalainen-harkitsee-kotiinpaluuta\/\",\"url\":\"https:\/\/ipsnews.net\/suomi\/2026\/04\/28\/joka-kolmas-latinalaisessa-amerikassa-asuva-venezuelalainen-harkitsee-kotiinpaluuta\/\",\"name\":\"Joka kolmas Latinalaisessa Amerikassa asuva venezuelalainen harkitsee kotiinpaluuta - INTER PRESS SERVICE\",\"isPartOf\":{\"@id\":\"https:\/\/ipsnews.net\/suomi\/#website\"},\"primaryImageOfPage\":{\"@id\":\"https:\/\/ipsnews.net\/suomi\/2026\/04\/28\/joka-kolmas-latinalaisessa-amerikassa-asuva-venezuelalainen-harkitsee-kotiinpaluuta\/#primaryimage\"},\"image\":{\"@id\":\"https:\/\/ipsnews.net\/suomi\/2026\/04\/28\/joka-kolmas-latinalaisessa-amerikassa-asuva-venezuelalainen-harkitsee-kotiinpaluuta\/#primaryimage\"},\"thumbnailUrl\":\"http:\/\/ipsnews.net\/suomi\/wp-content\/uploads\/2026\/04\/33511213738_4160188348_z.jpg\",\"datePublished\":\"2026-04-28T10:44:40+00:00\",\"dateModified\":\"2026-04-28T10:44:41+00:00\",\"author\":{\"@id\":\"https:\/\/ipsnews.net\/suomi\/#\/schema\/person\/59f832c1d660af63b2eea0e93a30a1d2\"},\"breadcrumb\":{\"@id\":\"https:\/\/ipsnews.net\/suomi\/2026\/04\/28\/joka-kolmas-latinalaisessa-amerikassa-asuva-venezuelalainen-harkitsee-kotiinpaluuta\/#breadcrumb\"},\"inLanguage\":\"en-US\",\"potentialAction\":[{\"@type\":\"ReadAction\",\"target\":[\"https:\/\/ipsnews.net\/suomi\/2026\/04\/28\/joka-kolmas-latinalaisessa-amerikassa-asuva-venezuelalainen-harkitsee-kotiinpaluuta\/\"]}]},{\"@type\":\"ImageObject\",\"inLanguage\":\"en-US\",\"@id\":\"https:\/\/ipsnews.net\/suomi\/2026\/04\/28\/joka-kolmas-latinalaisessa-amerikassa-asuva-venezuelalainen-harkitsee-kotiinpaluuta\/#primaryimage\",\"url\":\"http:\/\/ipsnews.net\/suomi\/wp-content\/uploads\/2026\/04\/33511213738_4160188348_z.jpg\",\"contentUrl\":\"http:\/\/ipsnews.net\/suomi\/wp-content\/uploads\/2026\/04\/33511213738_4160188348_z.jpg\",\"width\":640,\"height\":360,\"caption\":\"Venezuelassa k\u00e4rsit\u00e4\u00e4n s\u00e4hk\u00f6- ja vesiverkoston vakavista puutteista. San Agust\u00ednin kaupunginosan asukkaat Caracasin keskustassa hakevat vett\u00e4 putkesta, joka kulkee p\u00e4\u00e4kaupungin p\u00e4\u00e4moottoritien varrella. Sen j\u00e4lkeen he kantavat veden koteihinsa jyrkki\u00e4 portaita pitkin. Kuva: Humberto M\u00e1rquez\/IPS\"},{\"@type\":\"BreadcrumbList\",\"@id\":\"https:\/\/ipsnews.net\/suomi\/2026\/04\/28\/joka-kolmas-latinalaisessa-amerikassa-asuva-venezuelalainen-harkitsee-kotiinpaluuta\/#breadcrumb\",\"itemListElement\":[{\"@type\":\"ListItem\",\"position\":1,\"name\":\"Home\",\"item\":\"https:\/\/ipsnews.net\/suomi\/\"},{\"@type\":\"ListItem\",\"position\":2,\"name\":\"Joka kolmas Latinalaisessa Amerikassa asuva venezuelalainen harkitsee kotiinpaluuta\"}]},{\"@type\":\"WebSite\",\"@id\":\"https:\/\/ipsnews.net\/suomi\/#website\",\"url\":\"https:\/\/ipsnews.net\/suomi\/\",\"name\":\"INTER PRESS SERVICE\",\"description\":\"Uutistoimisto\",\"potentialAction\":[{\"@type\":\"SearchAction\",\"target\":{\"@type\":\"EntryPoint\",\"urlTemplate\":\"https:\/\/ipsnews.net\/suomi\/?s={search_term_string}\"},\"query-input\":{\"@type\":\"PropertyValueSpecification\",\"valueRequired\":true,\"valueName\":\"search_term_string\"}}],\"inLanguage\":\"en-US\"},{\"@type\":\"Person\",\"@id\":\"https:\/\/ipsnews.net\/suomi\/#\/schema\/person\/59f832c1d660af63b2eea0e93a30a1d2\",\"name\":\"Suomi Finland\",\"image\":{\"@type\":\"ImageObject\",\"inLanguage\":\"en-US\",\"@id\":\"https:\/\/ipsnews.net\/suomi\/#\/schema\/person\/image\/45fb3c2f6289a25f892eb9cf3eb00760\",\"url\":\"https:\/\/secure.gravatar.com\/avatar\/de0e0dca59616ea2dc28dda2e39a46020d482ef7ea3960233fd537e7d981194b?s=96&d=mm&r=g\",\"contentUrl\":\"https:\/\/secure.gravatar.com\/avatar\/de0e0dca59616ea2dc28dda2e39a46020d482ef7ea3960233fd537e7d981194b?s=96&d=mm&r=g\",\"caption\":\"Suomi Finland\"},\"url\":\"http:\/\/ipsnews.net\/suomi\/author\/suomi\/\"}]}<\/script>\n<!-- \/ Yoast SEO plugin. -->","yoast_head_json":{"title":"Joka kolmas Latinalaisessa Amerikassa asuva venezuelalainen harkitsee kotiinpaluuta - INTER PRESS SERVICE","robots":{"index":"index","follow":"follow","max-snippet":"max-snippet:-1","max-image-preview":"max-image-preview:large","max-video-preview":"max-video-preview:-1"},"canonical":"https:\/\/ipsnews.net\/suomi\/2026\/04\/28\/joka-kolmas-latinalaisessa-amerikassa-asuva-venezuelalainen-harkitsee-kotiinpaluuta\/","og_locale":"en_US","og_type":"article","og_title":"Joka kolmas Latinalaisessa Amerikassa asuva venezuelalainen harkitsee kotiinpaluuta - INTER PRESS SERVICE","og_description":"Jos olosuhteet Venezuelassa paranevat, yh\u00e4 useampi maasta paennut pohtii paluuta. Valtaosa aikoo kuitenkin j\u00e4\u00e4d\u00e4 uusiin asuinmaihinsa, joissa he rakentavat uutta el\u00e4m\u00e4\u00e4. Geneve, Sveitsi (IPS) Yli kolmannes Venezuelasta muihin Latinalaisen Amerikan ja Karibian alueen maihin muuttaneista harkitsee paluuta kotimaahansa, jos maan&hellip; Continue Reading &rarr;","og_url":"https:\/\/ipsnews.net\/suomi\/2026\/04\/28\/joka-kolmas-latinalaisessa-amerikassa-asuva-venezuelalainen-harkitsee-kotiinpaluuta\/","og_site_name":"INTER PRESS SERVICE","article_published_time":"2026-04-28T10:44:40+00:00","article_modified_time":"2026-04-28T10:44:41+00:00","og_image":[{"width":640,"height":360,"url":"http:\/\/ipsnews.net\/suomi\/wp-content\/uploads\/2026\/04\/33511213738_4160188348_z.jpg","type":"image\/jpeg"}],"author":"Suomi Finland","twitter_card":"summary_large_image","twitter_misc":{"Written by":"Suomi Finland","Est. reading time":"2 minutes"},"schema":{"@context":"https:\/\/schema.org","@graph":[{"@type":"WebPage","@id":"https:\/\/ipsnews.net\/suomi\/2026\/04\/28\/joka-kolmas-latinalaisessa-amerikassa-asuva-venezuelalainen-harkitsee-kotiinpaluuta\/","url":"https:\/\/ipsnews.net\/suomi\/2026\/04\/28\/joka-kolmas-latinalaisessa-amerikassa-asuva-venezuelalainen-harkitsee-kotiinpaluuta\/","name":"Joka kolmas Latinalaisessa Amerikassa asuva venezuelalainen harkitsee kotiinpaluuta - INTER PRESS SERVICE","isPartOf":{"@id":"https:\/\/ipsnews.net\/suomi\/#website"},"primaryImageOfPage":{"@id":"https:\/\/ipsnews.net\/suomi\/2026\/04\/28\/joka-kolmas-latinalaisessa-amerikassa-asuva-venezuelalainen-harkitsee-kotiinpaluuta\/#primaryimage"},"image":{"@id":"https:\/\/ipsnews.net\/suomi\/2026\/04\/28\/joka-kolmas-latinalaisessa-amerikassa-asuva-venezuelalainen-harkitsee-kotiinpaluuta\/#primaryimage"},"thumbnailUrl":"http:\/\/ipsnews.net\/suomi\/wp-content\/uploads\/2026\/04\/33511213738_4160188348_z.jpg","datePublished":"2026-04-28T10:44:40+00:00","dateModified":"2026-04-28T10:44:41+00:00","author":{"@id":"https:\/\/ipsnews.net\/suomi\/#\/schema\/person\/59f832c1d660af63b2eea0e93a30a1d2"},"breadcrumb":{"@id":"https:\/\/ipsnews.net\/suomi\/2026\/04\/28\/joka-kolmas-latinalaisessa-amerikassa-asuva-venezuelalainen-harkitsee-kotiinpaluuta\/#breadcrumb"},"inLanguage":"en-US","potentialAction":[{"@type":"ReadAction","target":["https:\/\/ipsnews.net\/suomi\/2026\/04\/28\/joka-kolmas-latinalaisessa-amerikassa-asuva-venezuelalainen-harkitsee-kotiinpaluuta\/"]}]},{"@type":"ImageObject","inLanguage":"en-US","@id":"https:\/\/ipsnews.net\/suomi\/2026\/04\/28\/joka-kolmas-latinalaisessa-amerikassa-asuva-venezuelalainen-harkitsee-kotiinpaluuta\/#primaryimage","url":"http:\/\/ipsnews.net\/suomi\/wp-content\/uploads\/2026\/04\/33511213738_4160188348_z.jpg","contentUrl":"http:\/\/ipsnews.net\/suomi\/wp-content\/uploads\/2026\/04\/33511213738_4160188348_z.jpg","width":640,"height":360,"caption":"Venezuelassa k\u00e4rsit\u00e4\u00e4n s\u00e4hk\u00f6- ja vesiverkoston vakavista puutteista. San Agust\u00ednin kaupunginosan asukkaat Caracasin keskustassa hakevat vett\u00e4 putkesta, joka kulkee p\u00e4\u00e4kaupungin p\u00e4\u00e4moottoritien varrella. Sen j\u00e4lkeen he kantavat veden koteihinsa jyrkki\u00e4 portaita pitkin. Kuva: Humberto M\u00e1rquez\/IPS"},{"@type":"BreadcrumbList","@id":"https:\/\/ipsnews.net\/suomi\/2026\/04\/28\/joka-kolmas-latinalaisessa-amerikassa-asuva-venezuelalainen-harkitsee-kotiinpaluuta\/#breadcrumb","itemListElement":[{"@type":"ListItem","position":1,"name":"Home","item":"https:\/\/ipsnews.net\/suomi\/"},{"@type":"ListItem","position":2,"name":"Joka kolmas Latinalaisessa Amerikassa asuva venezuelalainen harkitsee kotiinpaluuta"}]},{"@type":"WebSite","@id":"https:\/\/ipsnews.net\/suomi\/#website","url":"https:\/\/ipsnews.net\/suomi\/","name":"INTER PRESS SERVICE","description":"Uutistoimisto","potentialAction":[{"@type":"SearchAction","target":{"@type":"EntryPoint","urlTemplate":"https:\/\/ipsnews.net\/suomi\/?s={search_term_string}"},"query-input":{"@type":"PropertyValueSpecification","valueRequired":true,"valueName":"search_term_string"}}],"inLanguage":"en-US"},{"@type":"Person","@id":"https:\/\/ipsnews.net\/suomi\/#\/schema\/person\/59f832c1d660af63b2eea0e93a30a1d2","name":"Suomi Finland","image":{"@type":"ImageObject","inLanguage":"en-US","@id":"https:\/\/ipsnews.net\/suomi\/#\/schema\/person\/image\/45fb3c2f6289a25f892eb9cf3eb00760","url":"https:\/\/secure.gravatar.com\/avatar\/de0e0dca59616ea2dc28dda2e39a46020d482ef7ea3960233fd537e7d981194b?s=96&d=mm&r=g","contentUrl":"https:\/\/secure.gravatar.com\/avatar\/de0e0dca59616ea2dc28dda2e39a46020d482ef7ea3960233fd537e7d981194b?s=96&d=mm&r=g","caption":"Suomi Finland"},"url":"http:\/\/ipsnews.net\/suomi\/author\/suomi\/"}]}},"_links":{"self":[{"href":"http:\/\/ipsnews.net\/suomi\/wp-json\/wp\/v2\/posts\/15532","targetHints":{"allow":["GET"]}}],"collection":[{"href":"http:\/\/ipsnews.net\/suomi\/wp-json\/wp\/v2\/posts"}],"about":[{"href":"http:\/\/ipsnews.net\/suomi\/wp-json\/wp\/v2\/types\/post"}],"author":[{"embeddable":true,"href":"http:\/\/ipsnews.net\/suomi\/wp-json\/wp\/v2\/users\/1359"}],"replies":[{"embeddable":true,"href":"http:\/\/ipsnews.net\/suomi\/wp-json\/wp\/v2\/comments?post=15532"}],"version-history":[{"count":1,"href":"http:\/\/ipsnews.net\/suomi\/wp-json\/wp\/v2\/posts\/15532\/revisions"}],"predecessor-version":[{"id":15534,"href":"http:\/\/ipsnews.net\/suomi\/wp-json\/wp\/v2\/posts\/15532\/revisions\/15534"}],"wp:featuredmedia":[{"embeddable":true,"href":"http:\/\/ipsnews.net\/suomi\/wp-json\/wp\/v2\/media\/15533"}],"wp:attachment":[{"href":"http:\/\/ipsnews.net\/suomi\/wp-json\/wp\/v2\/media?parent=15532"}],"wp:term":[{"taxonomy":"category","embeddable":true,"href":"http:\/\/ipsnews.net\/suomi\/wp-json\/wp\/v2\/categories?post=15532"},{"taxonomy":"post_tag","embeddable":true,"href":"http:\/\/ipsnews.net\/suomi\/wp-json\/wp\/v2\/tags?post=15532"},{"taxonomy":"author","embeddable":true,"href":"http:\/\/ipsnews.net\/suomi\/wp-json\/wp\/v2\/coauthors?post=15532"}],"curies":[{"name":"wp","href":"https:\/\/api.w.org\/{rel}","templated":true}]}}