{"id":8249,"date":"2021-07-05T14:32:17","date_gmt":"2021-07-05T14:32:17","guid":{"rendered":"http:\/\/ipsnews.net\/francais\/?p=8249"},"modified":"2021-07-22T14:47:43","modified_gmt":"2021-07-22T14:47:43","slug":"esd-sentretient-avec-jan-egeland-secretaire-general-du-conseil-norvegien-pour-les-refugies","status":"publish","type":"post","link":"http:\/\/ipsnews.net\/francais\/2021\/07\/05\/esd-sentretient-avec-jan-egeland-secretaire-general-du-conseil-norvegien-pour-les-refugies\/","title":{"rendered":"\u00c9SD s&#8217;entretient avec Jan Egeland, Secr\u00e9taire G\u00e9n\u00e9ral  du Conseil Norv\u00e9gien pour les R\u00e9fugi\u00e9s"},"content":{"rendered":"<p>5 juillet 2021 &#8211; Jan Egeland est le Secr\u00e9taire G\u00e9n\u00e9ral  du <a href=\"https:\/\/www.nrc.no\/who-we-are\/secretary-general-jan-egeland\/\" rel=\"noopener\" target=\"_blank\">Conseil Norv\u00e9gien pour les R\u00e9fugi\u00e9s<\/a> depuis ao\u00fbt 2013, un r\u00f4le qui supervise le travail de l&#8217;organisation humanitaire dans plus de 30 pays touch\u00e9s par des conflits et des catastrophes.<br \/>\n<!--more--><\/p>\n<p>En juin 2021, il a \u00e9t\u00e9 nomm\u00e9 Personnalit\u00e9 \u00c9minente de l&#8217;initiative <a href=\"https:\/\/interagencystandingcommittee.org\/grand-bargain\" rel=\"noopener\" target=\"_blank\">The Grand Bargain<\/a>. Dans le cadre de cette fonction, il est charg\u00e9 de promouvoir et de d\u00e9fendre les engagements de The Grand Bargain pour mieux servir les personnes dans le besoin. Il s&#8217;agit d&#8217;un poste de deux ans qu&#8217;il occupera parall\u00e8lement \u00e0 ses fonctions quotidiennes au sein du CNR.<\/p>\n<p>De janvier \u00e0 mai 2021, M. Egeland a \u00e9t\u00e9 nomm\u00e9 Pr\u00e9sident du Groupe Consultatif Sup\u00e9rieur Ind\u00e9pendant sur la d\u00e9confliction humanitaire en Syrie par le Secr\u00e9taire G\u00e9n\u00e9ral  des Nations unies, Ant\u00f3nio Guterres.<\/p>\n<p>En 2015, il a \u00e9t\u00e9 nomm\u00e9 par l&#8217;ancien Secr\u00e9taire G\u00e9n\u00e9ral  des Nations Unies, Ban Ki-moon, Conseiller Sp\u00e9cial de l&#8217;Envoy\u00e9 Sp\u00e9cial des Nations Unies pour la Syrie. Dans le cadre de ce poste, il a pr\u00e9sid\u00e9 la task force humanitaire charg\u00e9e de la s\u00e9curit\u00e9 et de la protection des civils syriens. Il a quitt\u00e9 ce r\u00f4le le 1er d\u00e9cembre 2018.<\/p>\n<p>De 2011 \u00e0 2013, Jan Egeland a occup\u00e9 le poste de Directeur Europ\u00e9en \u00e0 Human Rights Watch. Il a \u00e9t\u00e9 nomm\u00e9 Conseiller Sp\u00e9cial du Secr\u00e9taire G\u00e9n\u00e9ral  de l&#8217;ONU pour la Pr\u00e9vention et la R\u00e9solution des Conflits de 2006 \u00e0 2008.<\/p>\n<p>Avant cela, Jan Egeland a \u00e9t\u00e9 Secr\u00e9taire G\u00e9n\u00e9ral  adjoint des Nations Unies pour les Affaires Humanitaires et Coordinateur des Secours d&#8217;Urgence de 2003 \u00e0 2006. \u00c0 ce titre, il a contribu\u00e9 \u00e0 la r\u00e9forme du syst\u00e8me mondial de r\u00e9ponse humanitaire et a organis\u00e9 la r\u00e9ponse internationale au tsunami asiatique et aux crises du Darfour \u00e0 la R\u00e9publique D\u00e9mocratique du Congo et au Liban.<\/p>\n<p>En 2006, le magazine Time a d\u00e9sign\u00e9 Jan Egeland comme l&#8217;une des &#8220;100 personnes qui fa\u00e7onnent notre monde&#8221;.<\/p>\n<p>Il a \u00e9t\u00e9 Directeur de l&#8217;Institut Norv\u00e9gien des Affaires Internationales de 2007 \u00e0 2011. Il a \u00e9t\u00e9 le Conseiller Sp\u00e9cial du Secr\u00e9taire G\u00e9n\u00e9ral  des Nations Unies pour la Colombie de 1999 \u00e0 2001, o\u00f9 il a dirig\u00e9 les efforts de diplomatie de la navette entre les groupes arm\u00e9s et le gouvernement.<\/p>\n<p>De 1992 \u00e0 1997, Jan Egeland a servi comme Secr\u00e9taire d&#8217;\u00c9tat au Minist\u00e8re norv\u00e9gien des Affaires \u00e9trang\u00e8res. Il a \u00e9galement \u00e9t\u00e9 Secr\u00e9taire G\u00e9n\u00e9ral  de la Croix-Rouge norv\u00e9gienne et a occup\u00e9 des postes de direction \u00e0 Amnesty International.<\/p>\n<p>Jan Egeland a 30 ans d&#8217;exp\u00e9rience dans le domaine international des droits de l&#8217;homme, des crises humanitaires et de la r\u00e9solution des conflits. Il a \u00e9t\u00e9 l&#8217;un des initiateurs des n\u00e9gociations de paix qui ont abouti aux accords d&#8217;Oslo entre Isra\u00ebl et l&#8217;Organisation de Lib\u00e9ration de la Palestine en 1993.<\/p>\n<p>Jan Egeland a publi\u00e9 &#8220;<a href=\"https:\/\/www.amazon.com\/Billion-Lives-Eyewitness-Frontlines-Humanity\/dp\/1416561382\" rel=\"noopener\" target=\"_blank\">A Billion Lives : An Eyewitness Report from the Frontlines of Humanity<\/a>&#8221; (Un milliard de vies : un rapport de t\u00e9moin oculaire des lignes de front de l&#8217;humanit\u00e9) en 2010.<\/p>\n<p><strong>\u00c9SD : La Journ\u00e9e Mondiale des R\u00e9fugi\u00e9s comm\u00e9more la r\u00e9silience des r\u00e9fugi\u00e9s du monde entier. Le th\u00e8me de cette ann\u00e9e est l&#8217;inclusion, soulignant qu&#8217;ensemble nous gu\u00e9rissons, apprenons et rayonnons. Dans cette optique, comment voyez-vous le CNR (Conseil Norv\u00e9gien pour les R\u00e9fugi\u00e9s) avancer avec \u00c9SD et d&#8217;autres organisations, pour s&#8217;assurer que les enfants r\u00e9fugi\u00e9s sont inclus dans les programmes d&#8217;\u00e9ducation dans les communaut\u00e9s d&#8217;accueil, de sorte qu&#8217;il s&#8217;agit d&#8217;une situation gagnant-gagnant pour toutes les parties concern\u00e9es ?<\/strong> <\/p>\n<p><strong>Jan Egeland<\/strong> : Lorsque la pand\u00e9mie de Covid-19 a frapp\u00e9 au d\u00e9but de 2020, environ 1 milliard d&#8217;\u00e9tudiants ont vu leur acc\u00e8s \u00e0 l&#8217;\u00e9ducation compl\u00e8tement perturb\u00e9. Un an apr\u00e8s, et trois quarts de milliard d&#8217;\u00e9tudiants restent affect\u00e9s. L&#8217;ann\u00e9e et demie \u00e9coul\u00e9e a \u00e9t\u00e9 particuli\u00e8rement difficile pour les enfants et les jeunes d\u00e9plac\u00e9s, qui n&#8217;ont souvent pas la connectivit\u00e9 ou l&#8217;acc\u00e8s \u00e0 l&#8217;enseignement \u00e0 distance dont disposaient de nombreux \u00e9coliers dans les pays plus riches.<\/p>\n<p>Au CNR, nous encourageons l&#8217;inclusion des enfants et des jeunes d\u00e9plac\u00e9s dans les syst\u00e8mes d&#8217;\u00e9ducation formels, conform\u00e9ment \u00e0 la politique mondiale d&#8217;int\u00e9gration des r\u00e9fugi\u00e9s dans les syst\u00e8mes d&#8217;\u00e9ducation nationaux. Nous nous effor\u00e7ons d&#8217;\u00eatre un champion des solutions durables, en donnant la priorit\u00e9 \u00e0 la certification reconnue de l&#8217;apprentissage afin que les enfants et les jeunes d\u00e9plac\u00e9s puissent poursuivre leur \u00e9ducation et utiliser leurs comp\u00e9tences dans le cadre de l&#8217;int\u00e9gration locale, de la r\u00e9installation ou du retour.<\/p>\n<p>Ce n&#8217;est que lorsqu&#8217;il n&#8217;est pas possible ou appropri\u00e9 d&#8217;inclure les r\u00e9fugi\u00e9s dans les syst\u00e8mes \u00e9ducatifs formels, par exemple dans les cas o\u00f9 la politique gouvernementale ou l&#8217;\u00e2ge des apprenants sont des obstacles \u00e0 l&#8217;inclusion, que nous nous engageons dans des opportunit\u00e9s d&#8217;apprentissage alternatives. En collaboration avec \u00c9SD et d&#8217;autres partenaires, le CNR continuera \u00e0 plaider pour que les gouvernements incluent les enfants r\u00e9fugi\u00e9s dans leurs programmes d&#8217;\u00e9ducation nationale.<\/p>\n<p><strong>\u00c9SD : Le Conseil Norv\u00e9gien pour les R\u00e9fugi\u00e9s travaille dans plus de 30 pays \u00e0 travers le monde en tant que d\u00e9fenseur mondial pour aider les personnes contraintes de fuir leur foyer. Avec 82,4 millions de personnes d\u00e9plac\u00e9es de force dans le monde et tant de besoins urgents, quelles sont les urgences li\u00e9es aux r\u00e9fugi\u00e9s qui, selon vous, ont \u00e9t\u00e9 le plus oubli\u00e9es par la communaut\u00e9 internationale et pourquoi est-il si important d&#8217;y r\u00e9pondre maintenant ?<\/strong><\/p>\n<p><strong>Jan Egeland<\/strong> : Les trois crises les plus oubli\u00e9es dans le monde aujourd&#8217;hui sont la RD Congo, le Cameroun et le Burkina Faso, selon le rapport du CNR sur les <a href=\"https:\/\/www.nrc.no\/shorthand\/fr\/the-worlds-most-neglected-displacement-crises-in-2020\/index.html\" rel=\"noopener\" target=\"_blank\">Crises de D\u00e9placement les plus N\u00e9glig\u00e9es dans le Monde<\/a>. Ces pays ont \u00e9t\u00e9 totalement n\u00e9glig\u00e9s en raison de l&#8217;ampleur des besoins humanitaires, d&#8217;un manque massif de financement, ainsi que de l&#8217;inattention des m\u00e9dias et de la diplomatie.<\/p>\n<p>La RDC est en t\u00eate de cette liste. Nous la consid\u00e9rons comme l&#8217;une des pires crises humanitaires du 21e si\u00e8cle. La combinaison mortelle d&#8217;une violence galopante, de niveaux de famine record et d&#8217;une n\u00e9gligence totale a d\u00e9clench\u00e9 une m\u00e9ga-crise qui justifie une m\u00e9ga-r\u00e9ponse. Mais au lieu de cela, des millions de familles au bord de l&#8217;ab\u00eeme semblent \u00eatre oubli\u00e9es par le monde ext\u00e9rieur et restent coup\u00e9es de tout soutien.<\/p>\n<p>Lorsque j&#8217;ai visit\u00e9 la RDC en mai, elle a attir\u00e9 momentan\u00e9ment l&#8217;attention internationale lorsqu&#8217;un volcan est entr\u00e9 en \u00e9ruption \u00e0 Goma. Malheureusement, lorsqu&#8217;il n&#8217;y a pas d&#8217;\u00e9ruption volcanique, les milliers de personnes qui fuient leurs maisons chaque jour passent inaper\u00e7ues. Ils ne font pas la une des journaux, re\u00e7oivent rarement la visite de donateurs de haut niveau et sont rarement la priorit\u00e9 de la diplomatie internationale. C&#8217;est le cas pour de nombreuses zones de crise dans lesquelles nous op\u00e9rons.<\/p>\n<p>C&#8217;est pourquoi il est si bon de voir <a href=\"https:\/\/www.educationcannotwait.org\/tag\/drc\/\" rel=\"noopener\" target=\"_blank\">l&#8217;investissement d&#8217;urgence d&#8217;\u00c9SD en RDC<\/a>, gr\u00e2ce auquel le CNR a re\u00e7u un nouveau financement pluriannuel qui court jusqu&#8217;en 2024. Nous esp\u00e9rons que la communaut\u00e9 internationale suivra cet exemple et soutiendra mieux ces crises n\u00e9glig\u00e9es, sinon la souffrance humaine continuera et s&#8217;aggravera probablement. De nombreux conflits risquent de s&#8217;\u00e9tendre \u00e0 d&#8217;autres r\u00e9gions et d&#8217;embrigader des pays comparativement plus stables. Par exemple, l&#8217;ins\u00e9curit\u00e9 au Venezuela, au Sud-Soudan et au Nigeria a entra\u00een\u00e9 des crises de r\u00e9fugi\u00e9s dans les pays voisins.<\/p>\n<p><strong>\u00c9SD : En tant que partenaires strat\u00e9giques d&#8217;Education Sans D\u00e9lai, le Conseil Norv\u00e9gien pour les R\u00e9fugi\u00e9s et d&#8217;autres partenaires \u00e9laborent et mettent en \u0153uvre des plans pour r\u00e9pondre aux besoins des r\u00e9fugi\u00e9s. L&#8217;un des principaux avantages de cet arrangement est que le financement permet non seulement de r\u00e9pondre aux besoins d&#8217;aide d&#8217;urgence et de rel\u00e8vement rapide, mais aussi d&#8217;\u00e9tablir un lien avec le d\u00e9veloppement durable. Quels sont les projets du CNR\/\u00c9SD qui ont un impact et quels sont les besoins de financement ?<\/strong><\/p>\n<p><strong>Jan Egeland<\/strong> : Le CNR effectue un travail important dans le domaine de l&#8217;\u00e9ducation qui soutient le d\u00e9veloppement durable \u00e0 plus long terme. Par exemple, \u00c9SD soutient <a href=\"https:\/\/www.educationcannotwait.org\/mhpss-nrc\/\" rel=\"noopener\" target=\"_blank\">le programme <em>Better Learning<\/em> (Meilleur Apprentissage) du CNR au Moyen-Orient<\/a>, un programme con\u00e7u pour fournir aux apprenants un soutien en mati\u00e8re de sant\u00e9 mentale et un soutien psychosocial pour faire face au traumatisme et au stress li\u00e9s \u00e0 l&#8217;obligation de fuir. Gr\u00e2ce \u00e0 l&#8217;investissement d&#8217;\u00c9SD, nous renfor\u00e7ons la capacit\u00e9 r\u00e9gionale \u00e0 int\u00e9grer la sant\u00e9 mentale et le soutien psychosocial en milieu scolaire dans les programmes d&#8217;\u00e9ducation, nous plaidons en faveur de l&#8217;am\u00e9lioration des services de sant\u00e9 mentale pour les enfants et les jeunes, et nous veillons \u00e0 ce que le programme soit disponible en tant que bien public pouvant \u00eatre \u00e9tendu et reproduit dans le cadre de projets d&#8217;\u00e9ducation d&#8217;urgence.<\/p>\n<p>Au Nigeria, nous nous associons \u00e0 \u00c9SD pour la premi\u00e8re fois cette ann\u00e9e dans le cadre du programme de r\u00e9silience pluriannuel du pays. En collaboration avec d&#8217;autres ONG, y compris des acteurs locaux, l&#8217;ONU et le gouvernement, nous allons cibler pr\u00e8s de 3 millions de jeunes, dont la moiti\u00e9 sont d\u00e9plac\u00e9s, au cours des trois prochaines ann\u00e9es. Le programme<\/p>\n<p>Au Nigeria, nous nous associons pour la premi\u00e8re fois cette ann\u00e9e \u00e0 \u00c9SD dans le cadre du programme de r\u00e9silience pluriannuel du pays. En collaboration avec d&#8217;autres ONG, y compris des acteurs locaux, l&#8217;ONU et le gouvernement, nous allons cibler pr\u00e8s de 3 millions de jeunes, dont la moiti\u00e9 sont d\u00e9plac\u00e9s, au cours des trois prochaines ann\u00e9es. Ce programme permettra de construire et de r\u00e9nover des salles de classe et des espaces d&#8217;apprentissage, de financer des allocations pour les enseignants et d&#8217;am\u00e9liorer la continuit\u00e9 de l&#8217;apprentissage en travaillant avec des partenaires locaux pour que les enfants et les jeunes restent \u00e0 l&#8217;\u00e9cole. Une partie de ce programme se focalise \u00e9galement sur la collaboration avec les autorit\u00e9s \u00e9ducatives locales et nationales afin de d\u00e9velopper les capacit\u00e9s et de disposer des ressources n\u00e9cessaires pour promouvoir, administrer et g\u00e9rer des programmes \u00e9ducatifs de qualit\u00e9. Cela sera essentiel pour le progr\u00e8s \u00e0 long terme de la prochaine g\u00e9n\u00e9ration du Nigeria.<\/p>\n<p><strong>\u00c9SD : F\u00e9licitations ! Tout en continuant \u00e0 diriger le Conseil Norv\u00e9gien pour les R\u00e9fugi\u00e9s, vous assumez ce mois-ci la fonction de &#8220;Personnalit\u00e9 \u00c9minente du Grand Bargain&#8221;. Le Grand Bargain (grande affaire) a \u00e9t\u00e9 lanc\u00e9 lors du Sommet Humanitaire Mondial avec pour objectif principal d&#8217;augmenter le volume et l&#8217;efficacit\u00e9 de l&#8217;aide apport\u00e9e aux personnes dans le besoin. Comment allez-vous promouvoir, et rechercher des fonds, pour l&#8217;\u00e9ducation des enfants r\u00e9fugi\u00e9s ? <\/strong><\/p>\n<p><strong>Jan Egeland<\/strong> : Le Grand Bargain vise \u00e0 d\u00e9placer les ressources des activit\u00e9s de coulisses vers les activit\u00e9s de premi\u00e8re ligne. Cela signifie qu&#8217;en rendant notre travail plus efficace, nous lib\u00e9rerons davantage de ressources pour ceux qui en ont besoin, notamment pour l&#8217;\u00e9ducation des enfants et des jeunes.<\/p>\n<p>Lors de la r\u00e9union annuelle de Grand Bargain en juin, nous avons convenu de rendre nos efforts au cours  des deux prochaines ann\u00e9es plus focalis\u00e9s et plus strat\u00e9giques. Outre l&#8217;acc\u00e9l\u00e9ration de la localisation de l&#8217;aide, notre priorit\u00e9 est d&#8217;augmenter le financement de qualit\u00e9. Cela rendrait nos programmes beaucoup plus pr\u00e9visibles, ce qui est particuli\u00e8rement important pour planifier des programmes d&#8217;\u00e9ducation fiables et de qualit\u00e9. Le renforcement de l&#8217;engagement des acteurs locaux et la participation des personnes touch\u00e9es par les crises sont \u00e9galement des priorit\u00e9s cl\u00e9s du Grand Bargain. Si nous atteignons ces objectifs, nous aurons des programmes scolaires plus stables, plus s\u00fbrs et plus significatifs pour tous les enfants.<\/p>\n<p><strong>\u00c9SD : Le Sommet Humanitaire Mondial a reconnu que l&#8217;\u00e9ducation des enfants dans les situations de crise doit faire partie d&#8217;une r\u00e9ponse permettant de sauver des vies. Les enfants r\u00e9fugi\u00e9s sont parmi les plus laiss\u00e9s pour compte dans la r\u00e9ponse aux crises. Pourquoi est-il si important de poursuivre l&#8217;\u00e9ducation des enfants r\u00e9fugi\u00e9s d\u00e8s le d\u00e9but de leur exp\u00e9rience de r\u00e9fugi\u00e9 jusqu&#8217;\u00e0 ce qu&#8217;ils rentrent chez eux en toute s\u00e9curit\u00e9, ou qu&#8217;une solution \u00e0 plus long terme soit trouv\u00e9e pour eux et leurs familles ?<\/strong><\/p>\n<p><strong>Jan Egeland<\/strong> : L&#8217;\u00e9ducation est un droit humain fondamental pour tous les enfants et les jeunes. Une \u00e9ducation de qualit\u00e9 apporte aux enfants et aux jeunes les comp\u00e9tences, les capacit\u00e9s et la confiance dont ils ont besoin pour vivre une vie qu&#8217;ils ont des raisons d&#8217;appr\u00e9cier. L&#8217;\u00e9ducation cr\u00e9e \u00e9galement la voix par laquelle d&#8217;autres droits peuvent \u00eatre revendiqu\u00e9s et prot\u00e9g\u00e9s. Ces droits sont particuli\u00e8rement importants pour les enfants et les jeunes r\u00e9fugi\u00e9s et autres personnes d\u00e9plac\u00e9es, et une \u00e9ducation de qualit\u00e9 leur apporte une protection, un sentiment de normalit\u00e9 et un espoir pour l&#8217;avenir. Les faits montrent syst\u00e9matiquement que l&#8217;\u00e9ducation est une priorit\u00e9 absolue pour les personnes d\u00e9plac\u00e9es et qu&#8217;elle doit \u00eatre disponible d\u00e8s le d\u00e9but d&#8217;une situation d&#8217;urgence.<\/p>\n<p>Le CNR travaille avec les enfants et les jeunes d\u00e9plac\u00e9s et r\u00e9fugi\u00e9s pour les aider \u00e0 s&#8217;instruire tout au long du cycle d&#8217;apprentissage, y compris apr\u00e8s la fin de leur scolarit\u00e9. Nous offrons aux jeunes femmes et aux jeunes hommes la possibilit\u00e9 de suivre un enseignement post-primaire, y compris un enseignement et une formation techniques et professionnels, une formation agricole et des possibilit\u00e9s d&#8217;enseignement sup\u00e9rieur.<\/p>\n<p>Ces opportunit\u00e9s sont essentielles au d\u00e9veloppement des jeunes, afin de garantir qu&#8217;ils aient la possibilit\u00e9 de poursuivre des solutions \u00e0 plus long terme et de rester des membres actifs des communaut\u00e9s auxquelles ils appartiennent, en particulier s&#8217;ils rentrent chez eux.<\/p>\n<p><strong>\u00c9SD : Les catastrophes induites par le changement climatique contribuent de plus en plus aux d\u00e9placements forc\u00e9s, avec +30 millions de personnes fuyant des catastrophes en 2020 ; soit 5 millions de plus qu&#8217;en 2019. Ces catastrophes signifient que de nombreux r\u00e9fugi\u00e9s sont contraints de fuir plusieurs fois, ce qui les rend encore plus vuln\u00e9rables. Quels sont les principaux d\u00e9fis \u00e0 relever pour faire face au changement climatique dans la mesure o\u00f9 il affecte les enfants r\u00e9fugi\u00e9s et que font le CNR et ses partenaires pour les relever ?<\/strong><\/p>\n<p><strong>Jan Egeland<\/strong> : Toutes les organisations d&#8217;aide peuvent, et doivent, faire davantage pour lutter contre le changement climatique. Au CNR, nous nous effor\u00e7ons de faire mieux. Nous sommes actuellement engag\u00e9s dans un processus appel\u00e9 &#8220;greening the orange&#8221; (\u00e9cologisation de l\u2019orange) &#8211; nous d\u00e9veloppons une nouvelle strat\u00e9gie climatique, gr\u00e2ce \u00e0 laquelle nous visons \u00e0 devenir neutres en carbone \u00e0 l&#8217;avenir. C&#8217;est un engagement que j&#8217;ai pris lors du Forum Mondial des R\u00e9fugi\u00e9s en 2019. Greening the Orange a commenc\u00e9 comme une initiative de base du personnel et il dirigera notre travail sur le climat en interne et en externe.<\/p>\n<p>En attendant, nous travaillons d\u00e9j\u00e0 sur des projets \u00e9ducatifs respectueux du climat. Par exemple, en Colombie, nous menons un projet d&#8217;\u00e9nergie renouvelable et d&#8217;\u00e9ducation appel\u00e9 Zero Carbon Education (\u00c9ducation Z\u00e9ro Carbone). Dans le cadre de ce projet, nous avons install\u00e9 un syst\u00e8me \u00e9nerg\u00e9tique avec neuf panneaux solaires dans une \u00e9cole de la communaut\u00e9 de Colorado. Cela a permis d&#8217;\u00e9clairer six salles de classe, une cuisine, une \u00e9glise communautaire et deux lampes ext\u00e9rieures pour un centre sportif. Le projet a \u00e9galement fourni une formation environnementale sur les pratiques de recyclage, l&#8217;\u00e9cologie et l&#8217;alimentation durable afin de promouvoir la sensibilisation \u00e0 l&#8217;environnement \u00e0 l&#8217;\u00e9cole. L&#8217;installation des panneaux solaires s&#8217;est accompagn\u00e9e de la construction et de l&#8217;adaptation d&#8217;un jardin communautaire pour les \u00e9l\u00e8ves et les enseignants. Les enfants et les adultes ont re\u00e7u les panneaux et ont appris \u00e0 entretenir le nouveau syst\u00e8me d&#8217;\u00e9nergie solaire gr\u00e2ce \u00e0 des formations.<\/p>\n<p>Nous devons mettre en \u0153uvre davantage de projets de ce type \u00e0 travers le monde, qui s&#8217;attaquent simultan\u00e9ment \u00e0 l&#8217;\u00e9ducation et au changement climatique.<\/p>\n<p><strong>\u00c9SD : Nous aimerions en savoir un peu plus sur vous sur le plan personnel. Pouvez-vous nous dire quels sont les trois livres qui vous ont le plus influenc\u00e9 &#8211; personnellement et\/ou professionnellement &#8211; et pourquoi vous recommanderiez ces livres \u00e0 d&#8217;autres personnes ?<\/strong><\/p>\n<p><strong>Jan Egeland<\/strong> : Le premier livre que j&#8217;ai lu quand j&#8217;\u00e9tais enfant \u00e9tait &#8220;<em>Nobody&#8217;s Boy<\/em>&#8220;, sur l&#8217;orphelin R\u00e9mi qui a \u00e9t\u00e9 vendu \u00e0 un musicien de rue \u00e0 l&#8217;\u00e2ge de 8 ans. Il m&#8217;a fait une forte impression, car j&#8217;avais le m\u00eame \u00e2ge que R\u00e9mi.<\/p>\n<p>Puis, pendant mes ann\u00e9es d&#8217;\u00e9tudes, j&#8217;ai \u00e9t\u00e9 choqu\u00e9 par la lecture de &#8220;<em>The Open Veins of Latin America<\/em>\u2019\u2019 (Les veines ouvertes de l&#8217;Am\u00e9rique latine) d&#8217;Eduardo Galeano, qui traite de l&#8217;exploitation et de l&#8217;imp\u00e9rialisme syst\u00e9matiques en Am\u00e9rique du Sud et en Am\u00e9rique centrale.<\/p>\n<p>Aujourd&#8217;hui, je suis fascin\u00e9 par &#8220;<em>Zealot : The Life and Times of Jesus of Nazareth<\/em>&#8221; (Z\u00e9lote : La vie et l&#8217;\u00e9poque de J\u00e9sus de Nazareth) de Reza Aslan. Il s&#8217;agit d&#8217;un r\u00e9cit magistral sur le J\u00e9sus historique.<\/p>\n","protected":false},"excerpt":{"rendered":"<p>5 juillet 2021 &#8211; Jan Egeland est le Secr\u00e9taire G\u00e9n\u00e9ral du Conseil Norv\u00e9gien pour les R\u00e9fugi\u00e9s depuis ao\u00fbt 2013, un r\u00f4le qui supervise le travail de l&#8217;organisation humanitaire dans plus de 30 pays touch\u00e9s par des conflits et des catastrophes.<\/p>\n","protected":false},"author":1158,"featured_media":8248,"comment_status":"open","ping_status":"open","sticky":false,"template":"","format":"standard","meta":{"footnotes":""},"categories":[10,2,1,3],"tags":[],"class_list":["post-8249","post","type-post","status-publish","format-standard","has-post-thumbnail","hentry","category-droits-humains","category-education","category-headlines","category-population-refugies"],"_links":{"self":[{"href":"http:\/\/ipsnews.net\/francais\/wp-json\/wp\/v2\/posts\/8249","targetHints":{"allow":["GET"]}}],"collection":[{"href":"http:\/\/ipsnews.net\/francais\/wp-json\/wp\/v2\/posts"}],"about":[{"href":"http:\/\/ipsnews.net\/francais\/wp-json\/wp\/v2\/types\/post"}],"author":[{"embeddable":true,"href":"http:\/\/ipsnews.net\/francais\/wp-json\/wp\/v2\/users\/1158"}],"replies":[{"embeddable":true,"href":"http:\/\/ipsnews.net\/francais\/wp-json\/wp\/v2\/comments?post=8249"}],"version-history":[{"count":2,"href":"http:\/\/ipsnews.net\/francais\/wp-json\/wp\/v2\/posts\/8249\/revisions"}],"predecessor-version":[{"id":8251,"href":"http:\/\/ipsnews.net\/francais\/wp-json\/wp\/v2\/posts\/8249\/revisions\/8251"}],"wp:featuredmedia":[{"embeddable":true,"href":"http:\/\/ipsnews.net\/francais\/wp-json\/wp\/v2\/media\/8248"}],"wp:attachment":[{"href":"http:\/\/ipsnews.net\/francais\/wp-json\/wp\/v2\/media?parent=8249"}],"wp:term":[{"taxonomy":"category","embeddable":true,"href":"http:\/\/ipsnews.net\/francais\/wp-json\/wp\/v2\/categories?post=8249"},{"taxonomy":"post_tag","embeddable":true,"href":"http:\/\/ipsnews.net\/francais\/wp-json\/wp\/v2\/tags?post=8249"}],"curies":[{"name":"wp","href":"https:\/\/api.w.org\/{rel}","templated":true}]}}