{"id":8068,"date":"2021-01-26T20:04:22","date_gmt":"2021-01-26T20:04:22","guid":{"rendered":"http:\/\/ipsnews.net\/francais\/?p=8068"},"modified":"2021-01-26T20:04:22","modified_gmt":"2021-01-26T20:04:22","slug":"questions-reponses-pourquoi-nous-devons-investir-dans-leducation-des-enfants-au-burkina-faso-en-crise","status":"publish","type":"post","link":"http:\/\/ipsnews.net\/francais\/2021\/01\/26\/questions-reponses-pourquoi-nous-devons-investir-dans-leducation-des-enfants-au-burkina-faso-en-crise\/","title":{"rendered":"Questions &#8211; R\u00e9ponses: Pourquoi Nous Devons Investir dans l&#8217;\u00c9ducation des Enfants au Burkina Faso en Crise"},"content":{"rendered":"<p><em><strong>La correspondante IPS Jamila Akweley Okertchiri s&#8217;entretient avec YASMINE SHERIF, directrice d&#8217;\u00c9ducation Sans D\u00e9lai (ECW), \u00e0 propos du nouveau programme pluriannuel qui vise \u00e0 fournir une \u00e9ducation \u00e0 plus de 800 000 enfants et adolescents dans les zones touch\u00e9es par la crise au Burkina Faso<\/strong><\/em><\/p>\n<p>ACCRA, le 22 janvier 2021 (IPS) &#8211; \u00c9ducation Sans D\u00e9lai (ECW) &#8211; le premier fonds mondial d\u00e9di\u00e9 \u00e0 l&#8217;\u00e9ducation dans les situations d&#8217;urgence et les crises prolong\u00e9es &#8211; \u00e9tait sur le terrain au Burkina Faso la semaine derni\u00e8re avec sa directrice, Yasmine Sherif, pour lancer un nouveau programme pluriannuel qui vise \u00e0 fournir une \u00e9ducation \u00e0 plus de 800 000 enfants et adolescents dans les zones touch\u00e9es par la crise.<br \/>\n<!--more--><\/p>\n<p>L&#8217;ECW fournit actuellement 11 millions de dollars de financement de d\u00e9marrage, mais 48 millions de dollars suppl\u00e9mentaires sont n\u00e9cessaires de la part de donateurs publics et priv\u00e9s au cours des trois prochaines ann\u00e9es. Le Burkina Faso, situ\u00e9 dans le centre du Sahel, conna\u00eet, selon l&#8217;Agence des Nations Unies pour les R\u00e9fugi\u00e9s (HCR), \u00abla crise humanitaire et de protection qui conna\u00eet la croissance la plus rapide au monde\u00bb, avec plus d&#8217;un million de personnes d\u00e9plac\u00e9es.<\/p>\n<p>\u00abLe Sahel central fait partie des r\u00e9gions en crise les plus oubli\u00e9es au monde, et le Burkina Faso est l&#8217;une des crises nationales les plus oubli\u00e9es au monde. ECW est pleinement engag\u00e9e dans l&#8217;investissement dans l&#8217;\u00e9ducation \u00e0 travers le Sahel au cours des deux derni\u00e8res ann\u00e9es, en particulier au Burkina Faso, au Mali et au Niger \u00bb, a d\u00e9clar\u00e9 Sherif \u00e0 IPS lors d&#8217;un entretien t\u00e9l\u00e9phonique depuis Ouagadougou.<\/p>\n<p>Sherif venait de rentrer de Kaya, la cinqui\u00e8me plus grande ville du Burkina Faso, au nord-est de la capitale, o\u00f9 elle a pass\u00e9 du temps avec des enfants, des enseignants et des familles touch\u00e9s par la crise. Elle y a vu beaucoup de souffrance. \u00abIls s&#8217;assoient dans une chaleur p\u00e9nible, essayant d&#8217;apprendre. Ils n\u2019ont ni tentes, ni b\u00e2timents scolaires, ni mat\u00e9riel scolaire. L&#8217;eau manque, l&#8217;assainissement fait d\u00e9faut et ils ont fui une violence incroyable. Leurs yeux sont creux. Ces enfants souffrent \u00bb, dit-elle.<\/p>\n<p>Stanislas Ouaro, ministre de l&#8217;\u00c9ducation Nationale et de l&#8217;Alphab\u00e9tisation du Burkina Faso, <a href=\"https:\/\/www.educationcannotwait.org\/education-cannot-wait-and-partners-launch-multi-year-education-programme-to-deliver-education-to-over-800000-children-affected-by-crises-in-burkina-faso\/\" rel=\"noopener\" target=\"_blank\">a d\u00e9clar\u00e9 que l&#8217;\u00e9ducation dans le pays souffrait \u00e0 la fois de la violence et de l&#8217;ins\u00e9curit\u00e9 permanentes, ainsi que de la crise du COVID-19<\/a>. Alors que la crise s\u00e9curitaire a entra\u00een\u00e9 la fermeture de plus de 2 300 \u00e9coles, la pand\u00e9mie de COVID-19 a en outre entra\u00een\u00e9 la fermeture d&#8217;\u00e9coles \u00e0 l&#8217;\u00e9chelle nationale pendant plusieurs mois en 2020.<\/p>\n<p>Des extraits de l&#8217;entretien suivent:<\/p>\n<div id=\"attachment_8067\" style=\"width: 600px\" class=\"wp-caption alignnone\"><img loading=\"lazy\" decoding=\"async\" aria-describedby=\"caption-attachment-8067\" src=\"http:\/\/ipsnews.net\/francais\/wp-content\/uploads\/2021\/01\/ecw_2601_3_.jpg\" alt=\"\" width=\"590\" height=\"443\" class=\"size-full wp-image-8067\" srcset=\"http:\/\/ipsnews.net\/francais\/wp-content\/uploads\/2021\/01\/ecw_2601_3_.jpg 590w, http:\/\/ipsnews.net\/francais\/wp-content\/uploads\/2021\/01\/ecw_2601_3_-300x225.jpg 300w\" sizes=\"auto, (max-width: 590px) 100vw, 590px\" \/><p id=\"caption-attachment-8067\" class=\"wp-caption-text\">Alors que la crise s\u00e9curitaire au Burkina Faso a entra\u00een\u00e9 la fermeture de plus de 2 300 \u00e9coles, la pand\u00e9mie de COVID-19 a \u00e9galement entra\u00een\u00e9 la fermeture d&#8217;\u00e9coles \u00e0 l&#8217;\u00e9chelle nationale pendant plusieurs mois en 2020. Cr\u00e9dit: \u00c9ducation Sans D\u00e9lai (ECW)<\/p><\/div>\n<p><strong>Inter Press Service (IPS): Quel a \u00e9t\u00e9 l&#8217;impact des premiers programmes d&#8217;urgence ECW dans les pays cibl\u00e9s, en particulier au Burkina Faso?<\/strong><\/p>\n<p><strong>Yasmine Sherif (YS)<\/strong>: Ce que nous constatons aujourd&#8217;hui, c&#8217;est que davantage d&#8217;enfants et de jeunes sont d\u00e9sormais en mesure d&#8217;acc\u00e9der aux \u00e9coles dans tous les pays des zones touch\u00e9es par la crise. Nous voyons plus de filles, y compris des adolescentes, fr\u00e9quenter l&#8217;\u00e9cole et cela gr\u00e2ce aux investissements de l&#8217;ECW qui soutiennent un ensemble holistique d&#8217;activit\u00e9s, de la maternelle au secondaire. Aujourd&#8217;hui, nous avons investi environ 40 millions de dollars dans ces pays et les activit\u00e9s que nous avons fournies comprennent la sant\u00e9 mentale et le soutien psychosocial, qui sont tr\u00e8s importants pour les enfants et les adolescents touch\u00e9s par une crise. Nous avons \u00e9galement r\u00e9pondu tr\u00e8s rapidement \u00e0 la pand\u00e9mie du COVID-19. Nous avons \u00e9t\u00e9 parmi les premiers intervenants au COVID-19, fournissant des installations d&#8217;assainissement et d&#8217;eau et des mat\u00e9riaux de construction, ainsi qu&#8217;un soutien pour des solutions d&#8217;apprentissage \u00e0 distance pour les communaut\u00e9s.<\/p>\n<p><strong>IPS: Vous \u00eates actuellement en mission au Burkina Faso. \u00c0 la fin de l\u2019ann\u00e9e derni\u00e8re, le HCR a d\u00e9clar\u00e9 que le Burkina Faso vivait d\u00e9sormais la crise de d\u00e9placement et de protection qui connaissait la plus forte croissance au monde, avec plus d\u2019un habitant sur 20 d\u00e9plac\u00e9 en raison de la mont\u00e9e de la violence \u00e0 l\u2019int\u00e9rieur du pays. Plus de 2,6 millions d&#8217;enfants et de jeunes ne sont pas scolaris\u00e9s au Burkina Faso, et 1,7 million d&#8217;\u00e9l\u00e8ves suppl\u00e9mentaires risquent d&#8217;abandonner l&#8217;\u00e9cole. Que trouvez-vous sur le terrain?<\/strong><\/p>\n<p><strong>YS<\/strong>: Le HCR \u00e9tait ici en mission r\u00e9cemment et a appel\u00e9 le monde \u00e0 agir et quand ils ont lanc\u00e9 l\u2019appel \u00e0 agir, nous avions l&#8217;obligation d&#8217;agir. C&#8217;est pourquoi nous avons prioris\u00e9 notre mission au Burkina Faso en r\u00e9ponse directe \u00e0 l&#8217;appel du Haut-Commissaire des Nations Unies pour les R\u00e9fugi\u00e9s.<\/p>\n<p>Maintenant, que voyons-nous sur le terrain? Nous voyons un nombre \u00e9lev\u00e9 de communaut\u00e9s d\u00e9plac\u00e9es. Il y a un million de personnes d\u00e9plac\u00e9es \u00e0 l&#8217;int\u00e9rieur du Burkina Faso, ainsi que 20 000 r\u00e9fugi\u00e9s des pays voisins et nous avons aussi les communaut\u00e9s d&#8217;accueil o\u00f9 vivent beaucoup d&#8217;entre eux. Il s&#8217;agit notamment des enfants qui ont fui l&#8217;ins\u00e9curit\u00e9 et la violence; leurs villages ont \u00e9t\u00e9 incendi\u00e9s et ils ont trouv\u00e9 la s\u00e9curit\u00e9 dans les zones contr\u00f4l\u00e9es par le gouvernement.<\/p>\n<p>Nous avons visit\u00e9 la ville de Kaya au Burkina Faso et nous avons pu sentir qu&#8217;il y avait plus de s\u00e9curit\u00e9 l\u00e0-bas. Mais il faut davantage de ressources pour fournir \u00e0 ces enfants et jeunes l\u2019\u00e9ducation qu\u2019ils m\u00e9ritent, ce qui est difficile car une zone de violence et d\u2019ins\u00e9curit\u00e9 constitue un obstacle \u00e0 l\u2019\u00e9ducation.<\/p>\n<p>Le gouvernement est tr\u00e8s engag\u00e9, le Pr\u00e9sident, le Ministre de l&#8217;\u00c9ducation &#8211; organisations de la soci\u00e9t\u00e9 civile, ONG, Nations Unies &#8211; travaillent tous ensemble dans un partenariat solide pour fournir des ressources et du personnel pour rendre l&#8217;\u00e9ducation disponible dans un environnement s\u00fbr pour les enfants et les adolescents.<\/p>\n<p><strong>IPS: Comme vous l&#8217;avez mentionn\u00e9, vous \u00eates r\u00e9cemment revenue d&#8217;une mission sur le terrain \u00e0 Kaya. Qu&#8217;est-ce que les gens, les \u00e9tudiants, en particulier les filles, vous ont dit sur la situation l\u00e0-bas?<\/strong><\/p>\n<p><strong>YS<\/strong>: Au Burkina Faso, vous voyez que les filles sont fortes mais elles sont d\u00e9munies parce qu&#8217;elles n&#8217;ont pas les outils, elles sont d\u00e9munies parce qu&#8217;elles n&#8217;ont pas acc\u00e8s \u00e0 l&#8217;\u00e9ducation &#8211; c&#8217;est ce que nous voyons et c&#8217;est pourquoi nous avons besoin de plus de financement. Si vous voulez autonomiser l\u2019\u00e9ducation des filles, vous devez apporter les ressources &#8211; parce que la volont\u00e9 politique est l\u00e0, les repr\u00e9sentants sont l\u00e0 pour diriger le programme afin d\u2019assurer un r\u00e9sultat collectif pour les filles &#8211; et des outils d\u2019apprentissage. Comment peuvent-elles se focaliser et \u00e9tudier dans des conditions et un environnement non s\u00e9curis\u00e9s? Encore une fois, on a urgemment besoin des ressources.<\/p>\n<p><strong>IPS: Plus t\u00f4t ce mois-ci, ECW a annonc\u00e9 un financement d&#8217;environ 33 millions de dollars pour le Mali, le Niger, le Sahel central et le Burkina Faso. De ce montant, 11 millions de dollars constituent une subvention catalytique pour le Burkina Faso, mais 48 millions de dollars sont n\u00e9cessaires en fonds suppl\u00e9mentaires sur quelques ann\u00e9es. Qu&#8217;est-ce que cela signifie en termes de port\u00e9e et d&#8217;ampleur de la t\u00e2che qui reste devant?<\/strong><\/p>\n<p><strong>YS<\/strong>: Plus nous recevons des fonds et plus nous sommes en mesure de combler le d\u00e9ficit de financement, plus nous pouvons atteindre la vision et l&#8217;objectif et agir. Personne ne peut dire qu&#8217;il n&#8217;y a pas de capacit\u00e9 \u00e0 amplifier ; nous avons une grande capacit\u00e9 dans la soci\u00e9t\u00e9 civile, dans les agences des Nations Unies et il y a une grande volont\u00e9 politique du gouvernement. Il appartient maintenant aux pays les plus riches de fournir les financements n\u00e9cessaires, et nous voulons qu&#8217;ils soient des partenaires car ECW est un fonds mondial o\u00f9 nos partenaires donateurs si\u00e8gent dans notre structure de gouvernance. Nos partenaires fournissent le financement, participent \u00e0 la prise de d\u00e9cisions et aident \u00e0 financer notre vision commune d&#8217;une \u00e9ducation inclusive de qualit\u00e9 pour les filles, pour les enfants handicap\u00e9s, pour ceux qui prennent du retard.<\/p>\n<p><strong>IPS: ECW se focalise sur la collaboration avec d\u2019autres agences mettant en \u0153uvre les programmes de r\u00e9silience pluriannuels du fonds. Quelle est l&#8217;importance de ces partenaires dans l&#8217;ex\u00e9cution et, finalement, dans le succ\u00e8s de ces programmes?<\/strong><\/p>\n<p><strong>YS<\/strong>: Nos partenaires sont absolument essentiels &#8211; les organisations de la soci\u00e9t\u00e9 civile, les agences des Nations Unies et bien s\u00fbr les dirigeants du gouvernement &#8211; ce sont eux qui travaillent parmi la population, ils font le travail sur le terrain, ils font les sacrifices. Notre travail est de faciliter et de rendre leur travail plus ais\u00e9, de mobiliser des ressources et de rassembler tout le monde. Nos partenaires sur le terrain ont la cr\u00e9dibilit\u00e9 et ils sont les sources de la solution pour les communaut\u00e9s qui peinent \u00e0 subvenir aux besoins de leurs enfants et de leurs jeunes. Ce sont nos h\u00e9ros et ils nous font avancer.<\/p>\n<p><strong>IPS: Stanislas Ouaro, ministre de l&#8217;\u00c9ducation Nationale et de l&#8217;Alphab\u00e9tisation du Burkina-Faso, a d\u00e9clar\u00e9 que la crise s\u00e9curitaire avait entra\u00een\u00e9 la fermeture de plus de 2 300 \u00e9coles et que la pand\u00e9mie COVID-19 avait en outre entra\u00een\u00e9 la fermeture de toutes les \u00e9coles du Burkina Faso pendant plusieurs mois. Pourquoi la continuit\u00e9 de l&#8217;\u00e9ducation est-elle si importante pour les enfants en situation de crise?<\/strong><\/p>\n<p><strong>YS<\/strong>: Vous savez, lorsqu&#8217;un enfant ne va pas \u00e0 l&#8217;\u00e9cole, lorsqu&#8217;une fille n&#8217;est pas scolaris\u00e9e, elle est plus susceptible de se marier t\u00f4t, elle est plus susceptible de tomber enceinte t\u00f4t et par cons\u00e9quent tr\u00e8s susceptible de ne jamais aller \u00e0 l&#8217;\u00e9cole. Donc, le principal impact de l&#8217;emp\u00eacher d&#8217;aller \u00e0 l&#8217;\u00e9cole est que vous l&#8217;avez d\u00e9munie. Si un gar\u00e7on n&#8217;est pas scolaris\u00e9, il est plus susceptible d&#8217;\u00eatre recrut\u00e9 dans un groupe arm\u00e9, plus susceptible de prendre les armes et ce faisant, sa chance d&#8217;avoir une bonne \u00e9ducation pour devenir un citoyen productif a \u00e9t\u00e9 d\u00e9truite.<\/p>\n<p>Plus ils ne seront pas scolaris\u00e9s au milieu de l&#8217;ins\u00e9curit\u00e9, de la pand\u00e9mie ou de toute autre crise, plus il est probable qu&#8217;ils ne reviendront jamais et le cercle vicieux des grossesses non d\u00e9sir\u00e9es, de la traite, du recrutement forc\u00e9, de l&#8217;extr\u00eame pauvret\u00e9 et du manque de moyens de subsistance se poursuivra. C&#8217;est pourquoi tout pays touch\u00e9 par un conflit et une crise est important pour nous. Nous avons un ministre de l&#8217;\u00c9ducation brillant et engag\u00e9 qui a fait ses \u00e9tudes ici au Burkina Faso. Le Burkina Faso \u00e9tait l&#8217;un des pays les plus progressistes dans la r\u00e9alisation des Objectifs de D\u00e9veloppement Durable (ODD) dans le domaine de l&#8217;\u00e9ducation il y a cinq ans mais, \u00e0 cause de la crise du Sahel et du Burkina Faso, il a recul\u00e9. Nous devons donc les ramener rapidement \u00e0 l&#8217;\u00e9cole, nous devons assurer la s\u00e9curit\u00e9 des \u00e9coles, nous devons obtenir des mesures de protection contre le COVID-19, mais la cl\u00e9 est \u00e9galement de mettre fin au conflit et de restaurer la stabilit\u00e9.<\/p>\n<p><strong>IPS: Les programmes de l\u2019ECW ont accord\u00e9 une attention particuli\u00e8re \u00e0 l\u2019\u00e9ducation des filles ; pouvez-vous partager l\u2019impact de cette d\u00e9cision sur les b\u00e9n\u00e9ficiaires?<\/strong><\/p>\n<p><strong>YS<\/strong>: ECW s&#8217;est engag\u00e9 \u00e0 voir un minimum de 60 pour cent des filles \u00e0 l&#8217;\u00e9cole gr\u00e2ce \u00e0 l&#8217;action positive. Nous pensons que l&#8217;\u00e9galit\u00e9 des sexes commence par l&#8217;autonomisation des filles gr\u00e2ce \u00e0 l&#8217;\u00e9ducation et, gr\u00e2ce \u00e0 nos investissements, nous avons vu plus de filles \u00e0 l&#8217;\u00e9cole et nous avons \u00e9galement vu plus de filles fr\u00e9quenter d\u00e9sormais l&#8217;enseignement secondaire. Il existe donc une corr\u00e9lation directe entre notre action positive, notre investissement financier et le nombre de filles qui b\u00e9n\u00e9ficient d\u00e9sormais d&#8217;une \u00e9ducation de qualit\u00e9.<\/p>\n<p><strong>IPS: Y a-t-il autre chose que vous aimeriez ajouter?<\/strong><\/p>\n<p><strong>YS<\/strong>: L&#8217;\u00e9ducation est un investissement dans l&#8217;humanit\u00e9 ; nous investissons dans le g\u00e9nie humain, l&#8217;\u00e2me et l&#8217;esprit humains et il est plus co\u00fbteux d&#8217;ignorer cet investissement que de faire cet investissement. Investir dans un \u00eatre humain et un \u00eatre humain en crise est un choix moral et j&#8217;en appelle \u00e0 chacun de faire le choix moral, le choix politique et le choix financier qui cr\u00e9eront cette r\u00e9compense. Soyez humain, soyez authentique et soyez appel\u00e9 \u00e0 cr\u00e9er un monde meilleur.<\/p>\n","protected":false},"excerpt":{"rendered":"<p>La correspondante IPS Jamila Akweley Okertchiri s&#8217;entretient avec YASMINE SHERIF, directrice d&#8217;\u00c9ducation Sans D\u00e9lai (ECW), \u00e0 propos du nouveau programme pluriannuel qui vise \u00e0 fournir une \u00e9ducation \u00e0 plus de 800 000 enfants et adolescents dans les zones touch\u00e9es par&hellip; <a href=\"http:\/\/ipsnews.net\/francais\/2021\/01\/26\/questions-reponses-pourquoi-nous-devons-investir-dans-leducation-des-enfants-au-burkina-faso-en-crise\/\" class=\"more-link\">Continue Reading <span class=\"meta-nav\">&rarr;<\/span><\/a><\/p>\n","protected":false},"author":1207,"featured_media":8065,"comment_status":"open","ping_status":"open","sticky":false,"template":"","format":"standard","meta":{"footnotes":""},"categories":[1],"tags":[],"class_list":["post-8068","post","type-post","status-publish","format-standard","has-post-thumbnail","hentry","category-headlines"],"_links":{"self":[{"href":"http:\/\/ipsnews.net\/francais\/wp-json\/wp\/v2\/posts\/8068","targetHints":{"allow":["GET"]}}],"collection":[{"href":"http:\/\/ipsnews.net\/francais\/wp-json\/wp\/v2\/posts"}],"about":[{"href":"http:\/\/ipsnews.net\/francais\/wp-json\/wp\/v2\/types\/post"}],"author":[{"embeddable":true,"href":"http:\/\/ipsnews.net\/francais\/wp-json\/wp\/v2\/users\/1207"}],"replies":[{"embeddable":true,"href":"http:\/\/ipsnews.net\/francais\/wp-json\/wp\/v2\/comments?post=8068"}],"version-history":[{"count":1,"href":"http:\/\/ipsnews.net\/francais\/wp-json\/wp\/v2\/posts\/8068\/revisions"}],"predecessor-version":[{"id":8069,"href":"http:\/\/ipsnews.net\/francais\/wp-json\/wp\/v2\/posts\/8068\/revisions\/8069"}],"wp:featuredmedia":[{"embeddable":true,"href":"http:\/\/ipsnews.net\/francais\/wp-json\/wp\/v2\/media\/8065"}],"wp:attachment":[{"href":"http:\/\/ipsnews.net\/francais\/wp-json\/wp\/v2\/media?parent=8068"}],"wp:term":[{"taxonomy":"category","embeddable":true,"href":"http:\/\/ipsnews.net\/francais\/wp-json\/wp\/v2\/categories?post=8068"},{"taxonomy":"post_tag","embeddable":true,"href":"http:\/\/ipsnews.net\/francais\/wp-json\/wp\/v2\/tags?post=8068"}],"curies":[{"name":"wp","href":"https:\/\/api.w.org\/{rel}","templated":true}]}}