{"id":7837,"date":"2020-06-29T22:21:05","date_gmt":"2020-06-29T22:21:05","guid":{"rendered":"http:\/\/ipsnews.net\/francais\/?p=7837"},"modified":"2020-07-14T22:21:58","modified_gmt":"2020-07-14T22:21:58","slug":"lavenir-post-pandemique-de-lafrique-doit-integrer-les-jeunes-dans-lagriculture","status":"publish","type":"post","link":"http:\/\/ipsnews.net\/francais\/2020\/06\/29\/lavenir-post-pandemique-de-lafrique-doit-integrer-les-jeunes-dans-lagriculture\/","title":{"rendered":"L\u2019avenir post-pand\u00e9mique de l\u2019Afrique doit int\u00e9grer les jeunes dans l\u2019agriculture"},"content":{"rendered":"<p><em><strong>Aslihan Arslan<\/strong>, \u00e9conomiste principale, Division de la Recherche et de l&#8217;Evaluation d&#8217;Impact, FIDA et <strong>Zoumana Bamba<\/strong>, repr\u00e9sentante nationale de l&#8217;IITA, RD Congo<\/em><\/p>\n<p>29 juin 2020 (IPS) &#8211; Les avertissements aux premiers stades de la pand\u00e9mie de COVID-19 selon lesquels l&#8217;Afrique pourrait \u00eatre frapp\u00e9e par une vague de jusqu&#8217;\u00e0 10 millions de cas d&#8217;ici six mois, heureusement, semblent d\u00e9sormais infond\u00e9s, bien qu&#8217;il soit encore beaucoup trop t\u00f4t pour \u00eatre trop confiant.<br \/>\n<!--more--><\/p>\n<p><div id=\"attachment_7835\" style=\"width: 230px\" class=\"wp-caption alignleft\"><img loading=\"lazy\" decoding=\"async\" aria-describedby=\"caption-attachment-7835\" src=\"http:\/\/ipsnews.net\/francais\/wp-content\/uploads\/2020\/07\/iita-photo_.jpg\" alt=\"\" width=\"220\" height=\"239\" class=\"size-full wp-image-7835\" \/><p id=\"caption-attachment-7835\" class=\"wp-caption-text\">Aslihan Arslan<\/p><\/div>L&#8217;Organisation Mondiale de la Sant\u00e9, le 22 mai, a d\u00e9clar\u00e9 que le virus semble \u00abemprunter une voie diff\u00e9rente\u00bb sur le continent, avec un taux de mortalit\u00e9 plus faible et une augmentation plus lente des cas que dans d&#8217;autres r\u00e9gions. Cependant, trois semaines plus tard, l&#8217;OMS a averti que la pand\u00e9mie en Afrique s&#8217;acc\u00e9l\u00e9rait et a not\u00e9 qu&#8217;il avait fallu 98 jours pour atteindre 100 000 cas et seulement 19 jours pour passer \u00e0 200 000 cas.<\/p>\n<p>Au 23 juin, l&#8217;Afrique avait enregistr\u00e9 plus de 232 000 cas confirm\u00e9s et 5 117 d\u00e9c\u00e8s, encore beaucoup moins par rapport \u00e0 l&#8217;Europe et aux Am\u00e9riques. Les experts analysent toujours comment, avec la pauvret\u00e9 g\u00e9n\u00e9ralis\u00e9e, les syst\u00e8mes de sant\u00e9 publique fragiles et la faiblesse des infrastructures dans de nombreux pays, l&#8217;Afrique a \u00e9vit\u00e9 le pire. Des actions pr\u00e9ventives rapides de la part des gouvernements et d&#8217;une majorit\u00e9 \u00e9crasante de jeunes sont cit\u00e9es comme des facteurs importants. Bien que nous devions \u00e9viter les pi\u00e8ges de la complaisance et de la confiance dans les statistiques parfois douteuses caus\u00e9es en partie par un manque de tests, le danger \u00e9mergent est maintenant que les cons\u00e9quences sur la vie et la mort des retomb\u00e9es \u00e9conomiques de la pand\u00e9mie seront beaucoup plus graves que le virus lui-m\u00eame.<\/p>\n<p>Le continent africain est sur le point de sombrer dans sa premi\u00e8re r\u00e9cession en 25 ans. L&#8217;Afrique subsaharienne et l&#8217;Inde devraient, selon <a href=\"https:\/\/blogs.worldbank.org\/opendata\/updated-estimates-impact-covid-19-global-poverty\" rel=\"noopener\" target=\"_blank\">les analystes de la Banque mondiale<\/a>, \u00eatre les deux r\u00e9gions les plus durement touch\u00e9es sur le plan \u00e9conomique. Les derni\u00e8res projections estiment que 26 \u00e0 39 millions de personnes suppl\u00e9mentaires, dont beaucoup d&#8217;agriculteurs de subsistance, seront plong\u00e9es dans l&#8217;extr\u00eame pauvret\u00e9 en Afrique subsaharienne cette ann\u00e9e.<\/p>\n<p>Le pr\u00e9sident rwandais Paul Kagame, qui a r\u00e9agi rapidement pour imposer le verrouillage de son pays, a averti que certaines \u00e9conomies africaines pourraient prendre &#8220;<a href=\"https:\/\/www.ft.com\/content\/93293b6a-f167-45b9-8ad2-594e4c26fd50\" rel=\"noopener\" target=\"_blank\">une g\u00e9n\u00e9ration ou plus<\/a>&#8221; pour se r\u00e9tablir sans intervention coordonn\u00e9e.<\/p>\n<p>Les cha\u00eenes de valeur agricoles ont \u00e9t\u00e9 gravement touch\u00e9es par l&#8217;impact des verrouillages, et pas seulement les cultures vivri\u00e8res. <a href=\"https:\/\/www.fairtrade.org.uk\/Media-Centre\/Blog\/2020\/April\/Kenyan-worker-tells-her-story-of-a-flower-industry-devastated-by-COVID-19\" rel=\"noopener\" target=\"_blank\">L\u2019industrie florale du Kenya<\/a>, par exemple, a \u00e9t\u00e9 frapp\u00e9e par la fermeture des march\u00e9s dans les pays d\u00e9velopp\u00e9s. Plus de 70 000 agriculteurs ont \u00e9t\u00e9 licenci\u00e9s et il est rapport\u00e9 que 50 tonnes de fleurs ont d\u00fb \u00eatre d\u00e9vers\u00e9es chaque jour.<\/p>\n<p><div id=\"attachment_7836\" style=\"width: 230px\" class=\"wp-caption alignright\"><img loading=\"lazy\" decoding=\"async\" aria-describedby=\"caption-attachment-7836\" src=\"http:\/\/ipsnews.net\/francais\/wp-content\/uploads\/2020\/07\/Zoumana-Bamba_.jpg\" alt=\"\" width=\"220\" height=\"221\" class=\"size-full wp-image-7836\" srcset=\"http:\/\/ipsnews.net\/francais\/wp-content\/uploads\/2020\/07\/Zoumana-Bamba_.jpg 220w, http:\/\/ipsnews.net\/francais\/wp-content\/uploads\/2020\/07\/Zoumana-Bamba_-150x150.jpg 150w, http:\/\/ipsnews.net\/francais\/wp-content\/uploads\/2020\/07\/Zoumana-Bamba_-144x144.jpg 144w\" sizes=\"auto, (max-width: 220px) 100vw, 220px\" \/><p id=\"caption-attachment-7836\" class=\"wp-caption-text\">Zoumana Bamba<\/p><\/div>\u00c0 court terme, tout cela \u00e9quivaut \u00e0 la double menace de baisse des revenus et de graves p\u00e9nuries alimentaires, \u00e9tant donn\u00e9 que les m\u00e9nages ach\u00e8tent environ 50 pour cent de leur nourriture m\u00eame en Afrique rurale, caus\u00e9e directement ou exacerb\u00e9e par la pand\u00e9mie de COVID-19. En plus de cela, <a href=\"http:\/\/www.fao.org\/news\/story\/en\/item\/1259082\/icode\/\" rel=\"noopener\" target=\"_blank\">des essaims d\u00e9vastateurs de criquets p\u00e8lerins en Afrique de l&#8217;Est &#8211; la pire \u00e9pid\u00e9mie au Kenya<\/a> en 70 ans &#8211; combin\u00e9s \u00e0 une ann\u00e9e de s\u00e9cheresse et d&#8217;inondations ont mis des millions de personnes dans cette r\u00e9gion \u00e0 risque de faim et de famine.<\/p>\n<p>Ce danger le plus imm\u00e9diat pour la s\u00e9curit\u00e9 alimentaire de l\u2019Afrique est aggrav\u00e9 par les tendances \u00e0 plus long terme <a href=\"https:\/\/population.un.org\/wup\/Publications\/Files\/WUP2018-Report.pdf\" rel=\"noopener\" target=\"_blank\">des taux de croissance d\u00e9mographique et urbaine les plus rapides<\/a> du monde. <a href=\"https:\/\/population.un.org\/wup\/Publications\/Files\/WUP2018-Report.pdf\" rel=\"noopener\" target=\"_blank\">La population urbaine de l&#8217;Afrique devrait presque tripler entre 2018 et 2050<\/a>.<\/p>\n<p>Le Fonds International pour le d\u00e9veloppement agricole (FIDA) des Nations Unies travaille avec les gouvernements et la soci\u00e9t\u00e9 civile pour fournir aux jeunes les comp\u00e9tences et les opportunit\u00e9s dont ils ont besoin et pour cr\u00e9er des emplois dans le syst\u00e8me agroalimentaire afin de pr\u00e9server la s\u00e9curit\u00e9 alimentaire, de r\u00e9duire la pauvret\u00e9 et contribuer \u00e0 la stabilit\u00e9 sociale et politique. Les d\u00e9fis sont \u00e9normes et divers. <\/p>\n<p>Le FIDA concentre de plus en plus ses ressources sur les jeunes en tant que priorit\u00e9, car une transformation rurale r\u00e9ussie d\u00e9pend de leur inclusion dans le processus. Il est en partenariat avec l&#8217;Institut international d&#8217;agriculture tropicale (IITA)  \u00e0 but non lucratif et est un bailleur de fonds cl\u00e9 d&#8217;un projet de trois ans en Afrique subsaharienne qui offre 80 bourses \u00e0 de jeunes Africains poursuivant une ma\u00eetrise ou un doctorat en mettant l&#8217;accent sur la recherche pour promouvoir l&#8217;engagement des jeunes dans l&#8217;agriculture. <\/p>\n<p>Connu sous le nom de CARE &#8211; <em><strong>Enhancing Capacity to Apply Research Evidence<\/strong><\/em> (Am\u00e9lioration de la capacit\u00e9 \u00e0 appliquer les donn\u00e9es de recherche) &#8211; le programme combine le mentorat avec une formation en m\u00e9thodologie, analyse de donn\u00e9es et r\u00e9daction scientifique en vue de produire des preuves de recherche et des recommandations pour les d\u00e9cideurs. Des voix jeunes et autoritaires sont amen\u00e9es \u00e0 la table, augmentant la repr\u00e9sentation des jeunes dans les processus nationaux et politiques. <\/p>\n<p>Les notes d&#8217;orientation produites \u00e0 ce jour illustrent comment les chercheurs, y compris de nombreuses jeunes femmes professionnelles, contestent les r\u00e9cits et les st\u00e9r\u00e9otypes courants. Oui, la migration hors des zones rurales est une tendance apparemment imparable, mais de nombreux jeunes s&#8217;engagent toujours dans le secteur agricole et le syst\u00e8me agroalimentaire qui n\u00e9cessitent des investissements consid\u00e9rables. <\/p>\n<p>Pour mettre en \u00e9vidence quelques exemples de leurs d\u00e9couvertes r\u00e9centes:<\/p>\n<ul>\u25a0\tAdewale Ogunmodede de l&#8217;Universit\u00e9 d&#8217;Ibadan au Nig\u00e9ria analyse les lacunes du programme N-Power Agro visant \u00e0 am\u00e9liorer les moyens de subsistance en milieu rural et soutient que l&#8217;approche descendante ne parvient pas \u00e0 attirer les jeunes vers l&#8217;agriculture.<br \/>\n\u25a0\tLes recherches d&#8217;Akinyi Sassi en Tanzanie remettent en question l&#8217;id\u00e9e st\u00e9r\u00e9otyp\u00e9e selon laquelle les femmes utilisent moins les TIC que les hommes pour acc\u00e9der aux informations sur les march\u00e9s agricoles. Elle constate que le co\u00fbt d&#8217;utilisation du t\u00e9l\u00e9phone et la fiabilit\u00e9 des informations sont des facteurs critiques.<br \/>\n\u25a0\tCynthia Mkong examine la question des mod\u00e8les, du statut social et de l&#8217;exp\u00e9rience ant\u00e9rieure pour d\u00e9terminer pourquoi certains \u00e9tudiants sont plus susceptibles de choisir l&#8217;agriculture comme option majeure universitaire dans deux universit\u00e9s au Cameroun. Elle dit que ses r\u00e9sultats indiquent que l&#8217;agriculture gagnera en importance \u00e0 la fois comme domaine d&#8217;\u00e9tudes et comme profession.<br \/>\n\u25a0\tGrace Chabi examine pourquoi l&#8217;engagement des jeunes dans l&#8217;agriculture continue de diminuer au B\u00e9nin malgr\u00e9 les initiatives du gouvernement. Parmi ses recommandations politiques figurent un appel \u00e0 \u00e9liminer les pr\u00e9jug\u00e9s sexistes de la propri\u00e9t\u00e9 fonci\u00e8re, du cr\u00e9dit et des pratiques d&#8217;emploi.<\/ul>\n<p>Avec la population la plus jeune et dont la croissance est la plus rapide au monde, les communaut\u00e9s africaines encore majoritairement rurales continueront de cro\u00eetre, m\u00eame si la migration et l\u2019urbanisation augmentent. Il est primordial d&#8217;investir dans les emplois ruraux et de soutenir des millions de petites familles d&#8217;agriculteurs, ainsi que d&#8217;investir dans l&#8217;am\u00e9lioration de la connectivit\u00e9 (physique et num\u00e9rique) dans les zones rurales pour soutenir les syst\u00e8mes agroalimentaires.<\/p>\n<p>Le FIDA partage la vision de l&#8217;IITA visant \u00e0 am\u00e9liorer la perception et l&#8217;\u00e9tat d&#8217;esprit des syst\u00e8mes agroalimentaires afin que les jeunes y voient des opportunit\u00e9s pour des entreprises passionnantes et rentables, car les consommateurs exigent une plus grande diversit\u00e9 de produits alimentaires. Le projet CARE comblant ces lacunes dans les connaissances commence d\u00e9j\u00e0 \u00e0 produire les recherches pertinentes et approfondies dont les communaut\u00e9s africaines ont besoin pour renforcer la s\u00e9curit\u00e9 alimentaire et la r\u00e9silience face aux chocs futurs, et r\u00e9aliser une transformation rurale incluant les jeunes ruraux.<\/p>\n","protected":false},"excerpt":{"rendered":"<p>Aslihan Arslan, \u00e9conomiste principale, Division de la Recherche et de l&#8217;Evaluation d&#8217;Impact, FIDA et Zoumana Bamba, repr\u00e9sentante nationale de l&#8217;IITA, RD Congo 29 juin 2020 (IPS) &#8211; Les avertissements aux premiers stades de la pand\u00e9mie de COVID-19 selon lesquels l&#8217;Afrique&hellip; <a href=\"http:\/\/ipsnews.net\/francais\/2020\/06\/29\/lavenir-post-pandemique-de-lafrique-doit-integrer-les-jeunes-dans-lagriculture\/\" class=\"more-link\">Continue Reading <span class=\"meta-nav\">&rarr;<\/span><\/a><\/p>\n","protected":false},"author":1194,"featured_media":0,"comment_status":"open","ping_status":"open","sticky":false,"template":"","format":"standard","meta":{"footnotes":""},"categories":[5,38,11,1,4,20],"tags":[],"class_list":["post-7837","post","type-post","status-publish","format-standard","hentry","category-afrique","category-commerce-et-pauvrete","category-developpement","category-headlines","category-sante","category-travail"],"_links":{"self":[{"href":"http:\/\/ipsnews.net\/francais\/wp-json\/wp\/v2\/posts\/7837","targetHints":{"allow":["GET"]}}],"collection":[{"href":"http:\/\/ipsnews.net\/francais\/wp-json\/wp\/v2\/posts"}],"about":[{"href":"http:\/\/ipsnews.net\/francais\/wp-json\/wp\/v2\/types\/post"}],"author":[{"embeddable":true,"href":"http:\/\/ipsnews.net\/francais\/wp-json\/wp\/v2\/users\/1194"}],"replies":[{"embeddable":true,"href":"http:\/\/ipsnews.net\/francais\/wp-json\/wp\/v2\/comments?post=7837"}],"version-history":[{"count":3,"href":"http:\/\/ipsnews.net\/francais\/wp-json\/wp\/v2\/posts\/7837\/revisions"}],"predecessor-version":[{"id":7839,"href":"http:\/\/ipsnews.net\/francais\/wp-json\/wp\/v2\/posts\/7837\/revisions\/7839"}],"wp:attachment":[{"href":"http:\/\/ipsnews.net\/francais\/wp-json\/wp\/v2\/media?parent=7837"}],"wp:term":[{"taxonomy":"category","embeddable":true,"href":"http:\/\/ipsnews.net\/francais\/wp-json\/wp\/v2\/categories?post=7837"},{"taxonomy":"post_tag","embeddable":true,"href":"http:\/\/ipsnews.net\/francais\/wp-json\/wp\/v2\/tags?post=7837"}],"curies":[{"name":"wp","href":"https:\/\/api.w.org\/{rel}","templated":true}]}}