{"id":7735,"date":"2020-04-30T11:33:43","date_gmt":"2020-04-30T11:33:43","guid":{"rendered":"http:\/\/ipsnews.net\/francais\/?p=7735"},"modified":"2020-04-30T11:34:32","modified_gmt":"2020-04-30T11:34:32","slug":"la-pandemie-du-covid-19-et-la-reinvention-de-lesprit-de-cooperation-solidaire","status":"publish","type":"post","link":"http:\/\/ipsnews.net\/francais\/2020\/04\/30\/la-pandemie-du-covid-19-et-la-reinvention-de-lesprit-de-cooperation-solidaire\/","title":{"rendered":"La pand\u00e9mie du COVID-19 et la r\u00e9invention de l\u2019esprit de coop\u00e9ration solidaire"},"content":{"rendered":"<p><em><strong>Manssour Bin Mussallam<\/strong>, Secr\u00e9taire G\u00e9n\u00e9ral entrant de l\u2019Organisation de Coop\u00e9ration \u00c9ducative (OCE) <\/em><\/p>\n<p>GEN\u00c8VE, 30 avril 2020 (IPS) &#8211; Un adversaire invisible a lanc\u00e9 le monde, aussi bien au Nord comme au Sud, dans le d\u00e9sarroi. Les cons\u00e9quences psychosociales et \u00e9conomiques de la crise engendr\u00e9e par le COVID-19 persisteront bien apr\u00e8s sa disparition. Il n\u2019y aura sans doute pas de retour antiviral au statu quo du pr\u00e9-coronavirus, et nous ne pouvons nous permettre d\u2019attendre passivement une transformation virale de nos soci\u00e9t\u00e9s. L\u2019avenir n\u2019est pas \u00e9crit d\u2019avance. Il d\u00e9pendra de notre disposition collective \u00e0 le fa\u00e7onner, ou \u00e0 lui permettre de nous fa\u00e7onner.<br \/>\n<!--more--><\/p>\n<p><div id=\"attachment_7734\" style=\"width: 260px\" class=\"wp-caption alignleft\"><img loading=\"lazy\" decoding=\"async\" aria-describedby=\"caption-attachment-7734\" src=\"http:\/\/ipsnews.net\/francais\/wp-content\/uploads\/2020\/04\/OEC-Secretary-General-elect_.jpg\" alt=\"\" width=\"250\" height=\"285\" class=\"size-full wp-image-7734\" \/><p id=\"caption-attachment-7734\" class=\"wp-caption-text\">Manssour Bin Mussallam<\/p><\/div>Bien que l\u2019on ait soutenu qu\u2019il aurait \u00e9t\u00e9 impossible de pr\u00e9voir qu\u2019en 2020, plus d\u2019un milliard et demi d\u2019\u00e9tudiants seraient forc\u00e9s de rester confin\u00e9s \u00e0 domicile \u00e0 cause d\u2019un virus, les experts \u00e0 travers le monde ont not\u00e9 \u00e0 maintes reprises qu\u2019une telle crise \u00e9tait bel et bien envisageable. Le syst\u00e8me \u00e9conomique dominant, myope, en dents de scie et excessivement dirig\u00e9 vers les profits \u00e0 court terme, n\u2019a laiss\u00e9 aucune marge aux soci\u00e9t\u00e9s pour traiter des urgences sociales. En ce moment m\u00eame, les analystes et acteurs internationaux qui, au nom du rendement \u00e9conomique, ont sap\u00e9 nos biens publics communs au fil des ans, sont les m\u00eames qui nous promettent aujourd\u2019hui de nouvelles solutions mondiales. Nos d\u00e9fis mondiaux ne n\u00e9cessitent pourtant pas de rem\u00e8des mondiaux, mais plut\u00f4t une vision concert\u00e9e \u00e9tay\u00e9e, d\u2019une part, par des politiques contextuelles, et reposant, d\u2019autre part, sur un m\u00e9canisme, international et solidaire, de coop\u00e9ration et de coordination. <\/p>\n<p>La pand\u00e9mie du COVID-19 a d\u00e9voil\u00e9, voire m\u00eame exacerb\u00e9, les clivages socio-\u00e9conomiques entre et au sein des soci\u00e9t\u00e9s. Elle n\u2019en est pourtant pas la cause.  Maintenir le fait que les prescriptions politiques du \u00ab laissez-faire \u00bb mises en place par nos institutions internationales aient enflamm\u00e9 cette crise, constituerait, en effet, une meilleure plaidoirie. A l\u2019heure o\u00f9 nous d\u00e9clarons une guerre absolue pour contenir le virus et en att\u00e9nuer les cons\u00e9quences, nous devons \u00eatre d\u00e9termin\u00e9s \u00e0 apprendre les le\u00e7ons qui nous sont donn\u00e9es par cette crise, si nous voulons reconstruire, et non seulement reproduire, nos syst\u00e8mes internationaux et nationaux. <\/p>\n<p>Avec des syst\u00e8mes de sant\u00e9 \u00e0 court de personnel et de financement, 154 millions de personnes sans domicile fixe et dans l\u2019impossibilit\u00e9 de se confiner, des professionnels de gains pr\u00e9caires dont le confinement prot\u00e8ge la vie mais menace les moyens de subsistance, et 1,5 milliards d\u2019\u00e9tudiants \u00e0 travers le monde en dehors des salles de classe et dont l\u2019acc\u00e8s aux plateformes d\u2019enseignement en ligne est in\u00e9gal, les injustices accablant nos soci\u00e9t\u00e9s sont plus qu\u2019un simple souci moral : il s\u2019agit des v\u00e9ritable menaces \u00e0 notre avenir commun. Plusieurs initiatives ont d\u2019ores et d\u00e9j\u00e0 \u00e9t\u00e9 lanc\u00e9es en vue d\u2019att\u00e9nuer les cons\u00e9quences de cette crise : r\u00e9embauche de professionnels de sant\u00e9 retrait\u00e9s, procuration d\u2019espaces s\u00fbrs pour l\u2019auto-confinement, suspension de l\u2019ex\u00e9cution des proc\u00e9dures de forclusion et d\u2019expulsion, et prise d\u2019engagements de la part des g\u00e9ants de la technologie vis-\u00e0-vis de la mise \u00e0 disposition des logiciels et de mat\u00e9riels sans but lucratif. De telles mesures, entre autres, sont n\u00e9cessaires, mais restent insuffisantes. En vue de triompher, une fois pour toutes, contre toute crise telle que la pand\u00e9mie actuelle, notre d\u00e9termination \u00e0 \u00e9liminer ces injustices d\u00e9voil\u00e9es se doit d\u2019\u00eatre in\u00e9branlable. <\/p>\n<p>Nous avons, par cons\u00e9quent, le devoir de prot\u00e9ger le droit aux soins de sant\u00e9 de qualit\u00e9, universels et gratuits, de consacrer le logement digne et abordable comme un droit inali\u00e9nable, de garantir la s\u00e9curit\u00e9 mat\u00e9rielle et immat\u00e9rielle des peuples, prot\u00e9ger le droit aux vacances pay\u00e9es et cong\u00e9s de maladie r\u00e9mun\u00e9r\u00e9s, et combler la fracture techno-num\u00e9rique. Cela implique une mobilisation sans pr\u00e9c\u00e9dent de ressources intellectuelles, humaines, techniques et financi\u00e8res et que nos initiatives passent du rab\u00e2chage de concepts \u00e9vent\u00e9s \u00e0 la construction d\u2019alternatives authentiques et efficaces. Les soins de sant\u00e9 universels et gratuits ainsi que le logement digne et abordable ne seront pas r\u00e9alis\u00e9s tant que nous les mercantilisons, au lieu d\u2019y investir en tant que biens publics communs qui doivent \u00eatre prot\u00e9g\u00e9s. La s\u00e9curit\u00e9 mat\u00e9rielle et immat\u00e9rielle, les salaires d\u00e9cents, et les codes du travail ayant le souci du social ne seront pas r\u00e9alis\u00e9s sans un syst\u00e8me international qui consacre la dignit\u00e9 humaine et qui contribue \u00e0 la mise en place de politiques sociales progressistes, humanistes et holistiques. La fracture techno-num\u00e9rique ne sera pas combl\u00e9e en se fiant \u00e0 des technologies import\u00e9es et co\u00fbteuses, souvent inadapt\u00e9es aux contextes nationaux et locaux, ou en engendrant une d\u00e9pendance nationale technique sur les entreprises multinationales priv\u00e9es lorsqu\u2019on fait don de ces technologies. Il nous faut d\u00e9velopper des technologies locales et indig\u00e8nes plus rentables, durables et contextuellement pertinentes, qui mettent en valeur le potentiel cr\u00e9atif des communaut\u00e9s et stimulent les \u00e9conomies nationales. <\/p>\n<p>Dans un monde o\u00f9 le revenu total de 6,9 milliards de personnes constitue moins que la moiti\u00e9 des richesses amass\u00e9es par les 1% d\u2019individus les plus riches, et \u00e0 l\u2019heure o\u00f9 la capitalisation boursi\u00e8res d\u2019une seule entreprise, telle que \u00ab Apple Inc. \u00bb, d\u00e9passe la valeur du PIB d\u2019\u00e9conomies enti\u00e8res \u2013 y compris celles de certains pays du Nord tels que les Pays-Bas, la Suisse, la Belgique et la Su\u00e8de \u2013, la viabilit\u00e9 de telles mesures ne semble pas plus improbable que la durabilit\u00e9 de la situation actuelle ne semble absurde. Cela exige, cependant, des plateformes internationales de coop\u00e9ration solidaire agissant comme instruments et catalyseurs d\u2019un d\u00e9veloppement durable, prosp\u00e8re et \u00e9quitable, inclusif des perspectives, priorit\u00e9s et besoins de la majorit\u00e9 de la population mondiale. <\/p>\n<p>Si le multilat\u00e9ralisme ad-hoc et le manque de solidarit\u00e9 mondiale continuent \u00e0 r\u00e9gir le syst\u00e8me international, qui semble plus pr\u00e9occup\u00e9 \u00e0 garantir sa propre survie qu\u2019\u00e0 exaucer nos aspirations collectives, la pand\u00e9mie du COVID-19 ne sera qu\u2019un aper\u00e7u des crises \u00e0 venir. Il est notamment peu probable que ceux-l\u00e0 m\u00eames qui ont favoris\u00e9, sur le plan institutionnel, un tel syst\u00e8me international, puissent le repenser, et cela ind\u00e9pendamment de leurs intentions. Les mod\u00e8les de d\u00e9veloppement \u00e9manant du Nord ayant \u00e9chou\u00e9, il est grand temps de remettre en question les pr\u00e9somptions impr\u00e9gnant nos institutions internationales, et de construire, \u00e0 partir du Sud, une troisi\u00e8me voie de d\u00e9veloppement, \u00e9quitable et inclusive.<\/p>\n<p>C\u2019est dans cette optique que des pays venant de l\u2019Afrique, du Monde Arabe, de l\u2019Asie, de l\u2019Am\u00e9rique Latine et des \u00celes du Pacifique, ainsi que des organisations internationales de la soci\u00e9t\u00e9 civile, ont cr\u00e9\u00e9 l\u2019Organisation de Coop\u00e9ration \u00c9ducative (OCE) en vue de \u00ab contribuer \u00e0 une transformation sociale \u00e9quitable, juste et prosp\u00e8re des soci\u00e9t\u00e9s en favorisant une \u00e9ducation \u00e9quilibr\u00e9e et inclusive, pour r\u00e9aliser les droits fondamentaux \u00e0 la libert\u00e9, la justice, la dignit\u00e9, la soutenabilit\u00e9, la coh\u00e9sion sociale et la s\u00e9curit\u00e9 mat\u00e9rielle et immat\u00e9rielle pour les peuples du monde \u00bb. Ainsi, l\u2019OCE n\u2019est-elle pas une organisation internationale <em>pour l\u2019\u00e9ducation<\/em>, mais plut\u00f4t une organisation internationale <em>pour le d\u00e9veloppement par l\u2019\u00e9ducation<\/em>, puisque le vrai d\u00e9veloppement ne peut \u00eatre cloisonn\u00e9 et que le potentiel transformateur de l\u2019\u00e9ducation ne se confirme que lorsqu\u2019elle est elle-m\u00eame transform\u00e9e. <\/p>\n<p>Ce nouveau cadre proactif de coop\u00e9ration multilat\u00e9rale que nous travaillons \u00e0 instituer place les pr\u00e9occupations et les aspirations des pays et des peuples au c\u0153ur des politiques internationales et \u00e0 l\u2019avant-garde des efforts pour le d\u00e9veloppement, respectant et s\u2019adaptant, ainsi, aux priorit\u00e9s nationales, aux attentes locales et aux contextes socio-culturels. La pand\u00e9mie du COVID-19 est \u00e0 la fois une trag\u00e9die et une \u00e9preuve en gestion de crise pour le monde. C\u2019est aussi un rappel de la n\u00e9cessit\u00e9 de renouveler et de r\u00e9inventer l\u2019esprit r\u00e9el de la solidarit\u00e9 internationale et du multilat\u00e9ralisme au XXI\u00e8me si\u00e8cle. Le moment est propice pour l\u2019av\u00e8nement de m\u00e9canismes innovateurs et de nouvelles plateformes internationales, non seulement con\u00e7us pour maintenir la paix, mais surtout pour r\u00e9aliser la justice dont la paix est le fruit. <\/p>\n<p>Pourvus d\u2019un sens du devoir, d\u2019un \u00e9lan de solidarit\u00e9 et d\u2019une d\u00e9termination intransigeante, nous avons dor\u00e9navant la responsabilit\u00e9 historique de tenir compte de l\u2019avertissement que constitue cette crise et de nous donner les moyens de forger, collectivement, l\u2019avenir auquel nous aspirons et que nous m\u00e9ritons. <\/p>\n","protected":false},"excerpt":{"rendered":"<p>Manssour Bin Mussallam, Secr\u00e9taire G\u00e9n\u00e9ral entrant de l\u2019Organisation de Coop\u00e9ration \u00c9ducative (OCE) GEN\u00c8VE, 30 avril 2020 (IPS) &#8211; Un adversaire invisible a lanc\u00e9 le monde, aussi bien au Nord comme au Sud, dans le d\u00e9sarroi. Les cons\u00e9quences psychosociales et \u00e9conomiques&hellip; <a href=\"http:\/\/ipsnews.net\/francais\/2020\/04\/30\/la-pandemie-du-covid-19-et-la-reinvention-de-lesprit-de-cooperation-solidaire\/\" class=\"more-link\">Continue Reading <span class=\"meta-nav\">&rarr;<\/span><\/a><\/p>\n","protected":false},"author":1189,"featured_media":0,"comment_status":"open","ping_status":"open","sticky":false,"template":"","format":"standard","meta":{"footnotes":""},"categories":[1],"tags":[],"class_list":["post-7735","post","type-post","status-publish","format-standard","hentry","category-headlines"],"_links":{"self":[{"href":"http:\/\/ipsnews.net\/francais\/wp-json\/wp\/v2\/posts\/7735","targetHints":{"allow":["GET"]}}],"collection":[{"href":"http:\/\/ipsnews.net\/francais\/wp-json\/wp\/v2\/posts"}],"about":[{"href":"http:\/\/ipsnews.net\/francais\/wp-json\/wp\/v2\/types\/post"}],"author":[{"embeddable":true,"href":"http:\/\/ipsnews.net\/francais\/wp-json\/wp\/v2\/users\/1189"}],"replies":[{"embeddable":true,"href":"http:\/\/ipsnews.net\/francais\/wp-json\/wp\/v2\/comments?post=7735"}],"version-history":[{"count":4,"href":"http:\/\/ipsnews.net\/francais\/wp-json\/wp\/v2\/posts\/7735\/revisions"}],"predecessor-version":[{"id":7739,"href":"http:\/\/ipsnews.net\/francais\/wp-json\/wp\/v2\/posts\/7735\/revisions\/7739"}],"wp:attachment":[{"href":"http:\/\/ipsnews.net\/francais\/wp-json\/wp\/v2\/media?parent=7735"}],"wp:term":[{"taxonomy":"category","embeddable":true,"href":"http:\/\/ipsnews.net\/francais\/wp-json\/wp\/v2\/categories?post=7735"},{"taxonomy":"post_tag","embeddable":true,"href":"http:\/\/ipsnews.net\/francais\/wp-json\/wp\/v2\/tags?post=7735"}],"curies":[{"name":"wp","href":"https:\/\/api.w.org\/{rel}","templated":true}]}}