{"id":7674,"date":"2020-02-20T16:39:25","date_gmt":"2020-02-20T16:39:25","guid":{"rendered":"http:\/\/ipsnews.net\/francais\/?p=7674"},"modified":"2020-02-21T16:40:27","modified_gmt":"2020-02-21T16:40:27","slug":"un-cadre-mondial-de-la-biodiversite-apres-2020-vise-a-intensifier-les-efforts-pour-sauver-lecosysteme-mondial","status":"publish","type":"post","link":"http:\/\/ipsnews.net\/francais\/2020\/02\/20\/un-cadre-mondial-de-la-biodiversite-apres-2020-vise-a-intensifier-les-efforts-pour-sauver-lecosysteme-mondial\/","title":{"rendered":"Un cadre mondial de la biodiversit\u00e9 apr\u00e8s 2020 vise \u00e0 intensifier les efforts pour sauver l&#8217;\u00e9cosyst\u00e8me mondial"},"content":{"rendered":"<p>NATIONS UNIES, 20 f\u00e9vrier 2020 (IPS) &#8211; Le programme socio-\u00e9conomique tr\u00e8s vant\u00e9 des Nations Unies, qui pr\u00e9sente un ambitieux plan mondial pour \u00ables personnes, la plan\u00e8te et la prosp\u00e9rit\u00e9\u00bb, a \u00e9t\u00e9 domin\u00e9 par \u00abdes objectifs, des cibles et des d\u00e9lais\u00bb.<br \/>\n<!--more--><\/p>\n<p>Mais malheureusement, la plupart des pays en d\u00e9veloppement ont du mal \u00e0 atteindre ces objectifs &#8211; en grande partie \u00e0 cause d&#8217;un manque de financement indispensable ou d&#8217;un manque de volont\u00e9 politique de la plupart des gouvernements.<\/p>\n<p>Les 17 Objectifs de D\u00e9veloppement Durable (ODD) &#8211; qui ont \u00e9t\u00e9 lanc\u00e9s en 2015 et comprennent l&#8217;\u00e9radication propos\u00e9e de l&#8217;extr\u00eame pauvret\u00e9 et de la faim &#8211; devraient \u00eatre atteints d&#8217;ici la date cible de 2030.<\/p>\n<p>Mais \u00e0 en juger par les progr\u00e8s limit\u00e9s r\u00e9alis\u00e9s jusqu&#8217;\u00e0 pr\u00e9sent, m\u00eame les Nations Unies sont sceptiques quant \u00e0 la victoire \u00e0 la course contre la pauvret\u00e9 et la faim dans le monde &#8211; dans les d\u00e9lais impartis &#8211; en plus d&#8217;atteindre l&#8217;\u00e9galit\u00e9 des sexes, une \u00e9ducation de qualit\u00e9 et une action climatique dans le monde entier.<\/p>\n<p>L&#8217;accord de Paris sur le Changement Climatique de 2016 fait &#8220;un bilan mondial tous les 5 ans pour \u00e9valuer les progr\u00e8s collectifs vers la r\u00e9alisation de l&#8217;objectif de l&#8217;accord et informer de nouvelles actions individuelles des Parties. &#8221;<\/p>\n<p>Et les 20 Objectifs d&#8217;Aichi pour la Biodiversit\u00e9 &#8211; visant principalement \u00e0 prot\u00e9ger et \u00e0 pr\u00e9server les \u00e9cosyst\u00e8mes du monde &#8211; ont une \u00e9ch\u00e9ance de 2020, avec seulement 10 mois qui reste.<\/p>\n<div id=\"attachment_7673\" style=\"width: 544px\" class=\"wp-caption aligncenter\"><img loading=\"lazy\" decoding=\"async\" aria-describedby=\"caption-attachment-7673\" src=\"http:\/\/ipsnews.net\/francais\/wp-content\/uploads\/2020\/02\/Convention-on-Biological-Diversity_.jpg\" alt=\"\" width=\"534\" height=\"113\" class=\"size-full wp-image-7673\" srcset=\"http:\/\/ipsnews.net\/francais\/wp-content\/uploads\/2020\/02\/Convention-on-Biological-Diversity_.jpg 534w, http:\/\/ipsnews.net\/francais\/wp-content\/uploads\/2020\/02\/Convention-on-Biological-Diversity_-300x63.jpg 300w\" sizes=\"auto, (max-width: 534px) 100vw, 534px\" \/><p id=\"caption-attachment-7673\" class=\"wp-caption-text\">Cr\u00e9dit: Secr\u00e9tariat de la Convention sur la Diversit\u00e9 Biologique (CDB)<\/p><\/div>\n<p>Les 20 cibles mondiales ont \u00e9t\u00e9 formul\u00e9es dans le cadre du Plan strat\u00e9gique 2011-2020 pour la biodiversit\u00e9 et regroup\u00e9es en cinq objectifs, notamment s&#8217;attaquer aux causes sous-jacentes de la perte de biodiversit\u00e9 en int\u00e9grant la biodiversit\u00e9 dans les gouvernements et la soci\u00e9t\u00e9, en r\u00e9duisant les pressions directes sur la biodiversit\u00e9 tout en favorisant une utilisation durable; et l&#8217;am\u00e9lioration de l&#8217;\u00e9tat de la biodiversit\u00e9 en sauvegardant les \u00e9cosyst\u00e8mes, les esp\u00e8ces et la diversit\u00e9 g\u00e9n\u00e9tique.<\/p>\n<p>Dans la perspective d&#8217;une prochaine Conf\u00e9rence des Nations Unies sur la biodiversit\u00e9 en Chine, des fonctionnaires et des experts se r\u00e9uniront au si\u00e8ge de la FAO, \u00e0 Rome, du 24 au 29 f\u00e9vrier, pour des n\u00e9gociations sur le projet initial d&#8217;un cadre et d&#8217;objectifs mondiaux de biodiversit\u00e9 post-2020, qui s&#8217;\u00e9tendra jusqu&#8217;en 2030.<\/p>\n<p>Le nouveau cadre sera examin\u00e9 et adopt\u00e9 par les 196 Parties \u00e0 la Convention sur la Diversit\u00e9 Biologique (CDB) lors de la Conf\u00e9rence des Nations Unies sur la biodiversit\u00e9 de 2020 (CDB COP15), pr\u00e9vue du 15 au 28 octobre, \u00e0 Kunming, en Chine.<\/p>\n<p>Interrog\u00e9e pour savoir si les r\u00e9alisations d&#8217;Aichi sont bien en de\u00e7\u00e0 des objectifs, Elizabeth Maruma Mrema, Secr\u00e9taire ex\u00e9cutive par int\u00e9rim du Secr\u00e9tariat de la Convention sur la diversit\u00e9 biologique (CDB), a d\u00e9clar\u00e9 \u00e0 IPS: \u00abComme vous le signalez, la recherche nous m\u00e8ne \u00e0 la conclusion que des actions n&#8217;ont pas \u00e9t\u00e9 men\u00e9es assez pour acc\u00e9l\u00e9rer les progr\u00e8s vers la r\u00e9alisation des objectifs d&#8217;Aichi dans la mesure requise &#8211; et, par cons\u00e9quent, qu&#8217;aucun des 20 objectifs d&#8217;Aichi pour la biodiversit\u00e9 ne sera probablement pleinement atteint, bien que certains composants ou \u00e9l\u00e9ments sp\u00e9cifiques des objectifs aient \u00e9t\u00e9 atteints \u00bb.<\/p>\n<p>Elle a d\u00e9clar\u00e9 que l&#8217;\u00e9valuation compl\u00e8te de l&#8217;\u00e9tat des objectifs sera publi\u00e9e dans Global Biodiversity Outlook 5 (les Perspective Mondiales de la Biodiversit\u00e9 (GBO 5)), qui sera publi\u00e9 le 18 mai 2020.<\/p>\n<p>&#8220;Mais nous pouvons dire en g\u00e9n\u00e9ral, qu&#8217;il y a eu une multitude de politiques et d&#8217;actions d\u00e9velopp\u00e9es dans toutes les parties du monde pour lutter contre la perte de biodiversit\u00e9, m\u00eame si elles ne sont pas suffisantes pour atteindre les objectifs convenus par la communaut\u00e9 mondiale.&#8221;<\/p>\n<p>\u00abNous devrons nous appuyer sur ces \u00e9l\u00e9ments pour progresser vers la r\u00e9alisation de la Vision 2050\u00bb, a-t-elle not\u00e9.<\/p>\n<div id=\"attachment_7678\" style=\"width: 600px\" class=\"wp-caption alignnone\"><img loading=\"lazy\" decoding=\"async\" aria-describedby=\"caption-attachment-7678\" src=\"http:\/\/ipsnews.net\/francais\/wp-content\/uploads\/2020\/02\/Elizabeth-Maruma-Mrema_590.jpg\" alt=\"\" width=\"590\" height=\"422\" class=\"size-full wp-image-7678\" srcset=\"http:\/\/ipsnews.net\/francais\/wp-content\/uploads\/2020\/02\/Elizabeth-Maruma-Mrema_590.jpg 590w, http:\/\/ipsnews.net\/francais\/wp-content\/uploads\/2020\/02\/Elizabeth-Maruma-Mrema_590-300x215.jpg 300w\" sizes=\"auto, (max-width: 590px) 100vw, 590px\" \/><p id=\"caption-attachment-7678\" class=\"wp-caption-text\">Elizabeth Maruma Mrema<\/p><\/div>\n<p><strong>Extraits de l&#8217;interview:<\/strong><\/p>\n<p><em><strong>IPS: Il a \u00e9t\u00e9 rapport\u00e9 que tr\u00e8s peu de gens ont jamais entendu parler des Objectifs d&#8217;Aichi pour la biodiversit\u00e9 par rapport aux ODD et \u00e0 l&#8217;accord de Paris sur le changement climatique. Est-ce une caract\u00e9risation juste? Quelle est l&#8217;importance de la sensibilisation du public et en quoi cela sera-t-il diff\u00e9rent pour le Cadre pour la biodiversit\u00e9 apr\u00e8s 2020?<\/strong><\/em><\/p>\n<p><strong>Mrema<\/strong>: Des progr\u00e8s ont \u00e9t\u00e9 r\u00e9alis\u00e9s dans la sensibilisation et la compr\u00e9hension du public \u00e0 l&#8217;\u00e9gard de la biodiversit\u00e9 et de ses valeurs; il existe de grandes variations d&#8217;un pays \u00e0 l&#8217;autre et l&#8217;attention port\u00e9e \u00e0 la biodiversit\u00e9 dans les m\u00e9dias reste \u00e0 un niveau bien inf\u00e9rieur \u00e0 la couverture du changement climatique.<\/p>\n<p>N\u00e9anmoins, l&#8217;alarme accrue du public concernant les impacts du changement climatique s&#8217;exprime fr\u00e9quemment aux c\u00f4t\u00e9s de la consternation face \u00e0 l&#8217;\u00e9tat de la biodiversit\u00e9, en particulier la crise d&#8217;extinction.<\/p>\n<p>La couverture m\u00e9diatique de l&#8217;\u00e9valuation mondiale de l&#8217;IPBES en 2019 \u00e9tait incroyable, et cela a d\u00e9montr\u00e9 que les gens sont pr\u00eats \u00e0 s&#8217;engager dans ce programme. Mais on peut faire plus.<\/p>\n<p>C&#8217;est pourquoi les parties ont demand\u00e9 que tout cadre mondial pour la biodiversit\u00e9 apr\u00e8s 2020 inclue une strat\u00e9gie de communication et de sensibilisation innovante et active, qui sera \u00e9labor\u00e9e dans le cadre des n\u00e9gociations.<\/p>\n<p><em><strong>IPS: Quelles lacunes, le cas \u00e9ch\u00e9ant, ont d\u00e9j\u00e0 \u00e9t\u00e9 identifi\u00e9es dans les commentaires sur l\u2019avant-projet du cadre mondial de la biodiversit\u00e9 apr\u00e8s 2020? Vous attendez-vous \u00e0 des modifications importantes du projet avant son adoption?<\/strong><\/em><\/p>\n<p><strong>Mrema<\/strong>: Les Parties ne fourniront leurs commentaires sur l\u2019avant-projet que lorsque la r\u00e9union du groupe de travail commencera \u00e0 Rome le 24 f\u00e9vrier. Je vous invite, vous et vos lecteurs, \u00e0 suivre les actes de la r\u00e9union, qui sera diffus\u00e9e sur le Web.<\/p>\n<p><em><strong>IPS: \u00c9tant donn\u00e9 que les 20 objectifs devraient expirer d&#8217;ici la fin de 2020, les Parties \u00e0 la CDB adopteront-elles un ensemble r\u00e9vis\u00e9 d&#8217;objectifs pour le cadre mondial de la biodiversit\u00e9 pour l&#8217;apr\u00e8s-2020? Y a-t-il des indications sur ce que seraient ces objectifs r\u00e9vis\u00e9s?<\/strong><\/em><\/p>\n<p><strong>Mrema<\/strong>: Comme vous l&#8217;avez soulign\u00e9 \u00e0 juste titre, la p\u00e9riode de mise en \u0153uvre du plan strat\u00e9gique 2011-2020 touche \u00e0 sa fin. En 2018, la Conf\u00e9rence des Parties, \u00e0 sa quatorzi\u00e8me r\u00e9union \u00e0 Charm el-Cheikh, en \u00c9gypte, avait adopt\u00e9 un processus d&#8217;\u00e9laboration d&#8217;un cadre mondial de la biodiversit\u00e9 apr\u00e8s 2020 en cr\u00e9ant un groupe de travail \u00e0 composition non limit\u00e9e (WG2020) pour soutenir ce processus et en  nommant deux copr\u00e9sidents, Francis Ogwal (Ouganda) et Basile van Havre (Canada) pour diriger le processus.<\/p>\n<p>Par la suite, le WG2020, lors de sa premi\u00e8re r\u00e9union en ao\u00fbt 2019 \u00e0 Nairobi, a demand\u00e9 aux copr\u00e9sidents et au secr\u00e9taire ex\u00e9cutif, sous la supervision du Bureau, de pr\u00e9parer un avant-projet de texte du cadre mondial de la biodiversit\u00e9 apr\u00e8s 2020 pour examen par la deuxi\u00e8me r\u00e9union du Groupe de travail, qui se tiendra du 24 au 29 f\u00e9vrier 2020 \u00e0 Rome.<\/p>\n<p>Les copr\u00e9sidents et le secr\u00e9taire ex\u00e9cutif par int\u00e9rim ont rendu public cet \u00abavant-projet\u00bb du cadre mondial de la biodiversit\u00e9 le 13 janvier.<\/p>\n<p>L\u2019Avant-projet a \u00e9t\u00e9 \u00e9labor\u00e9 sur la base de vastes consultations r\u00e9gionales et th\u00e9matiques, des avis de l&#8217;Organe subsidiaire charg\u00e9 de fournir des avis scientifiques, techniques et technologiques et du Groupe de travail sur l&#8217;article 8 J et de communications \u00e9crites.<\/p>\n<p>L\u2019Avant-projet a \u00e9galement \u00e9t\u00e9 \u00e9labor\u00e9 en tenant compte des tendances mondiales et des sc\u00e9narios futurs, y compris le rapport d&#8217;\u00e9valuation mondial sur la biodiversit\u00e9 et les services \u00e9cosyst\u00e9miques,<\/p>\n<p>Le cadre est b\u00e2ti autour d&#8217;une th\u00e9orie du changement qui reconna\u00eet qu&#8217;une action politique urgente aux niveaux mondial, r\u00e9gional et national est n\u00e9cessaire pour transformer les mod\u00e8les \u00e9conomiques, sociaux et financiers afin que les tendances qui ont exacerb\u00e9 la perte de biodiversit\u00e9 se stabilisent au cours des 10 prochaines ann\u00e9es (d&#8217;ici 2030) et permettre la restauration des \u00e9cosyst\u00e8mes naturels au cours des 20 prochaines ann\u00e9es, avec des am\u00e9liorations nettes d&#8217;ici 2050 pour r\u00e9aliser la vision de la Convention de \u00abvivre en harmonie avec la nature d&#8217;ici 2050\u00bb.<\/p>\n<p>L&#8217;avant-projet contient des objectifs mondiaux sugg\u00e9r\u00e9s pour 2030 et 2050 et des objectifs orient\u00e9s vers l&#8217;action pour 2030. Comme je l&#8217;ai not\u00e9, ils seront examin\u00e9s par les Parties lors de leur r\u00e9union qui se tiendra la semaine prochaine \u00e0 Rome.<\/p>\n<p><em>L&#8217;auteur peut \u00eatre contact\u00e9 \u00e0 <a href=\"mailto:thalifdeen@ips.org\" rel=\"noopener\" target=\"_blank\">thalifdeen@ips.org<\/a><\/em><\/p>\n","protected":false},"excerpt":{"rendered":"<p>NATIONS UNIES, 20 f\u00e9vrier 2020 (IPS) &#8211; Le programme socio-\u00e9conomique tr\u00e8s vant\u00e9 des Nations Unies, qui pr\u00e9sente un ambitieux plan mondial pour \u00ables personnes, la plan\u00e8te et la prosp\u00e9rit\u00e9\u00bb, a \u00e9t\u00e9 domin\u00e9 par \u00abdes objectifs, des cibles et des d\u00e9lais\u00bb.<\/p>\n","protected":false},"author":3,"featured_media":7672,"comment_status":"open","ping_status":"open","sticky":false,"template":"","format":"standard","meta":{"footnotes":""},"categories":[5,14,15,18,16,12,1],"tags":[],"class_list":["post-7674","post","type-post","status-publish","format-standard","has-post-thumbnail","hentry","category-afrique","category-amerique-du-nord","category-amerique-latine","category-asia-pacifico","category-caraibe","category-environnement","category-headlines"],"_links":{"self":[{"href":"http:\/\/ipsnews.net\/francais\/wp-json\/wp\/v2\/posts\/7674","targetHints":{"allow":["GET"]}}],"collection":[{"href":"http:\/\/ipsnews.net\/francais\/wp-json\/wp\/v2\/posts"}],"about":[{"href":"http:\/\/ipsnews.net\/francais\/wp-json\/wp\/v2\/types\/post"}],"author":[{"embeddable":true,"href":"http:\/\/ipsnews.net\/francais\/wp-json\/wp\/v2\/users\/3"}],"replies":[{"embeddable":true,"href":"http:\/\/ipsnews.net\/francais\/wp-json\/wp\/v2\/comments?post=7674"}],"version-history":[{"count":4,"href":"http:\/\/ipsnews.net\/francais\/wp-json\/wp\/v2\/posts\/7674\/revisions"}],"predecessor-version":[{"id":7676,"href":"http:\/\/ipsnews.net\/francais\/wp-json\/wp\/v2\/posts\/7674\/revisions\/7676"}],"wp:featuredmedia":[{"embeddable":true,"href":"http:\/\/ipsnews.net\/francais\/wp-json\/wp\/v2\/media\/7672"}],"wp:attachment":[{"href":"http:\/\/ipsnews.net\/francais\/wp-json\/wp\/v2\/media?parent=7674"}],"wp:term":[{"taxonomy":"category","embeddable":true,"href":"http:\/\/ipsnews.net\/francais\/wp-json\/wp\/v2\/categories?post=7674"},{"taxonomy":"post_tag","embeddable":true,"href":"http:\/\/ipsnews.net\/francais\/wp-json\/wp\/v2\/tags?post=7674"}],"curies":[{"name":"wp","href":"https:\/\/api.w.org\/{rel}","templated":true}]}}