{"id":6389,"date":"2012-12-20T13:40:01","date_gmt":"2012-12-20T13:40:01","guid":{"rendered":"http:\/\/ipsnews.net\/francais\/2012\/12\/20\/mali-avant-la-resolution-des-craintes-montent-pour-une-intervention-militaire\/"},"modified":"2012-12-20T13:40:01","modified_gmt":"2012-12-20T13:40:01","slug":"mali-avant-la-resolution-des-craintes-montent-pour-une-intervention-militaire","status":"publish","type":"post","link":"http:\/\/ipsnews.net\/francais\/2012\/12\/20\/mali-avant-la-resolution-des-craintes-montent-pour-une-intervention-militaire\/","title":{"rendered":"MALI: Avant la r\u00e9solution, des craintes montent pour une intervention militaire"},"content":{"rendered":"<p>WASHINGTON, 20 d\u00e9c (IPS) &#8211; M\u00eame si les autorit\u00e9s am\u00e9ricaines et fran\u00e7aises estiment qu&#39;une une r\u00e9solution des Nations Unies sur une intervention militaire au Mali, pourrait venir d&#39;ici \u00e0 la fin de la semaine, des pr\u00e9occupations montent selon lesquelles une telle action pourrait faire plus de mal que de bien. <\/p>\n<p><!--more--><\/p>\n<p>&#8220;Le Mali repr\u00e9sente une menace si seulement vous le voulez &#8211; il existe un risque \u00e9lev\u00e9 que cela devienne une proph\u00e9tie auto-r\u00e9alisable, radicalisant r\u00e9ellement la situation&#8221;, a affirm\u00e9 Michael Shurkin, un politologue \u00e0 la &#39;RAND Corporation&#39;, une cellule de r\u00e9flexion du minist\u00e8re de la D\u00e9fense \u00e0 Washington, lors d&#39;une table ronde mardi, 18 d\u00e9cembre.  &#8220;Au cours de la derni\u00e8re d\u00e9cennie, la pr\u00e9sence militaire am\u00e9ricaine tr\u00e8s visible dans cette r\u00e9gion a beaucoup radicalis\u00e9 la population. Alors que la situation est tr\u00e8s pr\u00e9occupante pour le moment, le ciel n&#39;est pas pr\u00e8s de tomber&#8221;.  Depuis le coup d&#39;Etat de Bamako, le 22 mars dernier, le nord du Mali est tomb\u00e9 sous la domination des r\u00e9seaux de criminels, des milices ethniques et des islamistes, dont Al-Qa\u00efda au Maghreb islamique (AQMI), que le minist\u00e8re am\u00e9ricain de la D\u00e9fense a r\u00e9cemment caract\u00e9ris\u00e9 comme \u00e9tant actuellement la franchise Al-Qa\u00efda la mieux financ\u00e9e au monde.  Au d\u00e9but de d\u00e9cembre, le g\u00e9n\u00e9ral Carter F. Ham, le haut responsable militaire des Etats-Unis en Afrique, a d\u00e9clar\u00e9 que non seulement le nord du Mali est devenu un refuge pour des terroristes, mais qu\u2019AQMI a commenc\u00e9 par former et financer des r\u00e9seaux terroristes dans les pays voisins, notamment au Nigeria.  Actuellement, les Etats-Unis et la France sont en train de superviser une r\u00e9solution du Conseil de s\u00e9curit\u00e9 qui pourrait ouvrir la voie pour une intervention militaire des forces africaines, soutenues par des Fran\u00e7ais avec, \u00e9ventuellement, une assistance am\u00e9ricaine. Le groupement r\u00e9gional de l\u2019Afrique de l&#39;ouest, la CEDEAO, dispose de 3.300 hommes pr\u00eats \u00e0 se d\u00e9ployer dans le nord du Mali, alors que l&#39;Union europ\u00e9enne d\u00e9sire soutenir une mission de formation des troupes maliennes.  La l\u00e9gislation am\u00e9ricaine interdit \u00e0 Washington de soutenir l\u00e9galement l&#39;arm\u00e9e malienne jusqu\u2019\u00e0 ce que les \u00e9lections se d\u00e9roulent (probablement en avril), pourtant la porte-parole du d\u00e9partement d&#39;Etat am\u00e9ricain, Victoria Nuland, a d\u00e9clar\u00e9, le 17 d\u00e9cembre, que des n\u00e9gociations sont actuellement en cours aux Nations Unies pour examiner la question et pr\u00e9senter une r\u00e9solution d\u2019ici \u00e0 la fin de la semaine.  Pendant des mois, le gouvernement am\u00e9ricain a repouss\u00e9 les demandes des Fran\u00e7ais \u00e0 acc\u00e9l\u00e9rer l&#39;intervention, principalement \u00e0 cause de la prudence de l&#39;ONU, qui a d\u00e9clar\u00e9 qu&#39;une force d\u2019intervention ne serait pas pr\u00eate en une ann\u00e9e. Nuland a insinu\u00e9, le 17 d\u00e9cembre, que la premi\u00e8re r\u00e9solution pourrait autoriser une mission de formation, avec une action militaire repouss\u00e9e jusqu\u2019ici.  Pourtant, dans la situation actuelle, d\u2019importantes n\u00e9gociations bas\u00e9es sur des coalitions doivent encore \u00eatre tent\u00e9es. Un effort de m\u00e9diation naissante supervis\u00e9 par le Burkina Faso a d\u00e9marr\u00e9 d\u00e9but-d\u00e9cembre, mais plusieurs autres mesures conciliatoires promises restent encore \u00e0 mat\u00e9rialiser.  &#8220;Guerre des races&#8221; potentielle Ces avertissements contre une action militaire rapide mettent en garde contre la complexit\u00e9 sociale et physique du terrain au nord du Mali, et la difficult\u00e9 de comprendre la situation instable sur le terrain.  &#8220;Beaucoup de gens sont impliqu\u00e9s dans ces groupes pour plusieurs raisons, et tr\u00e8s peu d&#39;entre incluent le jihad international contre l&#39;Occident&#8221;, a indiqu\u00e9 Shurkin. &#8220;Quand les gens entendent parler d&#39;Al-Qa\u00efda au Maghreb islamique, ils pensent automatiquement \u00e0 Oussama ben Laden, mais c&#39;est un discours tr\u00e8s dangereux&#8221;.  Jusqu&#39;\u00e0 pr\u00e9sent, une grande partie de la planification de toute action militaire a \u00e9t\u00e9 fond\u00e9e sur l&#39;hypoth\u00e8se que les multiples groupes arm\u00e9s au nord du Mali pourraient s\u2019\u00e9loigner ou fuir devant une intervention internationale. Mais, selon Andrew Lebovich, un analyste du Sahel actuellement \u00e0 Dakar, au S\u00e9n\u00e9gal, de tels \u00e9v\u00e9nements seraient extr\u00eamement difficiles \u00e0 pr\u00e9voir.  &#8220;Pour toutes les pr\u00e9occupations l\u00e9gitimes au sujet de ce qui se passe au nord du Mali, il y a beaucoup de choses que nous ignorons \u00e0 propos de ces groupes qui pourraient avoir de graves r\u00e9percussions sur la r\u00e9solution de la situation et la r\u00e9action \u00e9ventuelle de ces groupes \u00e0 une intervention ou une solution politique&#8221;, affirme-t-il depuis Dakar devant un auditoire \u00e0 l&#39;Institut am\u00e9ricain pour la paix, une cellule de r\u00e9flexion soutenue par le gouvernement.  Les complications vont bien au-del\u00e0 de la complexit\u00e9 de la croyance religieuse ou politique pour inclure des probl\u00e8mes s\u00e9rieux li\u00e9s \u00e0 la race et \u00e0 l&#39;ethnicit\u00e9. Shurkin et sa coll\u00e8gue, St\u00e9phanie Pezard, avertissent qu&#39;une intervention pourrait d\u00e9clencher une &#8220;guerre des races&#8221;.  Pezard a not\u00e9 que, dans le pass\u00e9, les pires violences raciales dans la r\u00e9gion ont \u00e9t\u00e9 entre Arabes et Touaregs, qui se consid\u00e8rent tous deux comme des Blancs, et les milices qui se consid\u00e8rent comme des Noirs.<\/p>\n<p> En plus de susciter tout simplement la col\u00e8re des habitants, la pr\u00e9sence des troupes de la CEDEAO pourrait donc \u00eatre &#8220;per\u00e7ue comme une agression par la population touar\u00e8gue&#8221;, affirme-t-elle. &#8220;Toute tentative visant \u00e0 r\u00e9soudre la crise au nord du Mali exigera qu\u2019on sache exactement avec qui nous devrions nous engager&#8221;.  En retour, une quelconque \u00e9volution baign\u00e9e dans une violence ethnique pourrait s&#39;\u00e9tendre rapidement au-del\u00e0 du territoire malien. D\u00e9j\u00e0, les populations touar\u00e8gues au Niger et en Alg\u00e9rie, par exemple, ont publiquement averti que, dans le cas o\u00f9 une action militaire mettrait en danger leurs fr\u00e8res maliens, elles devraient s&#39;impliquer.  Plus important encore, presque tous les analystes s&#39;accordent sur le fait qu\u2019au mieux, une action militaire offrirait seulement une solution \u00e0 court terme, et m\u00eame incapable de satisfaire les dol\u00e9ances profondes qui ont conduit \u00e0 des cycles de violence r\u00e9p\u00e9t\u00e9s au Mali.  R\u00e9cemment, plusieurs organisations humanitaires ont fait des estimations initiales selon lesquelles une intervention militaire au Mali pourrait d\u00e9placer au moins 700.000 personnes. Le 18 d\u00e9cembre, l&#39;ONU a demand\u00e9 1,6 milliard de dollars pour les frais humanitaires dans le Sahel pour 2013, dont une grande partie d\u00e9pendrait de ce qui arrivera au Mali.<\/p>\n","protected":false},"excerpt":{"rendered":"<p>WASHINGTON, 20 d\u00e9c (IPS) &#8211; M\u00eame si les autorit\u00e9s am\u00e9ricaines et fran\u00e7aises estiment qu&#39;une une r\u00e9solution des Nations Unies sur une intervention militaire au Mali, pourrait venir d&#39;ici \u00e0 la fin de la semaine, des pr\u00e9occupations montent selon lesquelles une&hellip; <a href=\"http:\/\/ipsnews.net\/francais\/2012\/12\/20\/mali-avant-la-resolution-des-craintes-montent-pour-une-intervention-militaire\/\" class=\"more-link\">Continue Reading <span class=\"meta-nav\">&rarr;<\/span><\/a><\/p>\n","protected":false},"author":952,"featured_media":0,"comment_status":"open","ping_status":"open","sticky":false,"template":"","format":"standard","meta":{"footnotes":""},"categories":[5,11,10,6,9,1,7,3,29],"tags":[],"class_list":["post-6389","post","type-post","status-publish","format-standard","hentry","category-afrique","category-developpement","category-droits-humains","category-economie-finances-le-commerce","category-global-affairs","category-headlines","category-politique","category-population-refugies","category-west-africa"],"_links":{"self":[{"href":"http:\/\/ipsnews.net\/francais\/wp-json\/wp\/v2\/posts\/6389","targetHints":{"allow":["GET"]}}],"collection":[{"href":"http:\/\/ipsnews.net\/francais\/wp-json\/wp\/v2\/posts"}],"about":[{"href":"http:\/\/ipsnews.net\/francais\/wp-json\/wp\/v2\/types\/post"}],"author":[{"embeddable":true,"href":"http:\/\/ipsnews.net\/francais\/wp-json\/wp\/v2\/users\/952"}],"replies":[{"embeddable":true,"href":"http:\/\/ipsnews.net\/francais\/wp-json\/wp\/v2\/comments?post=6389"}],"version-history":[{"count":0,"href":"http:\/\/ipsnews.net\/francais\/wp-json\/wp\/v2\/posts\/6389\/revisions"}],"wp:attachment":[{"href":"http:\/\/ipsnews.net\/francais\/wp-json\/wp\/v2\/media?parent=6389"}],"wp:term":[{"taxonomy":"category","embeddable":true,"href":"http:\/\/ipsnews.net\/francais\/wp-json\/wp\/v2\/categories?post=6389"},{"taxonomy":"post_tag","embeddable":true,"href":"http:\/\/ipsnews.net\/francais\/wp-json\/wp\/v2\/tags?post=6389"}],"curies":[{"name":"wp","href":"https:\/\/api.w.org\/{rel}","templated":true}]}}