{"id":624,"date":"1998-11-09T13:40:01","date_gmt":"1998-11-09T13:40:01","guid":{"rendered":"http:\/\/ipsnews.net\/francais\/1998\/11\/09\/afrique-le-burkina-accueille-un-presume-terroriste-que-nul-ne-desire\/"},"modified":"1998-11-09T13:40:01","modified_gmt":"1998-11-09T13:40:01","slug":"afrique-le-burkina-accueille-un-presume-terroriste-que-nul-ne-desire","status":"publish","type":"post","link":"http:\/\/ipsnews.net\/francais\/1998\/11\/09\/afrique-le-burkina-accueille-un-presume-terroriste-que-nul-ne-desire\/","title":{"rendered":"AFRIQUE: Le Burkina Accueille Un  Pr\u00e9sum\u00e9 Terroriste Que Nul Ne  D\u00e9sire"},"content":{"rendered":"<p>OUAGADOUGOU, 9 nov. (IPS) &#8211; La d\u00e9cision du Burkina Faso d&#39;accorder<br \/>\nl&#39;asile \u00e0<br \/>\nun pr\u00e9sum\u00e9 terroriste alg\u00e9rien, extrad\u00e9 par la Suisse la semaine<br \/>\nderni\u00e8re, a<br \/>\nouvert une crise entre ce pays de l&#39;Afrique de l&#39;ouest et<br \/>\nl&#39;Alg\u00e9rie, pays<br \/>\nd&#39;origine du fugitif.<\/p>\n<p><!--more--><\/p>\n<p>Ahmed Zahouri, 38 ans, dirigeant du conseil de coordination du<br \/>\nFront<br \/>\nIslamique du Salut (FIS) \u00e0 l&#39;\u00e9tranger, groupe dissident de<br \/>\nl&#39;instance<br \/>\nex\u00e9cutive du FIS \u00e0 l&#39;\u00e9tranger, avait \u00e9t\u00e9 expuls\u00e9 de la Suisse<br \/>\njeudi dernier<br \/>\nvers le Burkina. Il a \u00e9t\u00e9 accus\u00e9 de repr\u00e9senter &quot;un risque pour<br \/>\nla s\u00e9curit\u00e9<br \/>\ndu pays&quot;, selon le minist\u00e8re suisse de la Police et de la<br \/>\njustice.<br \/>\n Condamn\u00e9 en Belgique, en 1995, \u00e0 quatre ans de prison avec sursis<br \/>\npour<br \/>\nassociation de malfaiteurs, il avait regagn\u00e9 clandestinement la<br \/>\nSuisse o\u00f9 il<br \/>\navait \u00e9t\u00e9 plac\u00e9 en r\u00e9sidence surveill\u00e9e. En mai dernier un juge<br \/>\nfran\u00e7ais<br \/>\nl&#39;avait mis en examen apr\u00e8s l&#39;avoir interrog\u00e9 \u00e0 Berne, pour<br \/>\nappartenance \u00e0 une<br \/>\norganisation criminelle, usage de faux documents et recel.<br \/>\n Mais Ahmed Zahouri avait \u00e9t\u00e9 avant tout condamn\u00e9 \u00e0 mort par<br \/>\ncontumace en Alg\u00e9rie<br \/>\no\u00f9 il est soup\u00e7onn\u00e9 d&#39;appartenir au groupe islamique arm\u00e9 (GIA).<br \/>\n Les autorit\u00e9s alg\u00e9riennes ont \u00e9t\u00e9 choqu\u00e9es par la d\u00e9cision du<br \/>\nBurkina Faso<br \/>\nde lui accorder l&#39;asile.<br \/>\n &quot; Au moment o\u00f9 la communaut\u00e9 Internationale se mobilise contre le<br \/>\nterrorisme et o\u00f9 l&#39;Afrique elle-m\u00eame est la cible du fl\u00e9au, il<br \/>\nn&#39;est pas<br \/>\nadmissible qu&#39;un pays africain, de surcro\u00eet pr\u00e9sident de<br \/>\nl&#39;Organisation de<br \/>\nl&#39;Unit\u00e9 Africaine, accueille sur son sol le dirigeant d&#39;un groupe<br \/>\nterroriste&quot;, a d\u00e9clar\u00e9 la semaine derni\u00e8re Abdelaziz Sabaa,<br \/>\nporte-parole<br \/>\ndu minist\u00e8re des Affaires \u00e9trang\u00e8res de l&#39;Alg\u00e9rie.<br \/>\n &quot;Le geste du Burkina n&#39;est pas amical&quot;, a dit, un haut diplomate<br \/>\narabe \u00e0 Ouagadougou, la capitale du Burkina. Ce diplomate a \u00e9t\u00e9<br \/>\nabasourdi<br \/>\npar la pr\u00e9sence de Zahouri au Burkina, en compagnie de sa femme et<br \/>\nde ses<br \/>\nquatre enfants.<br \/>\n &quot;Si les Suisses l&#39;ont jug\u00e9 assez dangereux pour l&#39;expulser ce<br \/>\nn&#39;est pas au<br \/>\nBurkina de l&#39;accepter. C&#39;est vraiment incompr\u00e9hensible&quot;, a-t-il<br \/>\najout\u00e9.<br \/>\n L&#39;ambassadeur d&#39;Alg\u00e9rie au Burkina a pour sa part entrepris des<br \/>\nd\u00e9marches<br \/>\naupr\u00e8s des autorit\u00e9s du Burkina pour comprendre davantage<br \/>\nl&#39;attitude de<br \/>\nOuagadougou.<br \/>\n Mercredi, le pr\u00e9sident Burkinab\u00e9, Blaise Compaor\u00e9, a annonc\u00e9 que<br \/>\nce sont<br \/>\ndes raisons humanitaires qui expliquent l&#39;accueil de Zahouri au<br \/>\nBurkina.<br \/>\n &quot; Le Burkina est une terre africaine, ce n&#39;est pas la premi\u00e8re<br \/>\nfois que<br \/>\nnous recevons des Africains qui n&#39;ont pas trouv\u00e9 une habitation<br \/>\nailleurs<br \/>\nsous d&#39;autres continents &quot;, a expliqu\u00e9 Blaise Compaor\u00e9 au cours<br \/>\nd&#39;une<br \/>\nconf\u00e9rence de presse la semaine derni\u00e8re.<br \/>\n &quot;D&#39;ailleurs je suis catholique, je ne comprends rien dans ces<br \/>\nhistoires<br \/>\nd&#39;islamistes ou des fondamentalistes. Ce qui compte c&#39;est d&#39;avoir<br \/>\ndes<br \/>\nresponsabilit\u00e9s vis-\u00e0-vis des Africains sur le plan humanitaire&quot;,<br \/>\na<br \/>\najout\u00e9 Compaor\u00e9, qui est le pr\u00e9sident en exercice de<br \/>\nl&#39;Organisation de<br \/>\nl&#39;Unit\u00e9 Africaine (OUA).<br \/>\n Interrog\u00e9 par IPS, Halidou Ou\u00e9draogo, pr\u00e9sident de l&#39;Union Inter-<br \/>\nafricaine<br \/>\ndes Droits de l&#39;homme, (UIDH), bas\u00e9e \u00e0 Ouagadougou, a appel\u00e9 le<br \/>\ngouvernement<br \/>\nburkinab\u00e9 &quot;\u00e0 prendre ses responsabilit\u00e9s&quot;.<br \/>\n &quot;Si Ahmed Zahouri est effectivement recherch\u00e9 pour terrorisme,<br \/>\nl&#39;UIDH ne<br \/>\npeut cautionner sa pr\u00e9sence au Burkina car la question alg\u00e9rienne<br \/>\nest une<br \/>\nquestion douloureuse \u00e9pineuse avec les h\u00e9catombes, les massacres<br \/>\ndont est<br \/>\nvictime la population alg\u00e9rienne&quot;, a indiqu\u00e9 Halidou Ou\u00e9draogo<br \/>\nqui faisait<br \/>\nallusion aux massacres quasi quotidiens des populations civiles<br \/>\nalg\u00e9riennes<br \/>\npar des groupes islamiques arm\u00e9s.<br \/>\n Pour Herman Yam\u00e9ogo, l&#39;un des leaders de l&#39;opposition et chef de<br \/>\nfile de<br \/>\nl&#39;Alliance pour la d\u00e9mocratie et la F\u00e9d\u00e9ration\/Rassemblement<br \/>\nD\u00e9mocratique Africain (ADF-RDA), &quot;accueillir un homme comme<br \/>\nZahouri sans<br \/>\nque le peuple ne dise son mot est tr\u00e8s dangereux pour notre<br \/>\ns\u00e9curit\u00e9 &quot;.<br \/>\n &quot; Le Burkina Faso est en porte \u00e0 faux avec les pays d&#39;origine des<br \/>\ngens<br \/>\ncondamn\u00e9s chez eux et qu&#39;il accueille sur son territoire. Au plan<br \/>\ninternational, on devient l&#39;arri\u00e8re maison d&#39;arr\u00eat &quot;, souligne<br \/>\nHerman<br \/>\nYameogo.<br \/>\n Ce n&#39;est pas la premi\u00e8re fois que le Burkina accueille des<br \/>\nmilitants<br \/>\nislamistes. En 1994, la France avait expuls\u00e9 vers le Burkina, 19<br \/>\nAlg\u00e9riens,<br \/>\net un Marocain li\u00e9s au FIS.<br \/>\n Aujourd&#39;hui, il ne reste qu&#39;environ six de ces islamistes de<br \/>\nFolembray, du<br \/>\nnom de la ville o\u00f9 ils \u00e9taient d\u00e9tenus en France, avant d&#39;\u00eatre<br \/>\nexpuls\u00e9s sur<br \/>\nOuagadougou. Les autres ont regagn\u00e9 ensuite la Belgique.<br \/>\n &quot;Il n&#39;est pas normal qu&#39;on \u00e9vacue vers le Burkina tous les<br \/>\npouilleux, les<br \/>\nind\u00e9sirables, tous ceux qui sont en rupture de banc dans leur pays<br \/>\ncomme des<br \/>\nAngolais et des Congolais &quot;, met en garde Herman Yam\u00e9ogo.<br \/>\n Plusieurs journaux nationaux et \u00e9trangers ont fait \u00e9tat de la<br \/>\npr\u00e9sence sur<br \/>\nle sol burkinab\u00e9 d&#39;\u00e9l\u00e9ments appartenant au groupe rebelle de<br \/>\nl&#39;Union<br \/>\nNationale pour l&#39;Ind\u00e9pendance Totale de l&#39;Angola de Jonas Savimbi.<br \/>\nCes<br \/>\naccusations n&#39;ont jamais \u00e9t\u00e9 d\u00e9menties par les autorit\u00e9s du<br \/>\nBurkina.<\/p>\n","protected":false},"excerpt":{"rendered":"<p>OUAGADOUGOU, 9 nov. (IPS) &#8211; La d\u00e9cision du Burkina Faso d&#39;accorder l&#39;asile \u00e0 un pr\u00e9sum\u00e9 terroriste alg\u00e9rien, extrad\u00e9 par la Suisse la semaine derni\u00e8re, a ouvert une crise entre ce pays de l&#39;Afrique de l&#39;ouest et l&#39;Alg\u00e9rie, pays d&#39;origine du&hellip; <a href=\"http:\/\/ipsnews.net\/francais\/1998\/11\/09\/afrique-le-burkina-accueille-un-presume-terroriste-que-nul-ne-desire\/\" class=\"more-link\">Continue Reading <span class=\"meta-nav\">&rarr;<\/span><\/a><\/p>\n","protected":false},"author":13,"featured_media":0,"comment_status":"open","ping_status":"open","sticky":false,"template":"","format":"standard","meta":{"footnotes":""},"categories":[5,10,1],"tags":[],"class_list":["post-624","post","type-post","status-publish","format-standard","hentry","category-afrique","category-droits-humains","category-headlines"],"_links":{"self":[{"href":"http:\/\/ipsnews.net\/francais\/wp-json\/wp\/v2\/posts\/624","targetHints":{"allow":["GET"]}}],"collection":[{"href":"http:\/\/ipsnews.net\/francais\/wp-json\/wp\/v2\/posts"}],"about":[{"href":"http:\/\/ipsnews.net\/francais\/wp-json\/wp\/v2\/types\/post"}],"author":[{"embeddable":true,"href":"http:\/\/ipsnews.net\/francais\/wp-json\/wp\/v2\/users\/13"}],"replies":[{"embeddable":true,"href":"http:\/\/ipsnews.net\/francais\/wp-json\/wp\/v2\/comments?post=624"}],"version-history":[{"count":0,"href":"http:\/\/ipsnews.net\/francais\/wp-json\/wp\/v2\/posts\/624\/revisions"}],"wp:attachment":[{"href":"http:\/\/ipsnews.net\/francais\/wp-json\/wp\/v2\/media?parent=624"}],"wp:term":[{"taxonomy":"category","embeddable":true,"href":"http:\/\/ipsnews.net\/francais\/wp-json\/wp\/v2\/categories?post=624"},{"taxonomy":"post_tag","embeddable":true,"href":"http:\/\/ipsnews.net\/francais\/wp-json\/wp\/v2\/tags?post=624"}],"curies":[{"name":"wp","href":"https:\/\/api.w.org\/{rel}","templated":true}]}}