{"id":396,"date":"1998-11-03T13:40:01","date_gmt":"1998-11-03T13:40:01","guid":{"rendered":"http:\/\/ipsnews.net\/francais\/1998\/11\/03\/droits-congo-kinshasa-proteste-contre-les-allegations-de-massacre-des-tutsis\/"},"modified":"1998-11-03T13:40:01","modified_gmt":"1998-11-03T13:40:01","slug":"droits-congo-kinshasa-proteste-contre-les-allegations-de-massacre-des-tutsis","status":"publish","type":"post","link":"http:\/\/ipsnews.net\/francais\/1998\/11\/03\/droits-congo-kinshasa-proteste-contre-les-allegations-de-massacre-des-tutsis\/","title":{"rendered":"DROITS-CONGO: Kinshasa Proteste Contre les All\u00e9gations De  Massacre Des Tutsis"},"content":{"rendered":"<p>KINSHAS, 3 Nov. (IPS) &#8211; Le gouvernement de Laurent Kabila a<br \/>\n\u00e9nergiquement<br \/>\nprotest\u00e9 vendredi contre le r\u00e9cent rapport des Nations Unis<br \/>\naccusant le<br \/>\nr\u00e9gime congolais de violation massive des droits de l&#39;homme.<\/p>\n<p><!--more--><\/p>\n<p>Selon l&#39;avocat chilien Roberto Garreton, le rapporteur sp\u00e9cial des<br \/>\nNations<br \/>\nUnies dans la r\u00e9gion des Grands Lacs qui a publi\u00e9 ce rapport, les<br \/>\nautorit\u00e9s<br \/>\nde Kinshasa se livreraient \u00e0 une incitation \u00e0 la haine tribale et<br \/>\nproc\u00e9deraient particuli\u00e8rement \u00e0 un nettoyage ethnique des Tutsis<br \/>\ndont une<br \/>\npartie est en r\u00e9bellion contre les autorit\u00e9s de Kinshasa depuis le<br \/>\nmois d&#39;ao\u00fbt.<br \/>\n L\u00e9onard She Okitundu, ministre des Droits Humains du Congo<br \/>\nd\u00e9mocratique, a<br \/>\nconvoqu\u00e9 vendredi dernier le responsable du bureau des droits de<br \/>\nl&#39;homme de<br \/>\nl&#39;ONU \u00e0 Kinshasa, Frej Fenniche, \u00e0 qui il a remis une protestation<br \/>\nofficielle du gouvernement congolais.<br \/>\n &#8220;Nous pr\u00e9sentons une v\u00e9h\u00e9mente protestation sur ce rapport fond\u00e9<br \/>\nsur des<br \/>\nall\u00e9gations mensong\u00e8res et refl\u00e9tant une grande l\u00e9g\u00e8ret\u00e9&#8221;, a dit<br \/>\nle ministre<br \/>\n\u00e0 la presse peu apr\u00e8s sa rencontre avec le fonctionnaire onusien.<br \/>\n &#8220;Nous n&#39;avons rien \u00e0 nous reprocher par rapport \u00e0 la communaut\u00e9<br \/>\ntutsie &#8220;, a<br \/>\nindiqu\u00e9 le ministre She Okitundu avant d&#39;ajouter que &#8221; le Congo a<br \/>\nla<br \/>\nconscience tranquille&#8221;.<br \/>\n A l&#39;en croire, les Tutsis sont prot\u00e9g\u00e9s dans des sites bien<br \/>\nidentifi\u00e9s et ne<br \/>\nsont nullement inqui\u00e9t\u00e9s. &#8220;Nous privil\u00e9gions leur s\u00e9curit\u00e9 malgr\u00e9<br \/>\nle<br \/>\ncontexte de guerre&#8221;, a-t-il rench\u00e9ri.<br \/>\n Selon le ministre She Okitundu, 150 Tutsis seraient gard\u00e9s au camp<br \/>\nmilitaire<br \/>\nKokolo de Kinshasa et plus de 500 autres dans des sites am\u00e9nag\u00e9s<br \/>\n\u00e0<br \/>\nLubumbashi, la capitale de la province du Katanga. D&#39;apr\u00e8s lui,<br \/>\nces hommes<br \/>\nqui ont \u00e9t\u00e9 soustraits \u00e0 la col\u00e8re populaire, re\u00e7oivent<br \/>\nr\u00e9guli\u00e8rement la<br \/>\nvisite des agents du Comit\u00e9 International de la Croix Rouge.<br \/>\n La r\u00e9bellion congolaise a \u00e9clat\u00e9 le 2 ao\u00fbt dernier apr\u00e8s que le<br \/>\npr\u00e9sident<br \/>\nKabila a ordonn\u00e9 le retrait des soldats rwandais de son pays, et<br \/>\ncommenc\u00e9<br \/>\nune campagne de harc\u00e8lement des politiciens d&#39;origine tutsie se<br \/>\ntrouvant au<br \/>\nsein de son gouvernement.<br \/>\n Il avait \u00e9t\u00e9 organis\u00e9 une v\u00e9ritable chasse aux Tutsis dans les<br \/>\nrues de<br \/>\nKinshasa. Des barrages routiers avaient \u00e9t\u00e9 \u00e9rig\u00e9s sur les grandes<br \/>\nart\u00e8res<br \/>\nde la capitale et des fouilles syst\u00e9matiques \u00e9taient men\u00e9es pour<br \/>\nd\u00e9nicher<br \/>\ntoute personne qui ressemblerait \u00e0 un Tutsi.<br \/>\n Plusieurs officiers et responsables Banyamulengu\u00e9s (Tustis du<br \/>\nCongo) avaient<br \/>\naussit\u00f4t rejoint le mouvement rebelle qui s&#39;est plus tard<br \/>\nconstitu\u00e9 en<br \/>\nRassemblement Congolais pour la D\u00e9mocratie(RCD).<br \/>\n Ces responsables Tutsis incluent Bizima Karaha, ancien ministre<br \/>\ndes Affaires<br \/>\n\u00e9trang\u00e8res, Deo Gratias Bugera, ancien ministre d&#39;Etat \u00e0 la<br \/>\npr\u00e9sidence,<br \/>\nMoise Nyarugabo, directeur g\u00e9n\u00e9ral de l&#39;Office des Biens Mal<br \/>\nAcquis et bien<br \/>\nd&#39;autres hauts dignitaires du r\u00e9gime.<br \/>\n Les Banyamulengues sont des Tutsis du Congo, qui se sont<br \/>\ninstall\u00e9s \u00e0 l&#39;Est<br \/>\nde la RDC entre le 18\u00e8me et le 19\u00e8me si\u00e8cle. Ils ont aid\u00e9 Kabila \u00e0<br \/>\nd\u00e9clencher la r\u00e9bellion de sept mois qui a entra\u00een\u00e9 le<br \/>\nrenversement de feu<br \/>\nMobutu Sese Seko qui avait dirig\u00e9 l&#39;ancien Za\u00efre pendant plus de<br \/>\n30 ans.<br \/>\nsous-secr\u00e9taire d&#39;Etat am\u00e9ricain charg\u00e9 des affaires africaines,<br \/>\nSusan<br \/>\nRice, a exprim\u00e9 samedi dernier, lors d&#39;une visite \u00e0 Kinshasa,<br \/>\nl&#39;inqui\u00e9tude<br \/>\nde son pays qui voit se profiler en Afrique centrale &#8220;le spectre<br \/>\nd&#39;un<br \/>\nnouveau g\u00e9nocide&#8221;.<br \/>\n Ces all\u00e9gations avaient d\u00e9j\u00e0 \u00e9t\u00e9 formul\u00e9es par le Rwanda dont les<br \/>\ntroupes<br \/>\ncombattent les autorit\u00e9s de Kinsha, aux c\u00f4t\u00e9s des rebelles,<br \/>\nconjointement<br \/>\navec les troupes ougandaises.<br \/>\n &quot;Nous avons la preuve que Kabila pr\u00e9parait le g\u00e9nocide des Tutsis<br \/>\ndepuis<br \/>\ntr\u00e8s longtemps&quot;, a affirm\u00e9 un haut responsable rwandais. &quot;Il n&#39;y<br \/>\na<br \/>\nabsolument aucun doute \u00e0 ce sujet&quot;.<br \/>\n Selon le gouvernement rwandais, le massacre des Tutsis au Congo<br \/>\ndemeure la<br \/>\ngrande histoire in\u00e9dite de la r\u00e9bellion, qui est constamment<br \/>\nn\u00e9glig\u00e9e par la<br \/>\npresse internationale et les gouvernements \u00e9trangers.<br \/>\n Depuis que les hostilit\u00e9s ont commenc\u00e9 au d\u00e9but du mois d&#39;ao\u00fbt, la<br \/>\npresse<br \/>\nrwandaise est revenue sans cesse sur le th\u00e8me de la pers\u00e9cution<br \/>\ntutsie. Un<br \/>\nr\u00e9cent num\u00e9ro de &#39;New Times&#39;, un journal pro-gouvernemental, a<br \/>\ndonn\u00e9 la<br \/>\npreuve des intentions g\u00e9nocidaires de Kabila en \u00e9crivant en grand<br \/>\ntitre :<br \/>\n&quot;Le g\u00e9nocide de Kabila fait des milliers de morts&quot;, et en<br \/>\nmontrant la<br \/>\nphoto d&#39;un tutsi tortur\u00e9 par un soldat zimbabw\u00e9en.<br \/>\n Les troupes du Zimbabw\u00e9, de l&#39;Angola, du Tchad et de la Namibie<br \/>\nsoutiennent<br \/>\nKabila dans sa lutte contre la r\u00e9bellion tutsie.<br \/>\n Les autorit\u00e9s de Kinshasa ont ni\u00e9 toutes ces all\u00e9gations et<br \/>\nreprochent \u00e0<br \/>\nl&#39;organisation onusienne de faire preuve de partialit\u00e9 dans la<br \/>\nd\u00e9nonciation<br \/>\nde la violation des droits de l&#39;homme. Selon le r\u00e9gime de Kabila,<br \/>\nl&#39;ONU<br \/>\nferme les yeux devant les atrocit\u00e9s commises dans la partie<br \/>\norientale du<br \/>\npays sous contr\u00f4le rebelle.<br \/>\n Des t\u00e9moignages concordants rapportent que les rebelles et leurs<br \/>\nalli\u00e9s<br \/>\nrwandais et ougandais font preuve d&#39;une grande cruaut\u00e9 sur les<br \/>\npopulations<br \/>\nciviles. Les cas de massacres comme celui de Kasita, non loin<br \/>\nd&#39;Uvira, o\u00f9<br \/>\nplus de 300 personnes ont \u00e9t\u00e9 tu\u00e9es, du massacre des officiers<br \/>\ncongolais \u00e0<br \/>\nl&#39;a\u00e9roport de Bukavu, des viols, des tortures, des d\u00e9portations<br \/>\nsont<br \/>\nr\u00e9guli\u00e8rement signal\u00e9s.<br \/>\n Frej Fenniche pour sa part a soutenu que le rapport de Roberto<br \/>\nGarreton<br \/>\nn&#39;engageait pas forc\u00e9ment l&#39;ONU car son statut de rapporteur<br \/>\nsp\u00e9cial lui<br \/>\ngarantissait une certaine ind\u00e9pendance. Il a signifi\u00e9 que les<br \/>\nautorit\u00e9s<br \/>\ncongolaises ont une part de responsabilit\u00e9 dans la mesure o\u00f9 elles<br \/>\nse sont<br \/>\ntoujours oppos\u00e9es \u00e0 la venue de Garreton au pays pour mener des<br \/>\ninvestigations sur le terrain.<br \/>\n Le gouvernement congolais a toujours accus\u00e9 Roberto Garreton de<br \/>\npartialit\u00e9<br \/>\ndans la r\u00e9daction de ses rapports sur la situation des droits de<br \/>\nl&#39;homme au<br \/>\nCongo. L&#39;avocat chilien avait, lors de l&#39;avanc\u00e9e des troupes de<br \/>\nLaurent<br \/>\nKabila vers Kinshasa, r\u00e9v\u00e9l\u00e9 que des centaines de milliers de<br \/>\nr\u00e9fugi\u00e9s hutus<br \/>\nrwandais avaient \u00e9t\u00e9 massacr\u00e9s.<br \/>\n En juin 1997, l&#39;ONU a accus\u00e9 le r\u00e9gime de Laurent Kabila d&#39;avoir<br \/>\nmassacr\u00e9<br \/>\nquelques 200 mille r\u00e9fugi\u00e9s rwandais hutus durant les sept mois de<br \/>\nguerre<br \/>\nqui ont port\u00e9 l&#39;ancien chef rebelle au pouvoir. Une commission<br \/>\nd&#39;enqu\u00eate<br \/>\navait \u00e9t\u00e9 d\u00e9p\u00each\u00e9e en ao\u00fbt de la m\u00eame ann\u00e9e \u00e0 Kinshasa pour faire<br \/>\nla lumi\u00e8re<br \/>\nsur ce massacre qui a largement terni l&#39;image de Kabila.<br \/>\n Le gouvernement de Kinshasa avait r\u00e9fut\u00e9 d&#39;un revers de la main<br \/>\ntoutes ces<br \/>\nall\u00e9gations. Pour lui, il s&#39;agissait d&#39;un complot ourdi par<br \/>\nlepuissances<br \/>\noccidentales &#8211; la France avait \u00e9t\u00e9 clairement index\u00e9e &#8211; oppos\u00e9es \u00e0<br \/>\nl&#39;av\u00e8nement du r\u00e9gime de Kabila.<br \/>\n Mais apr\u00e8s avoir d\u00e9lib\u00e9r\u00e9ment entrav\u00e9 le travail de la commission<br \/>\nd&#39;investigation sur les massacres pr\u00e9sum\u00e9s des r\u00e9fugi\u00e9s hutus,<br \/>\nKabila a<br \/>\nbrusquement chang\u00e9 de discours et reconna\u00eet qu&#39;il y a bien eu<br \/>\nmassacre des<br \/>\nr\u00e9fugi\u00e9s hutus. Il accuse les soldats tutsis d&#39;avoir perp\u00e9tr\u00e9<br \/>\ncette tuerie \u00e0<br \/>\ngrande \u00e9chelle.<br \/>\n &quot;Nous sommes dispos\u00e9s \u00e0 accueillir les enqu\u00eateurs de l&#39;ONU et \u00e0<br \/>\nleur<br \/>\nmontrer les charniers&quot;, avait d\u00e9clar\u00e9 au d\u00e9but de la guerre en<br \/>\nao\u00fbt dernier<br \/>\nPierre-Victor Mpoyo, ministre d&#39;Etat \u00e0 la pr\u00e9sidence de la<br \/>\nr\u00e9publique.<br \/>\n Dominique Sakombi, le conseiller en communication de Laurent<br \/>\nKabila, est<br \/>\nall\u00e9 plus loin. Il a d\u00e9clar\u00e9 devant la presse que le chef de<br \/>\nl&#39;Etat<br \/>\ncongolais \u00e9tait au courant du massacre des r\u00e9fugi\u00e9s hutus.<br \/>\n Pour montrer sa bonne foi, le gouvernement congolais a donn\u00e9 son<br \/>\naccord de<br \/>\nprincipe pour une prochaine visite de Roberto Garreton \u00e0 Kinshasa.<\/p>\n","protected":false},"excerpt":{"rendered":"<p>KINSHAS, 3 Nov. (IPS) &#8211; Le gouvernement de Laurent Kabila a \u00e9nergiquement protest\u00e9 vendredi contre le r\u00e9cent rapport des Nations Unis accusant le r\u00e9gime congolais de violation massive des droits de l&#39;homme.<\/p>\n","protected":false},"author":102,"featured_media":0,"comment_status":"open","ping_status":"open","sticky":false,"template":"","format":"standard","meta":{"footnotes":""},"categories":[5,10,1],"tags":[],"class_list":["post-396","post","type-post","status-publish","format-standard","hentry","category-afrique","category-droits-humains","category-headlines"],"_links":{"self":[{"href":"http:\/\/ipsnews.net\/francais\/wp-json\/wp\/v2\/posts\/396","targetHints":{"allow":["GET"]}}],"collection":[{"href":"http:\/\/ipsnews.net\/francais\/wp-json\/wp\/v2\/posts"}],"about":[{"href":"http:\/\/ipsnews.net\/francais\/wp-json\/wp\/v2\/types\/post"}],"author":[{"embeddable":true,"href":"http:\/\/ipsnews.net\/francais\/wp-json\/wp\/v2\/users\/102"}],"replies":[{"embeddable":true,"href":"http:\/\/ipsnews.net\/francais\/wp-json\/wp\/v2\/comments?post=396"}],"version-history":[{"count":0,"href":"http:\/\/ipsnews.net\/francais\/wp-json\/wp\/v2\/posts\/396\/revisions"}],"wp:attachment":[{"href":"http:\/\/ipsnews.net\/francais\/wp-json\/wp\/v2\/media?parent=396"}],"wp:term":[{"taxonomy":"category","embeddable":true,"href":"http:\/\/ipsnews.net\/francais\/wp-json\/wp\/v2\/categories?post=396"},{"taxonomy":"post_tag","embeddable":true,"href":"http:\/\/ipsnews.net\/francais\/wp-json\/wp\/v2\/tags?post=396"}],"curies":[{"name":"wp","href":"https:\/\/api.w.org\/{rel}","templated":true}]}}