{"id":382,"date":"1998-11-06T13:40:01","date_gmt":"1998-11-06T13:40:01","guid":{"rendered":"http:\/\/ipsnews.net\/francais\/1998\/11\/06\/media-r-d-congo-raid-dans-les-locaux-dun-journal-independant\/"},"modified":"1998-11-06T13:40:01","modified_gmt":"1998-11-06T13:40:01","slug":"media-r-d-congo-raid-dans-les-locaux-dun-journal-independant","status":"publish","type":"post","link":"http:\/\/ipsnews.net\/francais\/1998\/11\/06\/media-r-d-congo-raid-dans-les-locaux-dun-journal-independant\/","title":{"rendered":"MEDIA-R.D.CONGO: Raid Dans Les Locaux D&#39;un Journal Ind\u00e9pendant"},"content":{"rendered":"<p>KINSHAS, 6 Nov. (IPS) &#8211; Le raid men\u00e9 jeudi  par les forces de<br \/>\nl&#39;ordre, dans<br \/>\nla  r\u00e9daction d&#39;un  journal ind\u00e9pendant \u00e0 Kinshasa, la capitale de<br \/>\nla<br \/>\nR\u00e9publique d\u00e9mocratique du Congo(RDC), confirme les exactions<br \/>\nquotidiennes<br \/>\ndont sont victimes les hommes des m\u00e9dias dans ce pays troubl\u00e9 par<br \/>\nune<br \/>\nr\u00e9bellion depuis pr\u00e8s de 3 mois.<\/p>\n<p><!--more--><\/p>\n<p> Les locaux du bihebdomadaire &quot;Le Soft&quot; ont \u00e9t\u00e9 scell\u00e9s<br \/>\njeudi dernier.<br \/>\nLes \u00e9l\u00e9ments de la Police d&#39;Intervention Rapide (PIR) ont fait<br \/>\nirruption<br \/>\ndans la r\u00e9daction de ce journal et ont arr\u00eat\u00e9 tous les<br \/>\njournalistes qui<br \/>\ns&#39;y trouvaient. Les ordinateurs, les scanners, les imprimantes et<br \/>\nm\u00eame les<br \/>\narchives du Soft ont \u00e9t\u00e9 emport\u00e9s.<br \/>\n &quot;Nous ne savons pas ce que l&#39;on nous reproche. Personne ne nous<br \/>\nl&#39;a dit&quot;,<br \/>\na d\u00e9clar\u00e9 \u00e0 IPS, Michel Mukebayi Nkoso, directeur de r\u00e9daction du<br \/>\nSoft.<br \/>\n &quot;Nous sommes des journalistes et nous sommes pr\u00eats \u00e0 assumer nos<br \/>\nfautes si<br \/>\nfautes il y a &#8220;, a-t-il ajout\u00e9 avant de d\u00e9plorer que cette fa\u00e7on<br \/>\nde faire&#8221;<br \/>\nmontre que dans ce pays, on ne peut parler d&#39;un Etat de droit&quot;.<br \/>\n Selon lui, cette arrestation est tout simplement arbitraire. &quot;Si<br \/>\nnous avons<br \/>\npos\u00e9 des actes r\u00e9pr\u00e9hensibles, les personnes l\u00e9s\u00e9es pouvaient nous<br \/>\nd\u00e9f\u00e9rer<br \/>\ndevant la justice. Les autorit\u00e9s judiciaires auraient d\u00fb nous<br \/>\nconvoquer et<br \/>\nnous allions nous justifier &quot;, a fait remarquer Mukebayi.<br \/>\n Les autorit\u00e9s congolaises reprocheraient \u00e0 ce journal la<br \/>\npublication \u00e0 la<br \/>\nune de son \u00e9dition de mardi dernier d&#39;un article intitul\u00e9 :<br \/>\n&quot;l&#39;apocalypse \u00e0<br \/>\nla porte du Congo &quot; et portant comme surtitre &quot;sursum corda pour<br \/>\nla patrie&quot;<br \/>\npour dire la sc\u00e8ne est finie pour la patrie.<br \/>\n Cet article, analysant les d\u00e9clarations du sous-secr\u00e9taire d&#39;Etat<br \/>\nam\u00e9ricain,<br \/>\nSusan Rice, qui a s\u00e9journ\u00e9 \u00e0 Kinshasa la semaine derni\u00e8re,<br \/>\nsoutenait que<br \/>\nLaurent Kabila, le pr\u00e9sident de la RDC, n&#39;a plus, comme<br \/>\nalternative, qu&#39;\u00e0<br \/>\nn\u00e9gocier ou \u00e0 quitter le pouvoir.<br \/>\n L&#39;article faisait allusion aux difficult\u00e9s auxquelles fait face le<br \/>\npouvoir<br \/>\nde Kinshasa qui essaie depuis pr\u00e8s de trois mois de mettre fin \u00e0<br \/>\nune<br \/>\nr\u00e9bellion d&#39;une partie de son arm\u00e9e. La r\u00e9bellion a \u00e9clat\u00e9 le 2<br \/>\nao\u00fbt apr\u00e8s<br \/>\nque Kabila a d\u00e9cid\u00e9 de renvoyer les troupes et instructeurs<br \/>\nmilitaires<br \/>\nrwandais stationn\u00e9s en RDC. Des officiers Tutsis de l&#39;arm\u00e9e, qui<br \/>\nse<br \/>\nsentaient vis\u00e9s, ont pris les armes pour lutter contre Kabila<br \/>\nqu&#39;ils avaient<br \/>\naid\u00e9 \u00e0 renverser le pouvoir dictatorial du d\u00e9funt Mar\u00e9chal Mobutu<br \/>\nSese Seko<br \/>\nen mai 1997.<br \/>\n Kabila a re\u00e7u le renfort militaire des troupes du Zimbabwe, de<br \/>\nl&#39;Angola, de<br \/>\nla Namibie et du Tchad. De son c\u00f4t\u00e9, la r\u00e9bellion serait soutenue<br \/>\npar les<br \/>\ntroupes ougandaises et rwandaises, mais le Rwanda continue de nier<br \/>\ntoute<br \/>\nimplication dans la crise en RDC.<br \/>\n Le journal Le Soft, qui n&#39;est pas all\u00e9 avec le dos de la cuill\u00e8re<br \/>\npour<br \/>\ncritiquer les rebelles et le Pouvoir, \u00e9tait dans le collimateur<br \/>\ndes<br \/>\nautorit\u00e9s congolaises depuis plusieurs mois. Le journal a \u00e9t\u00e9<br \/>\naccus\u00e9 de<br \/>\nfaire le jeu de la r\u00e9bellion.<br \/>\n Certains faits expliqueraient ces all\u00e9gations, selon des<br \/>\nobservateurs.<br \/>\n Le fait que le fondateur du Soft, le journaliste Kin-Kiey Mulumba,<br \/>\ndernier<br \/>\nministre de l&#39;Information du mar\u00e9chal Mobutu qui s&#39;\u00e9tait exil\u00e9 en<br \/>\nBelgique \u00e0<br \/>\nlte du dictateur, ait rejoint les rangs de la r\u00e9bellion o\u00f9 il<br \/>\nexerce<br \/>\nles charges de conseiller en communication, est le principal chef<br \/>\nd&#39;accusation.<br \/>\n Pourtant, les animateurs du journal \u00e0 Kinshasa clament haut et<br \/>\nfort leur<br \/>\nind\u00e9pendance totale. Le journal se d\u00e9fend d&#39;\u00eatre &#8220;ind\u00e9pendant non<br \/>\nseulement<br \/>\nde notre fondateur mais aussi de tout pouvoir aussi bien<br \/>\npolitique,<br \/>\nid\u00e9ologique, financier, \u00e9conomique, culturel et familial&#8221;.<br \/>\n Le Soft, cr\u00e9\u00e9 en 1991, est l&#39;un des rares journaux les plus lus de<br \/>\nKinshasa<br \/>\nqui n&#39;ont pas b\u00e9n\u00e9fici\u00e9 de la dotation pr\u00e9sidentielle d&#39;un million<br \/>\nde<br \/>\ndollars destin\u00e9e \u00e0 aider la presse.<br \/>\n &quot;Il est vrai que Kin-Kiey est le fondateur du Soft. Il a fait son<br \/>\nchoix.<br \/>\nNous avons consenti d&#39;\u00e9normes sacrifices pour que le journal<br \/>\nsurvive. Au<br \/>\nmoment o\u00f9 nous semblons r\u00e9ussir, voil\u00e0 qu&#39;on nous accuse de<br \/>\nconnivence avec<br \/>\nla r\u00e9bellion. Que ceux qui nous accusent apportent les preuves<br \/>\ndans nos<br \/>\n\u00e9crits&quot;, se d\u00e9fend Mukebayi Nkoso.<br \/>\n Dans son exil \u00e0 Bruxelles, Kin-Kiey a fond\u00e9 un nouveau journal,<br \/>\n&quot;Le Soft<br \/>\nInternational&quot;. Le journal de Kinshasa, abandonn\u00e9 \u00e0 lui-m\u00eame, a<br \/>\npu survivre<br \/>\ngr\u00e2ce aux efforts et \u00e0 la t\u00e9nacit\u00e9 de ses r\u00e9dacteurs qui n&#39;ont pas<br \/>\nl\u00e9sin\u00e9 sur<br \/>\nles sacrifices. Une partie du personnel a \u00e9t\u00e9 licenci\u00e9e et le<br \/>\ntirage est<br \/>\npass\u00e9 de 3000 \u00e0 1000 exemplaires par \u00e9dition.<br \/>\n Le malheur du Soft ne vient pas seulement de l&#39;Etat. M\u00eame les<br \/>\njournaux<br \/>\nproches du gouvernement ont jou\u00e9 un r\u00f4le dans sa perte.<br \/>\n&quot;L&#39;avenir&quot;, un<br \/>\njournal proche du gouvernement est carr\u00e9ment all\u00e9 jusqu&#39;\u00e0<br \/>\ndemander son<br \/>\ninterdiction.<br \/>\n &quot;A maintes reprises, des journaux, des confr\u00e8res donc, pas<br \/>\ntoujours bien<br \/>\nintentionn\u00e9s, nous ont trait\u00e9s de mani\u00e8re pas du tout juste.<br \/>\nMalentendu,<br \/>\nmauvaise foi, manifeste intention de nuire, tout cela est possible<br \/>\ndans une<br \/>\nsoci\u00e9t\u00e9 o\u00f9 la vertu est la chose la moins partag\u00e9e et surtout dans<br \/>\nune<br \/>\nprofession o\u00f9 la lucidit\u00e9 n&#39;est pas ambiante et l&#39;obscurantisme<br \/>\nintellectuel<br \/>\n\u00e9vident&quot;, \u00e9crit Le Soft dans un \u00e9ditorial intitul\u00e9 &quot;Ce que nous<br \/>\nsommes&quot;.<br \/>\n &quot;Nous sommes ce que nous sommes et ce que nous disons. Nous avons<br \/>\nle<br \/>\ncourage de nos opinions puisque nous les exprimons. Si nous g\u00eanons<br \/>\nsur le<br \/>\nplan professionnel, cela est la r\u00e8gle de toute soci\u00e9t\u00e9 lib\u00e9rale<br \/>\net<br \/>\nd\u00e9mocratique&#8221;, soutient Le Soft.<br \/>\n Les d\u00e9fenseurs de la libert\u00e9 de la presse ont condamn\u00e9 cette<br \/>\n\u00e9ni\u00e8me<br \/>\natteinte aux droits des journalistes.<br \/>\n Pour Modeste Mutinga, pr\u00e9sident des M\u00e9dias pour la paix, une ONG<br \/>\nde d\u00e9fense<br \/>\nde la libert\u00e9 de la presse, et directeur du quotidien &quot;Le<br \/>\nPotentiel&quot;, ces<br \/>\narrestations se sont faites &quot;d&#39;une mani\u00e8re extral\u00e9gale&quot;.<br \/>\n &quot;Je pense que l&#39;on devrait se r\u00e9f\u00e9rer \u00e0 la loi du 22 juin 1995<br \/>\nc&#39;est-\u00e0-dire<br \/>\nsuivre la proc\u00e9dure l\u00e9gale avant de prendre une d\u00e9cision&quot;, a-t-il<br \/>\ndit.<br \/>\n Conform\u00e9ment \u00e0 cette loi, seuls les tribunaux sont comp\u00e9tents pour<br \/>\nordonner<br \/>\nl&#39;arrestation des journalistes et la saisie des biens d&#39;une<br \/>\nentreprise de<br \/>\npresse.<br \/>\n Jusqu&#39;\u00e0 ce jour, cinq journalistes croupissent dans les ge\u00f4les du<br \/>\npouvoir.<br \/>\nLe plus ancien de ces d\u00e9tenus est Bosange Yema, le directeur du<br \/>\njournal<br \/>\nL&#39;Alarme. Arr\u00eat\u00e9 en f\u00e9vrier dernier, il a \u00e9t\u00e9 condamn\u00e9 \u00e0 un an de<br \/>\nprison<br \/>\npour avoir publi\u00e9 la d\u00e9claration d&#39;un parti politique.<br \/>\n D&#39;autres d\u00e9tenus incluent Gustave Kalenga, directeur du journal<br \/>\n&quot;La Flamme<br \/>\ndu Congo&quot; qui a \u00e9t\u00e9 arr\u00eat\u00e9 le 3 novembre dernier peu apr\u00e8s<br \/>\nl&#39;arrestation<br \/>\non r\u00e9dacteur en chef pour avoir publi\u00e9 un papier mettant en cause<br \/>\nle<br \/>\ndirecteur de cabinet de Laurent Kabila.<\/p>\n","protected":false},"excerpt":{"rendered":"<p>KINSHAS, 6 Nov. (IPS) &#8211; Le raid men\u00e9 jeudi par les forces de l&#39;ordre, dans la r\u00e9daction d&#39;un journal ind\u00e9pendant \u00e0 Kinshasa, la capitale de la R\u00e9publique d\u00e9mocratique du Congo(RDC), confirme les exactions quotidiennes dont sont victimes les hommes des&hellip; <a href=\"http:\/\/ipsnews.net\/francais\/1998\/11\/06\/media-r-d-congo-raid-dans-les-locaux-dun-journal-independant\/\" class=\"more-link\">Continue Reading <span class=\"meta-nav\">&rarr;<\/span><\/a><\/p>\n","protected":false},"author":119,"featured_media":0,"comment_status":"open","ping_status":"open","sticky":false,"template":"","format":"standard","meta":{"footnotes":""},"categories":[5,13,1],"tags":[],"class_list":["post-382","post","type-post","status-publish","format-standard","hentry","category-afrique","category-culture-religion-sport","category-headlines"],"_links":{"self":[{"href":"http:\/\/ipsnews.net\/francais\/wp-json\/wp\/v2\/posts\/382","targetHints":{"allow":["GET"]}}],"collection":[{"href":"http:\/\/ipsnews.net\/francais\/wp-json\/wp\/v2\/posts"}],"about":[{"href":"http:\/\/ipsnews.net\/francais\/wp-json\/wp\/v2\/types\/post"}],"author":[{"embeddable":true,"href":"http:\/\/ipsnews.net\/francais\/wp-json\/wp\/v2\/users\/119"}],"replies":[{"embeddable":true,"href":"http:\/\/ipsnews.net\/francais\/wp-json\/wp\/v2\/comments?post=382"}],"version-history":[{"count":0,"href":"http:\/\/ipsnews.net\/francais\/wp-json\/wp\/v2\/posts\/382\/revisions"}],"wp:attachment":[{"href":"http:\/\/ipsnews.net\/francais\/wp-json\/wp\/v2\/media?parent=382"}],"wp:term":[{"taxonomy":"category","embeddable":true,"href":"http:\/\/ipsnews.net\/francais\/wp-json\/wp\/v2\/categories?post=382"},{"taxonomy":"post_tag","embeddable":true,"href":"http:\/\/ipsnews.net\/francais\/wp-json\/wp\/v2\/tags?post=382"}],"curies":[{"name":"wp","href":"https:\/\/api.w.org\/{rel}","templated":true}]}}